{"id":10206,"date":"2019-08-26T17:44:37","date_gmt":"2019-08-26T16:44:37","guid":{"rendered":"https:\/\/www.aphyllanthe.fr\/association\/?p=10206"},"modified":"2019-08-26T17:44:37","modified_gmt":"2019-08-26T16:44:37","slug":"lettre-de-laphyllanthe-automne-2019","status":"publish","type":"post","link":"https:\/\/www.aphyllanthe.fr\/association\/lettre-de-laphyllanthe-automne-2019\/","title":{"rendered":"Lettre de l&rsquo;Aphyllanthe &#8211; automne 2019"},"content":{"rendered":"<p><img loading=\"lazy\" decoding=\"async\" src=\"https:\/\/www.aphyllanthe.fr\/association\/wp-content\/uploads\/2019\/08\/couverture-lettre-09-2019-150x150.jpg\" alt=\"\" width=\"150\" height=\"150\" class=\"alignleft size-thumbnail wp-image-10203\" \/>La lettre de l&rsquo;Aphyllanthe de m\u00eame que l&rsquo;insert livres et recette viennent de paraitre.  Sur papier ces publications seront distribu\u00e9es dans les bo\u00eetes aux lettres d&rsquo;Aigaliers, de Foissac et de Baron d&rsquo;ici quelques jours. En attendant vous pouvez les consulter via les liens dans la barre lat\u00e9rale gauche de ce site. <\/p>\n","protected":false},"excerpt":{"rendered":"<p>La lettre de l&rsquo;Aphyllanthe de m\u00eame que l&rsquo;insert livres et recette viennent de paraitre. Sur papier ces publications seront distribu\u00e9es dans les bo\u00eetes aux lettres d&rsquo;Aigaliers, de Foissac et de Baron d&rsquo;ici quelques jours. En attendant vous pouvez les consulter via les liens dans la barre lat\u00e9rale gauche de ce site.<\/p>\n","protected":false},"author":1,"featured_media":0,"comment_status":"closed","ping_status":"closed","sticky":false,"template":"","format":"standard","meta":{"footnotes":""},"categories":[4],"tags":[],"class_list":["post-10206","post","type-post","status-publish","format-standard","hentry","category-annonce"],"_links":{"self":[{"href":"https:\/\/www.aphyllanthe.fr\/association\/wp-json\/wp\/v2\/posts\/10206","targetHints":{"allow":["GET"]}}],"collection":[{"href":"https:\/\/www.aphyllanthe.fr\/association\/wp-json\/wp\/v2\/posts"}],"about":[{"href":"https:\/\/www.aphyllanthe.fr\/association\/wp-json\/wp\/v2\/types\/post"}],"author":[{"embeddable":true,"href":"https:\/\/www.aphyllanthe.fr\/association\/wp-json\/wp\/v2\/users\/1"}],"replies":[{"embeddable":true,"href":"https:\/\/www.aphyllanthe.fr\/association\/wp-json\/wp\/v2\/comments?post=10206"}],"version-history":[{"count":0,"href":"https:\/\/www.aphyllanthe.fr\/association\/wp-json\/wp\/v2\/posts\/10206\/revisions"}],"wp:attachment":[{"href":"https:\/\/www.aphyllanthe.fr\/association\/wp-json\/wp\/v2\/media?parent=10206"}],"wp:term":[{"taxonomy":"category","embeddable":true,"href":"https:\/\/www.aphyllanthe.fr\/association\/wp-json\/wp\/v2\/categories?post=10206"},{"taxonomy":"post_tag","embeddable":true,"href":"https:\/\/www.aphyllanthe.fr\/association\/wp-json\/wp\/v2\/tags?post=10206"}],"curies":[{"name":"wp","href":"https:\/\/api.w.org\/{rel}","templated":true}]}}