{"id":10210,"date":"2019-08-29T12:31:03","date_gmt":"2019-08-29T11:31:03","guid":{"rendered":"https:\/\/www.aphyllanthe.fr\/association\/?p=10210"},"modified":"2024-03-29T11:20:15","modified_gmt":"2024-03-29T10:20:15","slug":"journee-des-inscriptions-le-7-septembre-16h-a-19h","status":"publish","type":"post","link":"https:\/\/www.aphyllanthe.fr\/association\/journee-des-inscriptions-le-7-septembre-16h-a-19h\/","title":{"rendered":"Journ\u00e9e des Inscriptions le 7 septembre 16h \u00e0 19h"},"content":{"rendered":"<p><figure id=\"attachment_9949\" aria-describedby=\"caption-attachment-9949\" style=\"width: 300px\" class=\"wp-caption alignleft\"><img loading=\"lazy\" decoding=\"async\" src=\"https:\/\/www.aphyllanthe.fr\/association\/wp-content\/uploads\/2019\/06\/nouvelle-mairie-bibliotheque-01-300x182.jpg\" alt=\"\" width=\"300\" height=\"182\" class=\"size-medium wp-image-9949\" srcset=\"https:\/\/www.aphyllanthe.fr\/association\/wp-content\/uploads\/2019\/06\/nouvelle-mairie-bibliotheque-01-300x182.jpg 300w, https:\/\/www.aphyllanthe.fr\/association\/wp-content\/uploads\/2019\/06\/nouvelle-mairie-bibliotheque-01-768x465.jpg 768w, https:\/\/www.aphyllanthe.fr\/association\/wp-content\/uploads\/2019\/06\/nouvelle-mairie-bibliotheque-01-1024x620.jpg 1024w, https:\/\/www.aphyllanthe.fr\/association\/wp-content\/uploads\/2019\/06\/nouvelle-mairie-bibliotheque-01-1320x799.jpg 1320w, https:\/\/www.aphyllanthe.fr\/association\/wp-content\/uploads\/2019\/06\/nouvelle-mairie-bibliotheque-01.jpg 1785w\" sizes=\"auto, (max-width: 300px) 100vw, 300px\" \/><figcaption id=\"caption-attachment-9949\" class=\"wp-caption-text\">la biblioth\u00e8que<\/figcaption><\/figure>La rentr\u00e9e est d\u00e9j\u00e0 l\u00e0.  Ne manquez pas la journ\u00e9e des inscriptions de l&rsquo;Aphyllanthe <strong>le 7 septembre 2019 de 16 \u00e0 19 h \u00e0 la biblioth\u00e8que d&rsquo;Aigaliers<\/strong> (280 Route St\u00e9phane Hessel, B\u00e2timent Mairie, 1er \u00e9tage). <\/p>\n<p>L&rsquo;Association a annonc\u00e9 un programme d\u2019activit\u00e9s hebdomadaires et <a href=\"https:\/\/www.aphyllanthe.fr\/association\/pdf\/lettres\/lettre-09-2019.pdf\" rel=\"noopener noreferrer\" target=\"_blank\">ponctuelles<\/a> tr\u00e8s \u00e9toff\u00e9 pour cette nouvelle saison et nous avons plein d\u2019id\u00e9es pour d&rsquo;autres initiatives dans les mois \u00e0 venir. De plus, nous \u00e9voluons \u00e0 pr\u00e9sent dans de nouveaux locaux, notamment la biblioth\u00e8que qui est tr\u00e8s spacieuse et dont l&rsquo;acc\u00e8s peut se faire par ascenseur. En somme :<\/p>\n<h4 style=\"text-align: center\">Beaucoup de choses pour plaire aux adh\u00e9rents<\/h4>\n<p><figure id=\"attachment_2384\" aria-describedby=\"caption-attachment-2384\" style=\"width: 176px\" class=\"wp-caption alignright\"><img loading=\"lazy\" decoding=\"async\" src=\"https:\/\/www.aphyllanthe.fr\/association\/wp-content\/uploads\/2014\/12\/Inscription.jpeg\" alt=\"\" width=\"176\" height=\"120\" class=\"size-full wp-image-2384\" \/><figcaption id=\"caption-attachment-2384\" class=\"wp-caption-text\">inscriptions le 7 septembre<\/figcaption><\/figure>Venez : <\/p>\n<ul>\n<li>vous inscrire <\/li>\n<li>nous parler de vos envies <\/li>\n<li>nous proposer votre projet de partage de savoirs<\/li>\n<li>visiter la nouvelle biblioth\u00e8que<\/li>\n<li>demander votre carte de lecteur\/lectrice de la biblioth\u00e8que en r\u00e9seau<\/li>\n<li>emprunter un livre<\/li>\n<li>rencontrer les animateurs et animatrices<\/li>\n<li>discuter et prendre un verre de l\u2019amiti\u00e9 avec les responsables et les b\u00e9n\u00e9voles de l&rsquo;Association <\/li>\n<li>devenir b\u00e9n\u00e9vole vous-m\u00eame.<\/li>\n<\/ul>\n","protected":false},"excerpt":{"rendered":"<p>La rentr\u00e9e est d\u00e9j\u00e0 l\u00e0. Ne manquez pas la journ\u00e9e des inscriptions de l&rsquo;Aphyllanthe le 7 septembre 2019 de 16 \u00e0 19 h \u00e0 la biblioth\u00e8que d&rsquo;Aigaliers (280 Route St\u00e9phane Hessel, B\u00e2timent Mairie, 1er \u00e9tage). L&rsquo;Association a annonc\u00e9 un programme d\u2019activit\u00e9s hebdomadaires et ponctuelles tr\u00e8s \u00e9toff\u00e9 pour cette nouvelle saison et nous avons plein d\u2019id\u00e9es &hellip; <a href=\"https:\/\/www.aphyllanthe.fr\/association\/journee-des-inscriptions-le-7-septembre-16h-a-19h\/\" class=\"more-link\">Continuer la lecture de <span class=\"screen-reader-text\">Journ\u00e9e des Inscriptions le 7 septembre 16h \u00e0 19h<\/span>  <span class=\"meta-nav\">&rarr;<\/span><\/a><\/p>\n","protected":false},"author":1,"featured_media":0,"comment_status":"closed","ping_status":"closed","sticky":false,"template":"","format":"standard","meta":{"footnotes":""},"categories":[4],"tags":[],"class_list":["post-10210","post","type-post","status-publish","format-standard","hentry","category-annonce"],"_links":{"self":[{"href":"https:\/\/www.aphyllanthe.fr\/association\/wp-json\/wp\/v2\/posts\/10210","targetHints":{"allow":["GET"]}}],"collection":[{"href":"https:\/\/www.aphyllanthe.fr\/association\/wp-json\/wp\/v2\/posts"}],"about":[{"href":"https:\/\/www.aphyllanthe.fr\/association\/wp-json\/wp\/v2\/types\/post"}],"author":[{"embeddable":true,"href":"https:\/\/www.aphyllanthe.fr\/association\/wp-json\/wp\/v2\/users\/1"}],"replies":[{"embeddable":true,"href":"https:\/\/www.aphyllanthe.fr\/association\/wp-json\/wp\/v2\/comments?post=10210"}],"version-history":[{"count":1,"href":"https:\/\/www.aphyllanthe.fr\/association\/wp-json\/wp\/v2\/posts\/10210\/revisions"}],"predecessor-version":[{"id":21231,"href":"https:\/\/www.aphyllanthe.fr\/association\/wp-json\/wp\/v2\/posts\/10210\/revisions\/21231"}],"wp:attachment":[{"href":"https:\/\/www.aphyllanthe.fr\/association\/wp-json\/wp\/v2\/media?parent=10210"}],"wp:term":[{"taxonomy":"category","embeddable":true,"href":"https:\/\/www.aphyllanthe.fr\/association\/wp-json\/wp\/v2\/categories?post=10210"},{"taxonomy":"post_tag","embeddable":true,"href":"https:\/\/www.aphyllanthe.fr\/association\/wp-json\/wp\/v2\/tags?post=10210"}],"curies":[{"name":"wp","href":"https:\/\/api.w.org\/{rel}","templated":true}]}}