{"id":10311,"date":"2019-09-19T13:37:07","date_gmt":"2019-09-19T12:37:07","guid":{"rendered":"https:\/\/www.aphyllanthe.fr\/association\/?p=10311"},"modified":"2019-10-28T11:20:04","modified_gmt":"2019-10-28T10:20:04","slug":"atelier-rythme-corps-voix","status":"publish","type":"post","link":"https:\/\/www.aphyllanthe.fr\/association\/atelier-rythme-corps-voix\/","title":{"rendered":"Atelier rythme, corps, voix"},"content":{"rendered":"<p><figure id=\"attachment_10313\" aria-describedby=\"caption-attachment-10313\" style=\"width: 300px\" class=\"wp-caption alignleft\"><img loading=\"lazy\" decoding=\"async\" src=\"https:\/\/www.aphyllanthe.fr\/association\/wp-content\/uploads\/2019\/09\/photo-delplace-300x203.jpg\" alt=\"Fabien Delplace, artiste chanteur\" width=\"300\" height=\"203\" class=\"size-medium wp-image-10313\" srcset=\"https:\/\/www.aphyllanthe.fr\/association\/wp-content\/uploads\/2019\/09\/photo-delplace-300x203.jpg 300w, https:\/\/www.aphyllanthe.fr\/association\/wp-content\/uploads\/2019\/09\/photo-delplace-768x518.jpg 768w, https:\/\/www.aphyllanthe.fr\/association\/wp-content\/uploads\/2019\/09\/photo-delplace-1024x691.jpg 1024w, https:\/\/www.aphyllanthe.fr\/association\/wp-content\/uploads\/2019\/09\/photo-delplace-1320x891.jpg 1320w, https:\/\/www.aphyllanthe.fr\/association\/wp-content\/uploads\/2019\/09\/photo-delplace.jpg 1677w\" sizes=\"auto, (max-width: 300px) 100vw, 300px\" \/><figcaption id=\"caption-attachment-10313\" class=\"wp-caption-text\">Fabien Delplace, artiste chanteur<\/figcaption><\/figure>L&rsquo;Aphyllanthe annonce une s\u00e9rie d&rsquo;ateliers <em><strong>rythme, corps et voix<\/strong><\/em> pour les enfants pr\u00e9sent\u00e9s par Fabien Delplace, qui en anime r\u00e9guli\u00e8rement \u00e0 Paris et ailleurs en France. Fabien est artiste chanteur, guitariste et compositeur form\u00e9 \u00e0 l&rsquo;\u00e9cole pluridisciplinaire <em>Racines des Arts<\/em> \u00e0 Paris et professeur de musique (chant, guitare et cr\u00e9ation musicale).  <\/p>\n<p>Dans ses ateliers il aborde\u00a0: <\/p>\n<ul>\n<li>le d\u00e9veloppement de la musicalit\u00e9 \u00e0 travers une m\u00e9thode rythmique simple,<\/li>\n<li>des exercices rythmiques chant\u00e9s, parl\u00e9s et corporels,<\/li>\n<li>l\u2019apprentissage du rythme dans un groupe.<\/li>\n<\/ul>\n<p>Ces ateliers permettront aux enfants de d\u00e9couvrir un nouveau moyen d\u2019expression et leur donneront envie d\u2019aller plus loin dans l\u2019expression artistique.<br \/>\n<!--more--><\/p>\n<p>L&rsquo;Association propose 4 ateliers en octobre comme suit :<\/p>\n<p><strong>Mercredi 2 octobre<\/strong><\/p>\n<ul>\n<li>10-11h : pour enfants de 6 \u00e0 8 ans<\/li>\n<li>11-12h : pour enfants de 9 \u00e0 11 ans<\/li>\n<\/ul>\n<p><strong>Mercredi 16 octobre<\/strong><\/p>\n<ul>\n<li>10-11h : pour enfants de 6 \u00e0 8 ans<\/li>\n<li>11-12h : pour enfants de 9 \u00e0 11 ans<\/li>\n<\/ul>\n<p><strong>Lieu<\/strong> : la nouvelle biblioth\u00e8que d&rsquo;Aigaliers (1er \u00e9tage, Mairie d&rsquo;Aigaliers, 280 route St\u00e9phane Hessel, 30700 Aigaliers)<br \/>\n<strong>Tarif (par atelier d&rsquo;une heure)<\/strong> : adh\u00e9rents 12 \u20ac ; non-adh\u00e9rents 15 \u20ac<br \/>\n<strong>Inscriptions<\/strong> : obligatoires aupr\u00e8s de notre secr\u00e9tariat. (Contacter l&rsquo;accueil au 04 66 22 10 20 aux <a href=\"\/association\/accueil\/\" rel=\"noopener noreferrer\" target=\"_blank\">heures d&rsquo;ouverture<\/a>.)<\/p>\n<p>Si ces ateliers plaisent aux participants, l&rsquo;Aphyllanthe envisagera de les proposer r\u00e9guli\u00e8rement (par exemple, une fois par mois). <\/p>\n","protected":false},"excerpt":{"rendered":"<p>L&rsquo;Aphyllanthe annonce une s\u00e9rie d&rsquo;ateliers rythme, corps et voix pour les enfants pr\u00e9sent\u00e9s par Fabien Delplace, qui en anime r\u00e9guli\u00e8rement \u00e0 Paris et ailleurs en France. Fabien est artiste chanteur, guitariste et compositeur form\u00e9 \u00e0 l&rsquo;\u00e9cole pluridisciplinaire Racines des Arts \u00e0 Paris et professeur de musique (chant, guitare et cr\u00e9ation musicale). Dans ses ateliers il &hellip; <a href=\"https:\/\/www.aphyllanthe.fr\/association\/atelier-rythme-corps-voix\/\" class=\"more-link\">Continuer la lecture de <span class=\"screen-reader-text\">Atelier rythme, corps, voix<\/span>  <span class=\"meta-nav\">&rarr;<\/span><\/a><\/p>\n","protected":false},"author":1,"featured_media":10313,"comment_status":"closed","ping_status":"closed","sticky":false,"template":"","format":"standard","meta":{"footnotes":""},"categories":[4,117],"tags":[],"class_list":["post-10311","post","type-post","status-publish","format-standard","has-post-thumbnail","hentry","category-annonce","category-familles-et-enfants"],"_links":{"self":[{"href":"https:\/\/www.aphyllanthe.fr\/association\/wp-json\/wp\/v2\/posts\/10311","targetHints":{"allow":["GET"]}}],"collection":[{"href":"https:\/\/www.aphyllanthe.fr\/association\/wp-json\/wp\/v2\/posts"}],"about":[{"href":"https:\/\/www.aphyllanthe.fr\/association\/wp-json\/wp\/v2\/types\/post"}],"author":[{"embeddable":true,"href":"https:\/\/www.aphyllanthe.fr\/association\/wp-json\/wp\/v2\/users\/1"}],"replies":[{"embeddable":true,"href":"https:\/\/www.aphyllanthe.fr\/association\/wp-json\/wp\/v2\/comments?post=10311"}],"version-history":[{"count":0,"href":"https:\/\/www.aphyllanthe.fr\/association\/wp-json\/wp\/v2\/posts\/10311\/revisions"}],"wp:featuredmedia":[{"embeddable":true,"href":"https:\/\/www.aphyllanthe.fr\/association\/wp-json\/wp\/v2\/media\/10313"}],"wp:attachment":[{"href":"https:\/\/www.aphyllanthe.fr\/association\/wp-json\/wp\/v2\/media?parent=10311"}],"wp:term":[{"taxonomy":"category","embeddable":true,"href":"https:\/\/www.aphyllanthe.fr\/association\/wp-json\/wp\/v2\/categories?post=10311"},{"taxonomy":"post_tag","embeddable":true,"href":"https:\/\/www.aphyllanthe.fr\/association\/wp-json\/wp\/v2\/tags?post=10311"}],"curies":[{"name":"wp","href":"https:\/\/api.w.org\/{rel}","templated":true}]}}