{"id":10376,"date":"2019-09-22T15:57:46","date_gmt":"2019-09-22T14:57:46","guid":{"rendered":"https:\/\/www.aphyllanthe.fr\/association\/?p=10376"},"modified":"2024-03-29T11:19:05","modified_gmt":"2024-03-29T10:19:05","slug":"reprise-des-activites-a-laphyllanthe","status":"publish","type":"post","link":"https:\/\/www.aphyllanthe.fr\/association\/reprise-des-activites-a-laphyllanthe\/","title":{"rendered":"Reprise des activit\u00e9s \u00e0 l&rsquo;Aphyllanthe"},"content":{"rendered":"<p>\u00c7a y est !  La nouvelle saison des activit\u00e9s hebdomadaires d\u00e9marre pour de vrai. <\/p>\n<p><img loading=\"lazy\" decoding=\"async\" src=\"https:\/\/www.aphyllanthe.fr\/association\/wp-content\/uploads\/2019\/09\/2019-09-groupe-rando.jpg\" alt=\"\" width=\"1920\" height=\"323\" class=\"aligncenter size-full wp-image-10371\" srcset=\"https:\/\/www.aphyllanthe.fr\/association\/wp-content\/uploads\/2019\/09\/2019-09-groupe-rando.jpg 1920w, https:\/\/www.aphyllanthe.fr\/association\/wp-content\/uploads\/2019\/09\/2019-09-groupe-rando-300x50.jpg 300w, https:\/\/www.aphyllanthe.fr\/association\/wp-content\/uploads\/2019\/09\/2019-09-groupe-rando-768x129.jpg 768w, https:\/\/www.aphyllanthe.fr\/association\/wp-content\/uploads\/2019\/09\/2019-09-groupe-rando-1024x172.jpg 1024w, https:\/\/www.aphyllanthe.fr\/association\/wp-content\/uploads\/2019\/09\/2019-09-groupe-rando-1320x222.jpg 1320w\" sizes=\"auto, (max-width: 1920px) 100vw, 1920px\" \/><\/p>\n<p>Nos activit\u00e9s auront lieu dans la nouvelle biblioth\u00e8que\/atelier au 1er \u00e9tage de la Mairie d&rsquo;Aigaliers et dans la Salle Andr\u00e9 Meynier (foyer). Certaines activit\u00e9s (le caf\u00e9 tricot, la couture et la randonn\u00e9e, le cercle des lectrices) ont d\u00e9j\u00e0 repris. Par contre cette semaine on a la gym (4 cours diff\u00e9rents), le pilates, le yoga, l&rsquo;\u00e9veil musical, les ateliers de th\u00e9\u00e2tre et l&rsquo;atelier des arts plastiques. Seul l&rsquo;atelier de poterie est report\u00e9 et commencera le mercredi 2 octobre. <\/p>\n<div style=\"margin:auto;\">\n<h4 style=\"text-align:center;\">Ne tardez pas.<\/h4>\n<\/p><\/div>\n<p><strong>Certaines de ces activit\u00e9s sont nouvelles \u00e0 l&rsquo;Aphyllanthe et il reste des places, mais cela ne va pas durer.<br \/>\nMerci aussi de noter que l&rsquo;Aphyllanthe est de retour dans la biblioth\u00e8que d&rsquo;Aigaliers au 1er \u00e9tage de la mairie.<\/strong><\/p>\n","protected":false},"excerpt":{"rendered":"<p>\u00c7a y est ! La nouvelle saison des activit\u00e9s hebdomadaires d\u00e9marre pour de vrai. Nos activit\u00e9s auront lieu dans la nouvelle biblioth\u00e8que\/atelier au 1er \u00e9tage de la Mairie d&rsquo;Aigaliers et dans la Salle Andr\u00e9 Meynier (foyer). Certaines activit\u00e9s (le caf\u00e9 tricot, la couture et la randonn\u00e9e, le cercle des lectrices) ont d\u00e9j\u00e0 repris. Par contre &hellip; <a href=\"https:\/\/www.aphyllanthe.fr\/association\/reprise-des-activites-a-laphyllanthe\/\" class=\"more-link\">Continuer la lecture de <span class=\"screen-reader-text\">Reprise des activit\u00e9s \u00e0 l&rsquo;Aphyllanthe<\/span>  <span class=\"meta-nav\">&rarr;<\/span><\/a><\/p>\n","protected":false},"author":1,"featured_media":10359,"comment_status":"closed","ping_status":"closed","sticky":false,"template":"","format":"standard","meta":{"footnotes":""},"categories":[4],"tags":[],"class_list":["post-10376","post","type-post","status-publish","format-standard","has-post-thumbnail","hentry","category-annonce"],"_links":{"self":[{"href":"https:\/\/www.aphyllanthe.fr\/association\/wp-json\/wp\/v2\/posts\/10376","targetHints":{"allow":["GET"]}}],"collection":[{"href":"https:\/\/www.aphyllanthe.fr\/association\/wp-json\/wp\/v2\/posts"}],"about":[{"href":"https:\/\/www.aphyllanthe.fr\/association\/wp-json\/wp\/v2\/types\/post"}],"author":[{"embeddable":true,"href":"https:\/\/www.aphyllanthe.fr\/association\/wp-json\/wp\/v2\/users\/1"}],"replies":[{"embeddable":true,"href":"https:\/\/www.aphyllanthe.fr\/association\/wp-json\/wp\/v2\/comments?post=10376"}],"version-history":[{"count":1,"href":"https:\/\/www.aphyllanthe.fr\/association\/wp-json\/wp\/v2\/posts\/10376\/revisions"}],"predecessor-version":[{"id":21230,"href":"https:\/\/www.aphyllanthe.fr\/association\/wp-json\/wp\/v2\/posts\/10376\/revisions\/21230"}],"wp:featuredmedia":[{"embeddable":true,"href":"https:\/\/www.aphyllanthe.fr\/association\/wp-json\/wp\/v2\/media\/10359"}],"wp:attachment":[{"href":"https:\/\/www.aphyllanthe.fr\/association\/wp-json\/wp\/v2\/media?parent=10376"}],"wp:term":[{"taxonomy":"category","embeddable":true,"href":"https:\/\/www.aphyllanthe.fr\/association\/wp-json\/wp\/v2\/categories?post=10376"},{"taxonomy":"post_tag","embeddable":true,"href":"https:\/\/www.aphyllanthe.fr\/association\/wp-json\/wp\/v2\/tags?post=10376"}],"curies":[{"name":"wp","href":"https:\/\/api.w.org\/{rel}","templated":true}]}}