{"id":1076,"date":"2015-02-10T21:24:28","date_gmt":"2015-02-10T20:24:28","guid":{"rendered":"http:\/\/www.aphyllanthe.fr\/association\/?p=1076"},"modified":"2015-03-16T21:01:27","modified_gmt":"2015-03-16T20:01:27","slug":"programme-pour-les-vacances-scolaires-de-fevrier-2015","status":"publish","type":"post","link":"https:\/\/www.aphyllanthe.fr\/association\/programme-pour-les-vacances-scolaires-de-fevrier-2015\/","title":{"rendered":"Programme pour les vacances scolaires de f\u00e9vrier 2015"},"content":{"rendered":"<figure id=\"attachment_1079\" aria-describedby=\"caption-attachment-1079\" style=\"width: 180px\" class=\"wp-caption alignleft\"><a href=\"http:\/\/www.aphyllanthe.fr\/association\/wp-content\/uploads\/2015\/02\/chin2.jpg\"><img loading=\"lazy\" decoding=\"async\" class=\"size-medium wp-image-1079\" src=\"http:\/\/www.aphyllanthe.fr\/association\/wp-content\/uploads\/2015\/02\/chin2-258x300.jpg\" alt=\"lanternes chinoises\" width=\"180\" height=\"210\" srcset=\"https:\/\/www.aphyllanthe.fr\/association\/wp-content\/uploads\/2015\/02\/chin2-258x300.jpg 258w, https:\/\/www.aphyllanthe.fr\/association\/wp-content\/uploads\/2015\/02\/chin2.jpg 545w\" sizes=\"auto, (max-width: 180px) 100vw, 180px\" \/><\/a><figcaption id=\"caption-attachment-1079\" class=\"wp-caption-text\">lanternes chinoises<\/figcaption><\/figure>\n<p><strong>Samedi 14 f\u00e9vrier, lundi 16 f\u00e9vrier, mardi 17 f\u00e9vrier (toujours de 15h00 \u00e0 17h00)<\/strong><br \/>\n\u00ab\u00a0Cr\u00e9er en s&rsquo;amusant sans se prendre la t\u00eate !\u00a0\u00bb Ateliers pour enfants (\u00e0 partir de 6 ans) et parents, anim\u00e9s par Th\u00e9r\u00e8se Martin dans la salle d\u2019atelier de la biblioth\u00e8que d\u2019Aigaliers. Tarifs : adh\u00e9rent : 2 \u20ac pour un atelier ou 5 \u20ac pour les 3 ateliers ; non-adh\u00e9rent : 4 \u20ac pour un atelier ou 10 \u20ac pour les 3 ateliers.<\/p>\n<div style=\"clear: left;\"><\/div>\n<figure id=\"attachment_1070\" aria-describedby=\"caption-attachment-1070\" style=\"width: 134px\" class=\"wp-caption alignright\"><a href=\"http:\/\/www.aphyllanthe.fr\/association\/wp-content\/uploads\/2015\/02\/Bob-l\u00e9ponge-Le-film-Un-h\u00e9ros-sort-de-leau-Affiche.jpg\"><img loading=\"lazy\" decoding=\"async\" class=\"size-medium wp-image-1070\" src=\"http:\/\/www.aphyllanthe.fr\/association\/wp-content\/uploads\/2015\/02\/Bob-l\u00e9ponge-Le-film-Un-h\u00e9ros-sort-de-leau-Affiche-192x300.jpg\" alt=\"Bob-l\u00e9ponge-Le-film\" width=\"134\" height=\"210\" srcset=\"https:\/\/www.aphyllanthe.fr\/association\/wp-content\/uploads\/2015\/02\/Bob-l\u00e9ponge-Le-film-Un-h\u00e9ros-sort-de-leau-Affiche-192x300.jpg 192w, https:\/\/www.aphyllanthe.fr\/association\/wp-content\/uploads\/2015\/02\/Bob-l\u00e9ponge-Le-film-Un-h\u00e9ros-sort-de-leau-Affiche.jpg 307w\" sizes=\"auto, (max-width: 134px) 100vw, 134px\" \/><\/a><figcaption id=\"caption-attachment-1070\" class=\"wp-caption-text\">affiche du film<\/figcaption><\/figure>\n<p><strong>Mercredi 18 f\u00e9vrier \u00e0 partir de 15h30<\/strong><br \/>\nSortie au cin\u00e9ma d&rsquo;Uz\u00e8s. Les films propos\u00e9s pour les plus jeunes seront\u00a0 <strong>\u00ab\u00a0Les Nouveaux H\u00e9ros\u00a0\u00bb<\/strong>, ou <strong>\u00ab\u00a0Bob l\u2019\u00c9ponge\u00a0\u00bb<\/strong> et, pour les plus \u00e2g\u00e9s, ce sera <strong>\u00ab\u00a0La Nuit au Mus\u00e9e\u00a0\u00bb<\/strong> (possiblement \u00e0 18h30 plut\u00f4t qu&rsquo;\u00e0 15h30. Renseignez-vous aupr\u00e8s de l&rsquo;Association) Tarifs : adh\u00e9rent : 1 \u20ac ; non-adh\u00e9rent : 4 \u20ac .<\/p>\n<figure id=\"attachment_272\" aria-describedby=\"caption-attachment-272\" style=\"width: 300px\" class=\"wp-caption alignleft\"><a href=\"http:\/\/www.aphyllanthe.fr\/association\/wp-content\/uploads\/2014\/12\/patinoire1.jpg\"><img loading=\"lazy\" decoding=\"async\" class=\"size-medium wp-image-272\" src=\"http:\/\/www.aphyllanthe.fr\/association\/wp-content\/uploads\/2014\/12\/patinoire1-300x225.jpg\" alt=\"exercices sur la patinoire\" width=\"300\" height=\"225\" srcset=\"https:\/\/www.aphyllanthe.fr\/association\/wp-content\/uploads\/2014\/12\/patinoire1-300x225.jpg 300w, https:\/\/www.aphyllanthe.fr\/association\/wp-content\/uploads\/2014\/12\/patinoire1.jpg 1024w\" sizes=\"auto, (max-width: 300px) 100vw, 300px\" \/><\/a><figcaption id=\"caption-attachment-272\" class=\"wp-caption-text\">exercices sur la patinoire<\/figcaption><\/figure>\n<div style=\"clear: right;\"><\/div>\n<p><strong>Jeudi 19 f\u00e9vrier 2015 de 12h00 \u00e0 14h00<\/strong><br \/>\nSortie \u00e0 la patinoire d&rsquo;Al\u00e8s. Cours et jeux avec l&rsquo;animatrice de la patinoire puis patinage libre. La piste vous est enti\u00e8rement r\u00e9serv\u00e9e ! Pour tous les \u00e2ges, \u00e0 partir de 4 ans. Tarifs : adh\u00e9rent 3 \u20ac (enfant) et 5 \u20ac (adulte) ; non-adh\u00e9rent 7 \u20ac (enfant) et 9 \u20ac (adulte). Patins et cours inclus. Covoiturage possible. Inscriptions : 04 66 22 10 20 ou nous envoyer un courriel en utilisant le formulaire dans la colonne de gauche.<\/p>\n","protected":false},"excerpt":{"rendered":"<p>Samedi 14 f\u00e9vrier, lundi 16 f\u00e9vrier, mardi 17 f\u00e9vrier (toujours de 15h00 \u00e0 17h00) \u00ab\u00a0Cr\u00e9er en s&rsquo;amusant sans se prendre la t\u00eate !\u00a0\u00bb Ateliers pour enfants (\u00e0 partir de 6 ans) et parents, anim\u00e9s par Th\u00e9r\u00e8se Martin dans la salle d\u2019atelier de la biblioth\u00e8que d\u2019Aigaliers. Tarifs : adh\u00e9rent : 2 \u20ac pour un atelier ou &hellip; <a href=\"https:\/\/www.aphyllanthe.fr\/association\/programme-pour-les-vacances-scolaires-de-fevrier-2015\/\" class=\"more-link\">Continuer la lecture de <span class=\"screen-reader-text\">Programme pour les vacances scolaires de f\u00e9vrier 2015<\/span>  <span class=\"meta-nav\">&rarr;<\/span><\/a><\/p>\n","protected":false},"author":1,"featured_media":779,"comment_status":"closed","ping_status":"open","sticky":false,"template":"","format":"standard","meta":{"footnotes":""},"categories":[4],"tags":[20,89,40],"class_list":["post-1076","post","type-post","status-publish","format-standard","has-post-thumbnail","hentry","category-annonce","tag-atelier","tag-cinema","tag-patinoire"],"_links":{"self":[{"href":"https:\/\/www.aphyllanthe.fr\/association\/wp-json\/wp\/v2\/posts\/1076","targetHints":{"allow":["GET"]}}],"collection":[{"href":"https:\/\/www.aphyllanthe.fr\/association\/wp-json\/wp\/v2\/posts"}],"about":[{"href":"https:\/\/www.aphyllanthe.fr\/association\/wp-json\/wp\/v2\/types\/post"}],"author":[{"embeddable":true,"href":"https:\/\/www.aphyllanthe.fr\/association\/wp-json\/wp\/v2\/users\/1"}],"replies":[{"embeddable":true,"href":"https:\/\/www.aphyllanthe.fr\/association\/wp-json\/wp\/v2\/comments?post=1076"}],"version-history":[{"count":0,"href":"https:\/\/www.aphyllanthe.fr\/association\/wp-json\/wp\/v2\/posts\/1076\/revisions"}],"wp:featuredmedia":[{"embeddable":true,"href":"https:\/\/www.aphyllanthe.fr\/association\/wp-json\/wp\/v2\/media\/779"}],"wp:attachment":[{"href":"https:\/\/www.aphyllanthe.fr\/association\/wp-json\/wp\/v2\/media?parent=1076"}],"wp:term":[{"taxonomy":"category","embeddable":true,"href":"https:\/\/www.aphyllanthe.fr\/association\/wp-json\/wp\/v2\/categories?post=1076"},{"taxonomy":"post_tag","embeddable":true,"href":"https:\/\/www.aphyllanthe.fr\/association\/wp-json\/wp\/v2\/tags?post=1076"}],"curies":[{"name":"wp","href":"https:\/\/api.w.org\/{rel}","templated":true}]}}