{"id":11027,"date":"2019-11-19T17:59:52","date_gmt":"2019-11-19T16:59:52","guid":{"rendered":"https:\/\/www.aphyllanthe.fr\/association\/?p=11027"},"modified":"2019-12-01T21:25:14","modified_gmt":"2019-12-01T20:25:14","slug":"visite-guidee-duzes","status":"publish","type":"post","link":"https:\/\/www.aphyllanthe.fr\/association\/visite-guidee-duzes\/","title":{"rendered":"Visite guid\u00e9e d&rsquo;Uz\u00e8s"},"content":{"rendered":"<h3>Attention : date de sortie modifi\u00e9e.<\/h3>\n<p><figure id=\"attachment_11032\" aria-describedby=\"caption-attachment-11032\" style=\"width: 150px\" class=\"wp-caption alignleft\"><img loading=\"lazy\" decoding=\"async\" class=\"size-thumbnail wp-image-11032\" src=\"https:\/\/www.aphyllanthe.fr\/association\/wp-content\/uploads\/2019\/11\/rue-st-theodorit-uzes-150x150.jpg\" alt=\"rue-st-theodorit-uzes\" width=\"150\" height=\"150\" \/><figcaption id=\"caption-attachment-11032\" class=\"wp-caption-text\">rue-st-theodorit-uzes<\/figcaption><\/figure>Pour commencer en beaut\u00e9 la p\u00e9riode de l&rsquo;Avent, l&rsquo;Aphyllanthe propose une visite guid\u00e9e d&rsquo;Uz\u00e8s, anim\u00e9e par un guide conf\u00e9rencier de l&rsquo;Office du Tourisme du Pays d&rsquo;Uz\u00e8s, le <strong><del datetime=\"2019-12-01T20:20:34+00:00\">Dimanche 1er d\u00e9cembre<\/del> samedi 7 d\u00e9cembre <\/strong> de <strong>14h \u00e0 16h<\/strong> (report\u00e9e \u00e0 cause des intemp\u00e9ries du 2 d\u00e9cembre). Au programme, visite du centre historique et des lieux embl\u00e9matiques de la ville : mairie, place aux Herbes, m\u00e9diath\u00e8que, etc.<br \/>\n<!--more--><\/p>\n<h5>Conditions<\/h5>\n<p><em><strong>Date :<\/strong><\/em> <del datetime=\"2019-12-01T20:23:36+00:00\">Dimanche 1 decembre<\/del> samedi 7 d\u00e9cembre<br \/>\n<em><strong>Heure :<\/strong><\/em> <del datetime=\"2019-12-01T20:23:36+00:00\">rdv \u00e0 9h45<\/del> rdv \u00e0 13h45<br \/>\n<em><strong>Lieu : <\/strong><\/em> Office du Tourisme du Pays d&rsquo;Uz\u00e8s<br \/>\n<em><strong>Dur\u00e9e de la visite :<\/strong><\/em> <del datetime=\"2019-12-01T20:23:36+00:00\">de 10h \u00e0 midi<\/del> de 14h \u00e0 16h<br \/>\n<em><strong>Tarifs :<\/strong><\/em> <\/p>\n<table>\n<tr>\n<td><\/td>\n<td>Adultes<\/td>\n<td>Enfants<\/td>\n<\/tr>\n<tr>\n<td>Adh\u00e9rents<\/td>\n<td>6,00 \u20ac<\/td>\n<td>4,00 \u20ac<\/td>\n<\/tr>\n<tr>\n<td>Non-adh\u00e9rents<\/td>\n<td>8,00 \u20ac<\/td>\n<td>8,00 \u20ac<\/td>\n<\/tr>\n<\/table>\n<p><em><strong>R\u00e9servation obligatoire :<\/strong><\/em> R\u00e8glement exig\u00e9 pour confirmer la r\u00e9servation de la sortie. Il ne sera pas possible de payer sur place. Si vous ne pouvez pas passer \u00e0 la biblioth\u00e8que d&rsquo;Aigaliers lors des heures d&rsquo;ouverture, vous pouvez laisser votre ch\u00e8que dans notre bo\u00eete aux lettres devant la mairie d&rsquo;Aigaliers.<br \/>\n<em><strong>Renseignements :<\/strong><\/em> Association l&rsquo;Aphyllanthe <a href=\"http:\/\/www.aphyllanthe.fr\/association\/accueil\/\">(Nos coordonn\u00e9es et horaires.)<\/a><\/p>\n","protected":false},"excerpt":{"rendered":"<p>Attention : date de sortie modifi\u00e9e. Pour commencer en beaut\u00e9 la p\u00e9riode de l&rsquo;Avent, l&rsquo;Aphyllanthe propose une visite guid\u00e9e d&rsquo;Uz\u00e8s, anim\u00e9e par un guide conf\u00e9rencier de l&rsquo;Office du Tourisme du Pays d&rsquo;Uz\u00e8s, le Dimanche 1er d\u00e9cembre samedi 7 d\u00e9cembre de 14h \u00e0 16h (report\u00e9e \u00e0 cause des intemp\u00e9ries du 2 d\u00e9cembre). Au programme, visite du &hellip; <a href=\"https:\/\/www.aphyllanthe.fr\/association\/visite-guidee-duzes\/\" class=\"more-link\">Continuer la lecture de <span class=\"screen-reader-text\">Visite guid\u00e9e d&rsquo;Uz\u00e8s<\/span>  <span class=\"meta-nav\">&rarr;<\/span><\/a><\/p>\n","protected":false},"author":9,"featured_media":0,"comment_status":"closed","ping_status":"closed","sticky":false,"template":"","format":"standard","meta":{"footnotes":""},"categories":[4],"tags":[],"class_list":["post-11027","post","type-post","status-publish","format-standard","hentry","category-annonce"],"_links":{"self":[{"href":"https:\/\/www.aphyllanthe.fr\/association\/wp-json\/wp\/v2\/posts\/11027","targetHints":{"allow":["GET"]}}],"collection":[{"href":"https:\/\/www.aphyllanthe.fr\/association\/wp-json\/wp\/v2\/posts"}],"about":[{"href":"https:\/\/www.aphyllanthe.fr\/association\/wp-json\/wp\/v2\/types\/post"}],"author":[{"embeddable":true,"href":"https:\/\/www.aphyllanthe.fr\/association\/wp-json\/wp\/v2\/users\/9"}],"replies":[{"embeddable":true,"href":"https:\/\/www.aphyllanthe.fr\/association\/wp-json\/wp\/v2\/comments?post=11027"}],"version-history":[{"count":0,"href":"https:\/\/www.aphyllanthe.fr\/association\/wp-json\/wp\/v2\/posts\/11027\/revisions"}],"wp:attachment":[{"href":"https:\/\/www.aphyllanthe.fr\/association\/wp-json\/wp\/v2\/media?parent=11027"}],"wp:term":[{"taxonomy":"category","embeddable":true,"href":"https:\/\/www.aphyllanthe.fr\/association\/wp-json\/wp\/v2\/categories?post=11027"},{"taxonomy":"post_tag","embeddable":true,"href":"https:\/\/www.aphyllanthe.fr\/association\/wp-json\/wp\/v2\/tags?post=11027"}],"curies":[{"name":"wp","href":"https:\/\/api.w.org\/{rel}","templated":true}]}}