{"id":11297,"date":"2019-12-10T11:32:38","date_gmt":"2019-12-10T10:32:38","guid":{"rendered":"https:\/\/www.aphyllanthe.fr\/association\/?p=11297"},"modified":"2020-02-27T11:46:01","modified_gmt":"2020-02-27T10:46:01","slug":"retrospective-2019","status":"publish","type":"post","link":"https:\/\/www.aphyllanthe.fr\/association\/retrospective-2019\/","title":{"rendered":"Retrospective 2019"},"content":{"rendered":"<p><img loading=\"lazy\" decoding=\"async\" class=\"alignleft size-medium wp-image-10356\" src=\"https:\/\/www.aphyllanthe.fr\/association\/wp-content\/uploads\/2019\/09\/entree-300x169.jpg\" alt=\"\" width=\"300\" height=\"169\" srcset=\"https:\/\/www.aphyllanthe.fr\/association\/wp-content\/uploads\/2019\/09\/entree-300x169.jpg 300w, https:\/\/www.aphyllanthe.fr\/association\/wp-content\/uploads\/2019\/09\/entree-768x432.jpg 768w, https:\/\/www.aphyllanthe.fr\/association\/wp-content\/uploads\/2019\/09\/entree-1024x575.jpg 1024w, https:\/\/www.aphyllanthe.fr\/association\/wp-content\/uploads\/2019\/09\/entree-1320x742.jpg 1320w, https:\/\/www.aphyllanthe.fr\/association\/wp-content\/uploads\/2019\/09\/entree.jpg 1920w\" sizes=\"auto, (max-width: 300px) 100vw, 300px\" \/>L\u2019ann\u00e9e 2019 a \u00e9t\u00e9 tr\u00e8s remplie pour notre Association. Nous avons d\u00e9but\u00e9 l\u2019ann\u00e9e dans des locaux temporaires dans l\u2019ancien presbyt\u00e8re d\u2019Aigaliers. La commune d\u2019Aigaliers ayant engag\u00e9 un projet majeur de r\u00e9novation de l\u2019ensemble du b\u00e2timent de la mairie, nous avons d\u00fb quitter l\u2019ancienne biblioth\u00e8que \u00e0 l\u2019\u00e9t\u00e9 de 2018. Pour la m\u00eame raison, la mairie \u00e9tant temporairement log\u00e9e dans la salle communale, toutes nos activit\u00e9s hebdos \u00e9taient d\u00e9localis\u00e9es aux salles communales des villages voisins dont Foissac, Baron et Serviers-et-Labaume.<\/p>\n<p>Les activit\u00e9s 2019 ont commenc\u00e9 avec l\u2019invitation \u00e0 nos adh\u00e9rents \u00e0 d\u00e9guster la galette des rois, \u00e9v\u00e9nement d\u00e9sormais traditionnel et fort fr\u00e9quent\u00e9.<br \/>\n<!--more--><\/p>\n<p>Janvier a vu le d\u00e9but du<a href=\"https:\/\/www.aphyllanthe.fr\/association\/un-nouveau-projet-les-dangers-de-linternet\/\" target=\"_blank\" rel=\"noopener noreferrer\"> programme d\u2019ateliers d\u2019information sur le sujet de la protection des donn\u00e9es priv\u00e9es<\/a> dans la vie num\u00e9rique. De m\u00eame \u00e0 partir de ce mois <a href=\"https:\/\/www.aphyllanthe.fr\/association\/ateliers-partage-de-savoirs-pourquoi-pas-vous\/\" target=\"_blank\" rel=\"noopener noreferrer\">le programme de partage de savoirs<\/a> est mont\u00e9 en puissance. Des b\u00e9n\u00e9voles proposent de partager leurs connaissances, souvent tr\u00e8s pointues, dans le cadre d\u2019ateliers gratuits. Les sujets incluaient le patchwork, l\u2019orientation avec des GPS, <a href=\"https:\/\/www.aphyllanthe.fr\/association\/retour-sur-le-stage-de-peinture-sur-porcelaine\/\">la peinture sur porcelaine<\/a> et la cuisine.<\/p>\n<p>En f\u00e9vrier, nous avons commenc\u00e9 le recodage des livres de la biblioth\u00e8que pour pouvoir informatiser la collection. Ce travail, b\u00e9n\u00e9vole, a n\u00e9cessit\u00e9 de tr\u00e8s nombreuses heures.<\/p>\n<figure id=\"attachment_9225\" aria-describedby=\"caption-attachment-9225\" style=\"width: 300px\" class=\"wp-caption alignleft\"><img loading=\"lazy\" decoding=\"async\" class=\"size-medium wp-image-9225\" src=\"https:\/\/www.aphyllanthe.fr\/association\/wp-content\/uploads\/2019\/03\/atelier-masques-groupe-e1552036093262-300x146.jpg\" alt=\"\" width=\"300\" height=\"146\" srcset=\"https:\/\/www.aphyllanthe.fr\/association\/wp-content\/uploads\/2019\/03\/atelier-masques-groupe-e1552036093262-300x146.jpg 300w, https:\/\/www.aphyllanthe.fr\/association\/wp-content\/uploads\/2019\/03\/atelier-masques-groupe-e1552036093262-600x291.jpg 600w, https:\/\/www.aphyllanthe.fr\/association\/wp-content\/uploads\/2019\/03\/atelier-masques-groupe-e1552036093262.jpg 717w\" sizes=\"auto, (max-width: 300px) 100vw, 300px\" \/><figcaption id=\"caption-attachment-9225\" class=\"wp-caption-text\">le groupe masqu\u00e9<\/figcaption><\/figure>\n<p>En mars, en plus d\u2019une sortie \u00e0 N\u00eemes <a href=\"https:\/\/photos.app.goo.gl\/TpyqztV75uEY7vhC6\" rel=\"noopener noreferrer\" target=\"_blank\">(visite des h\u00f4tels particuliers)<\/a> et un atelier tr\u00e8s r\u00e9ussi de confection de masques de carnaval pour les enfants, nous avons organis\u00e9 <a href=\"https:\/\/www.aphyllanthe.fr\/association\/assemblee-generale-2019\/\">l\u2019Assembl\u00e9e G\u00e9n\u00e9rale Annuelle<\/a> et \u00e9lu un nouveau Conseil d\u2019Administration de 12 personnes. A cette occasion, lors d\u2019une br\u00e8ve AGE, les statuts de l\u2019Association ont \u00e9t\u00e9 mis \u00e0 jour.<\/p>\n<figure id=\"attachment_9571\" aria-describedby=\"caption-attachment-9571\" style=\"width: 300px\" class=\"wp-caption alignleft\"><img loading=\"lazy\" decoding=\"async\" class=\"size-medium wp-image-9571\" src=\"https:\/\/www.aphyllanthe.fr\/association\/wp-content\/uploads\/2019\/04\/IMG_8169m-300x169.jpg\" alt=\"15 avril 2019, Salle Malraux, Mairie d'Uz\u00e8s\" width=\"300\" height=\"169\" srcset=\"https:\/\/www.aphyllanthe.fr\/association\/wp-content\/uploads\/2019\/04\/IMG_8169m-300x169.jpg 300w, https:\/\/www.aphyllanthe.fr\/association\/wp-content\/uploads\/2019\/04\/IMG_8169m-768x432.jpg 768w, https:\/\/www.aphyllanthe.fr\/association\/wp-content\/uploads\/2019\/04\/IMG_8169m-1024x575.jpg 1024w, https:\/\/www.aphyllanthe.fr\/association\/wp-content\/uploads\/2019\/04\/IMG_8169m-600x337.jpg 600w, https:\/\/www.aphyllanthe.fr\/association\/wp-content\/uploads\/2019\/04\/IMG_8169m-1320x742.jpg 1320w, https:\/\/www.aphyllanthe.fr\/association\/wp-content\/uploads\/2019\/04\/IMG_8169m.jpg 1920w\" sizes=\"auto, (max-width: 300px) 100vw, 300px\" \/><figcaption id=\"caption-attachment-9571\" class=\"wp-caption-text\">Conf\u00e9rence sur la s\u00e9curit\u00e9 des donn\u00e9es priv\u00e9es<\/figcaption><\/figure>\n<p>En avril, il y a eu plusieurs faits marquants :<\/p>\n<ul>\n<li>la participation de l\u2019Association au programme de <a href=\"https:\/\/www.aphyllanthe.fr\/association\/nettoyons-la-garrigue\/\">nettoyage de la garrigue<\/a> organis\u00e9 par la mairie d\u2019Aigaliers et la CC Pays d\u2019Uz\u00e8s. Cette initiative, la toute premi\u00e8re du type \u00e0 Aigaliers, a \u00e9t\u00e9 tr\u00e8s pl\u00e9biscit\u00e9e avec plus de 25 participants.<\/li>\n<li>l\u2019invitation, en coop\u00e9ration avec l\u2019APE les Escoules, \u00e0 une grande chasse aux \u0153ufs fr\u00e9quent\u00e9e par plus de 70 enfants et leurs parents. En plus de la chasse m\u00eame il y avait le plein d\u2019activit\u00e9s (maquillage, jeux anciens en bois, etc.).<\/li>\n<li>la mise en ligne officielle de la biblioth\u00e8que d\u2019Aigaliers au sein du r\u00e9seau des biblioth\u00e8ques de la CC Pays d\u2019Uz\u00e8s. Dor\u00e9navant notre public peut consulter la collection en ligne depuis un poste informatique quelconque, r\u00e9server des livres, emprunter indiff\u00e9remment dans toutes les biblioth\u00e8ques du r\u00e9seau et \u00e0 partir de l\u2019automne, se faire livrer, \u00e0 Aigaliers, des livres d\u2019une autre biblioth\u00e8que.<\/li>\n<li><a href=\"https:\/\/www.aphyllanthe.fr\/association\/piratage-et-securite-retour-de-conference\/\">une conf\u00e9rence tr\u00e8s remarqu\u00e9e<\/a> sur la s\u00e9curit\u00e9 informatique, anim\u00e9e par M. G\u00e9rard Berry, laur\u00e9at de la m\u00e9daille d\u2019Or du CNRS en 2014.<\/li>\n<\/ul>\n<p>En mai et en juin, les sorties ludiques et p\u00e9dagogiques continuaient avec un tour de v\u00e9lorail, la visite \u00e0 une for\u00eat fossile, une sortie de randonn\u00e9e de plusieurs jours \u00e0 Collioure et le spectacle de fin de saison de l\u2019atelier th\u00e9\u00e2tre des enfants.<\/p>\n<figure id=\"attachment_10018\" aria-describedby=\"caption-attachment-10018\" style=\"width: 300px\" class=\"wp-caption alignleft\"><img loading=\"lazy\" decoding=\"async\" class=\"size-medium wp-image-10018\" src=\"https:\/\/www.aphyllanthe.fr\/association\/wp-content\/uploads\/2019\/07\/2019-06-16-sortie-foret-fossile-018-300x200.jpg\" alt=\"\" width=\"300\" height=\"200\" srcset=\"https:\/\/www.aphyllanthe.fr\/association\/wp-content\/uploads\/2019\/07\/2019-06-16-sortie-foret-fossile-018-300x200.jpg 300w, https:\/\/www.aphyllanthe.fr\/association\/wp-content\/uploads\/2019\/07\/2019-06-16-sortie-foret-fossile-018-768x512.jpg 768w, https:\/\/www.aphyllanthe.fr\/association\/wp-content\/uploads\/2019\/07\/2019-06-16-sortie-foret-fossile-018-1024x683.jpg 1024w, https:\/\/www.aphyllanthe.fr\/association\/wp-content\/uploads\/2019\/07\/2019-06-16-sortie-foret-fossile-018-600x400.jpg 600w, https:\/\/www.aphyllanthe.fr\/association\/wp-content\/uploads\/2019\/07\/2019-06-16-sortie-foret-fossile-018-1320x880.jpg 1320w, https:\/\/www.aphyllanthe.fr\/association\/wp-content\/uploads\/2019\/07\/2019-06-16-sortie-foret-fossile-018.jpg 1620w\" sizes=\"auto, (max-width: 300px) 100vw, 300px\" \/><figcaption id=\"caption-attachment-10018\" class=\"wp-caption-text\">visite de la for\u00eat fossile<\/figcaption><\/figure>\n<p>En mai, c\u2019est \u00e9galement la p\u00e9riode de pr\u00e9paration de la demande de subvention pour le programme CLAS. Les responsables de l\u2019Association ont consacr\u00e9 plusieurs dizaines d\u2019heures pour pr\u00e9parer ces documents. La participation au programme CLAS, chaque ann\u00e9e, nous permet d\u2019embaucher une animatrice et d\u2019offrir gratuitement environ 100 heures annuelles d\u2019aide \u00e0 la scolarit\u00e9 aux enfants des \u00e9coles de Baron et de Foissac.<\/p>\n<p>En juin, nous avons aussi d\u00fb recruter d\u2019urgence une nouvelle secr\u00e9taire d\u2019accueil suite \u00e0 la d\u00e9mission de l\u2019employ\u00e9e ayant occup\u00e9 le poste depuis 2017.<\/p>\n<p>En juillet nous avons fait nos cartons pour le d\u00e9m\u00e9nagement dans la nouvelle biblioth\u00e8que au premier \u00e9tage de la mairie d\u2019Aigaliers totalement r\u00e9nov\u00e9e. Notre arriv\u00e9e dans ces locaux plus grands, plus lumineux et plus accessibles, ouvre de nouvelles possibilit\u00e9s pour l\u2019Association que, \u00e0 la fin de 2019, nous n\u2019avons pas encore compl\u00e8tement exploit\u00e9es.<\/p>\n<p>\u00c9galement en juillet, nous avons cr\u00e9\u00e9 <a href=\"https:\/\/www.aphyllanthe.fr\/association\/pres-de-chez-nous\/\">une nouvelle section de notre site internet<\/a> pour nos adh\u00e9rents et partenaires, leur permettant d\u2019afficher des activit\u00e9s et bons plans pouvant int\u00e9resser nos adh\u00e9rents. Cette possibilit\u00e9 est encore peu utilis\u00e9e par notre public.<\/p>\n<figure id=\"attachment_11306\" aria-describedby=\"caption-attachment-11306\" style=\"width: 300px\" class=\"wp-caption alignleft\"><img loading=\"lazy\" decoding=\"async\" class=\"size-medium wp-image-11306\" src=\"https:\/\/www.aphyllanthe.fr\/association\/wp-content\/uploads\/2019\/12\/2019-07-25-demenagement-bibliotheque-021-300x169.jpg\" alt=\"\" width=\"300\" height=\"169\" srcset=\"https:\/\/www.aphyllanthe.fr\/association\/wp-content\/uploads\/2019\/12\/2019-07-25-demenagement-bibliotheque-021-300x169.jpg 300w, https:\/\/www.aphyllanthe.fr\/association\/wp-content\/uploads\/2019\/12\/2019-07-25-demenagement-bibliotheque-021-1024x575.jpg 1024w, https:\/\/www.aphyllanthe.fr\/association\/wp-content\/uploads\/2019\/12\/2019-07-25-demenagement-bibliotheque-021-768x432.jpg 768w, https:\/\/www.aphyllanthe.fr\/association\/wp-content\/uploads\/2019\/12\/2019-07-25-demenagement-bibliotheque-021-1536x863.jpg 1536w, https:\/\/www.aphyllanthe.fr\/association\/wp-content\/uploads\/2019\/12\/2019-07-25-demenagement-bibliotheque-021-1320x742.jpg 1320w, https:\/\/www.aphyllanthe.fr\/association\/wp-content\/uploads\/2019\/12\/2019-07-25-demenagement-bibliotheque-021.jpg 1920w\" sizes=\"auto, (max-width: 300px) 100vw, 300px\" \/><figcaption id=\"caption-attachment-11306\" class=\"wp-caption-text\">le d\u00e9m\u00e9nagement<\/figcaption><\/figure>\n<p>Le mois d\u2019ao\u00fbt\u00a0nous a servi \u00e0 d\u00e9baller les cartons, am\u00e9nager les nouveaux locaux, remettre les livres sur les rayons de la biblioth\u00e8que et pr\u00e9parer la rentr\u00e9e.<\/p>\n<p>En septembre \u00e0 la journ\u00e9e des inscriptions, en plus d\u2019annoncer un programme complet de sorties culture et patrimoine, des ateliers, des activit\u00e9s de vacances scolaires et la continuation des ateliers bimensuels de poterie, nous avons propos\u00e9 de <a href=\"https:\/\/photos.app.goo.gl\/AdayCXgUPiuDEZY36\" rel=\"noopener noreferrer\" target=\"_blank\">nouvelles activit\u00e9s hebdomadaires<\/a> pour des adultes (yoga,\u00a0 pilates et une soir\u00e9e hebdomadaire\u00a0 de\u00a0 jeux de cartes) et pour des enfants (\u00e9veil corporel). \u00c9galement \u00e0 partir de septembre, nous avons pu en finir avec la d\u00e9localisation et organiser toutes nos activit\u00e9s \u00e0 nouveau dans la salle communale d\u2019Aigaliers et les salles de la nouvelle biblioth\u00e8que.<\/p>\n<figure id=\"attachment_10539\" aria-describedby=\"caption-attachment-10539\" style=\"width: 300px\" class=\"wp-caption alignleft\"><img loading=\"lazy\" decoding=\"async\" class=\"size-medium wp-image-10539\" src=\"https:\/\/www.aphyllanthe.fr\/association\/wp-content\/uploads\/2019\/10\/2019-10-05-inauguration-bibliotheuque-013-300x169.jpg\" alt=\"\" width=\"300\" height=\"169\" srcset=\"https:\/\/www.aphyllanthe.fr\/association\/wp-content\/uploads\/2019\/10\/2019-10-05-inauguration-bibliotheuque-013-300x169.jpg 300w, https:\/\/www.aphyllanthe.fr\/association\/wp-content\/uploads\/2019\/10\/2019-10-05-inauguration-bibliotheuque-013-768x432.jpg 768w, https:\/\/www.aphyllanthe.fr\/association\/wp-content\/uploads\/2019\/10\/2019-10-05-inauguration-bibliotheuque-013-1024x575.jpg 1024w, https:\/\/www.aphyllanthe.fr\/association\/wp-content\/uploads\/2019\/10\/2019-10-05-inauguration-bibliotheuque-013-1320x742.jpg 1320w, https:\/\/www.aphyllanthe.fr\/association\/wp-content\/uploads\/2019\/10\/2019-10-05-inauguration-bibliotheuque-013.jpg 1920w\" sizes=\"auto, (max-width: 300px) 100vw, 300px\" \/><figcaption id=\"caption-attachment-10539\" class=\"wp-caption-text\">discours de la pr\u00e9sidente<\/figcaption><\/figure>\n<p>En octobre, nous avons invit\u00e9 nos adh\u00e9rents \u00e0 <a href=\"https:\/\/www.aphyllanthe.fr\/association\/affluence-pour-linauguration\/\">l\u2018inauguration de la nouvelle biblioth\u00e8que<\/a> en pr\u00e9sence du maire et du conseil municipal d\u2019Aigaliers et de plusieurs partenaires. <a href=\"https:\/\/www.aphyllanthe.fr\/association\/les-jardins-suspendus-reportage-de-visite\/\">Une visite insolite au village de Labeaume<\/a> en Ard\u00e8che et l\u2019organisation d\u2019une nouvelle animation tennis ont aussi marqu\u00e9 le mois.<\/p>\n<p><img loading=\"lazy\" decoding=\"async\" class=\"alignleft size-medium wp-image-9652\" src=\"https:\/\/www.aphyllanthe.fr\/association\/wp-content\/uploads\/2019\/04\/bib-en-reseau-300x71.jpg\" alt=\"\" width=\"300\" height=\"71\" srcset=\"https:\/\/www.aphyllanthe.fr\/association\/wp-content\/uploads\/2019\/04\/bib-en-reseau-300x71.jpg 300w, https:\/\/www.aphyllanthe.fr\/association\/wp-content\/uploads\/2019\/04\/bib-en-reseau-768x183.jpg 768w, https:\/\/www.aphyllanthe.fr\/association\/wp-content\/uploads\/2019\/04\/bib-en-reseau-1024x244.jpg 1024w, https:\/\/www.aphyllanthe.fr\/association\/wp-content\/uploads\/2019\/04\/bib-en-reseau-600x143.jpg 600w, https:\/\/www.aphyllanthe.fr\/association\/wp-content\/uploads\/2019\/04\/bib-en-reseau-1320x314.jpg 1320w, https:\/\/www.aphyllanthe.fr\/association\/wp-content\/uploads\/2019\/04\/bib-en-reseau.jpg 1501w\" sizes=\"auto, (max-width: 300px) 100vw, 300px\" \/>En novembre, nous avons pu acheter plus de 70 nouveaux livres pour la collection de la biblioth\u00e8que suite \u00e0 la d\u00e9cision du conseil municipal de subventionner ces achats \u00e0 hauteur de 1000\u00a0\u20ac. \u00c9galement en novembre, nous avons envoy\u00e9 <a href=\"https:\/\/www.aphyllanthe.fr\/association\/les-bonnets-sont-prets\/\">1000 petits bonnets<\/a> \u00e0 l\u2019Association Les Petits Fr\u00e8res des Pauvres constituant notre participation au programme caritatif \u201cMets ton Bonnet\u201d.<\/p>\n<p>Au cours du mois de novembre, les responsables de l\u2019Association ont consacr\u00e9 environ 50 heures pour la pr\u00e9paration d\u2019un bilan de l\u2019ann\u00e9e \u00e9coul\u00e9e et une demande de subvention dans le cadre du REAAP (aide financi\u00e8re pour un programme d\u2019appui \u00e0 la parentalit\u00e9 d\u2019une valeur, si accord\u00e9e, de 2000 \u00e0 3000 \u20ac chaque ann\u00e9e).<\/p>\n<p>L\u2019ann\u00e9e s\u2019est termin\u00e9e sur une <a href=\"https:\/\/www.aphyllanthe.fr\/association\/visite-duzes\/\">nouvelle sortie patrimoine<\/a>, cette fois \u00e0 Uz\u00e8s, une sortie th\u00e9\u00e2tre au Crat\u00e8re d&rsquo;Al\u00e8s et la pr\u00e9paration du programme et du budget 2020. Pendant ce mois, nous avons mis \u00e0 jour nos syst\u00e8mes d\u2019archivage num\u00e9rique de documents pour am\u00e9liorer la s\u00e9curit\u00e9 et le contr\u00f4le d\u2019acc\u00e8s aux informations confidentielles. En decembre aussi, avec l&rsquo;aide de l&rsquo;Association, les enfants de l&rsquo;\u00e9cole maternelle d\u00e9corent <a href=\"https:\/\/photos.app.goo.gl\/DZSH5zjDH9aMDUdq9\" rel=\"noopener noreferrer\" target=\"_blank\">l&rsquo;arbre de no\u00ebl du foyer d&rsquo;Aigaliers<\/a>, d\u00e9coration tr\u00e8s r\u00e9ussie en 2019.  <\/p>\n<figure id=\"attachment_5658\" aria-describedby=\"caption-attachment-5658\" style=\"width: 300px\" class=\"wp-caption alignleft\"><img loading=\"lazy\" decoding=\"async\" class=\"size-medium wp-image-5658\" src=\"https:\/\/www.aphyllanthe.fr\/association\/wp-content\/uploads\/2017\/05\/DSC07298-devant-les-gorges-du-tarn-2-300x200.jpg\" alt=\"le panorama des gorges du Tarn\" width=\"300\" height=\"200\" srcset=\"https:\/\/www.aphyllanthe.fr\/association\/wp-content\/uploads\/2017\/05\/DSC07298-devant-les-gorges-du-tarn-2-300x200.jpg 300w, https:\/\/www.aphyllanthe.fr\/association\/wp-content\/uploads\/2017\/05\/DSC07298-devant-les-gorges-du-tarn-2-768x512.jpg 768w, https:\/\/www.aphyllanthe.fr\/association\/wp-content\/uploads\/2017\/05\/DSC07298-devant-les-gorges-du-tarn-2-1024x683.jpg 1024w, https:\/\/www.aphyllanthe.fr\/association\/wp-content\/uploads\/2017\/05\/DSC07298-devant-les-gorges-du-tarn-2-600x400.jpg 600w, https:\/\/www.aphyllanthe.fr\/association\/wp-content\/uploads\/2017\/05\/DSC07298-devant-les-gorges-du-tarn-2-900x600.jpg 900w, https:\/\/www.aphyllanthe.fr\/association\/wp-content\/uploads\/2017\/05\/DSC07298-devant-les-gorges-du-tarn-2.jpg 1620w\" sizes=\"auto, (max-width: 300px) 100vw, 300px\" \/><figcaption id=\"caption-attachment-5658\" class=\"wp-caption-text\">le panorama des gorges du Tarn<\/figcaption><\/figure>\n<p>En plus des points marquants de chaque mois, l\u2019ann\u00e9e s\u2019est d\u00e9roul\u00e9e sur une importante trame de fond d\u2019activit\u00e9s r\u00e9guli\u00e8res dont\u00a0:<\/p>\n<ul>\n<li>les sorties rando : pr\u00e8s de 50 journ\u00e9es dans l\u2019ann\u00e9e toutes anim\u00e9es b\u00e9n\u00e9volement<\/li>\n<li>les ateliers de poterie\/modelage 2 fois par mois sur 8 ou 9 mois dans l\u2019ann\u00e9e<\/li>\n<li>des cours hebdos (gym, th\u00e9\u00e2tre, arts plastiques, etc)<\/li>\n<li>des ateliers hebdomadaires de tricot et de couture<\/li>\n<li>une semaine compl\u00e8te d&rsquo;activit\u00e9s familiales \u00e0 chaque p\u00e9riode de vacances scolaires <\/li>\n<li>le cercle des lectrices tous les mois.<\/li>\n<li>la publication et diffusion, 3 fois par ann\u00e9e, d&rsquo;<a href=\"https:\/\/www.aphyllanthe.fr\/association\/publications\/lettre-de-laphyllanthe\/\">une lettre d&rsquo;information<\/a> incluant le programme complet de nos activit\u00e9s et <a href=\"https:\/\/www.aphyllanthe.fr\/association\/bibliotheque\/nos-lectrices-recommandent\/\">les nouveaut\u00e9s de la biblioth\u00e8que<\/a>.<\/li>\n<\/ul>\n<p>En somme, une ann\u00e9e de progr\u00e8s, d\u2019am\u00e9liorations et de construction pour l\u2019avenir.<\/p>\n<p>L&rsquo;activit\u00e9 de l&rsquo;Association est fortement soutenue par 2 partenaires majeurs qui nous aident financi\u00e8rement.  Ce sont la commune d&rsquo;Aigaliers qui, en plus, met \u00e0 disposition des locaux modernes et la CAF du Gard qui nous soutient dans le cadre du programme d&rsquo;animation locale EVS (\u00ab\u00a0Espace de Vie Sociale\u00a0\u00bb). Nous les remercions vivement. <\/p>\n","protected":false},"excerpt":{"rendered":"<p>L\u2019ann\u00e9e 2019 a \u00e9t\u00e9 tr\u00e8s remplie pour notre Association. Nous avons d\u00e9but\u00e9 l\u2019ann\u00e9e dans des locaux temporaires dans l\u2019ancien presbyt\u00e8re d\u2019Aigaliers. La commune d\u2019Aigaliers ayant engag\u00e9 un projet majeur de r\u00e9novation de l\u2019ensemble du b\u00e2timent de la mairie, nous avons d\u00fb quitter l\u2019ancienne biblioth\u00e8que \u00e0 l\u2019\u00e9t\u00e9 de 2018. Pour la m\u00eame raison, la mairie \u00e9tant &hellip; <a href=\"https:\/\/www.aphyllanthe.fr\/association\/retrospective-2019\/\" class=\"more-link\">Continuer la lecture de <span class=\"screen-reader-text\">Retrospective 2019<\/span>  <span class=\"meta-nav\">&rarr;<\/span><\/a><\/p>\n","protected":false},"author":1,"featured_media":10540,"comment_status":"closed","ping_status":"closed","sticky":false,"template":"","format":"standard","meta":{"footnotes":""},"categories":[3],"tags":[],"class_list":["post-11297","post","type-post","status-publish","format-standard","has-post-thumbnail","hentry","category-reportage"],"_links":{"self":[{"href":"https:\/\/www.aphyllanthe.fr\/association\/wp-json\/wp\/v2\/posts\/11297","targetHints":{"allow":["GET"]}}],"collection":[{"href":"https:\/\/www.aphyllanthe.fr\/association\/wp-json\/wp\/v2\/posts"}],"about":[{"href":"https:\/\/www.aphyllanthe.fr\/association\/wp-json\/wp\/v2\/types\/post"}],"author":[{"embeddable":true,"href":"https:\/\/www.aphyllanthe.fr\/association\/wp-json\/wp\/v2\/users\/1"}],"replies":[{"embeddable":true,"href":"https:\/\/www.aphyllanthe.fr\/association\/wp-json\/wp\/v2\/comments?post=11297"}],"version-history":[{"count":0,"href":"https:\/\/www.aphyllanthe.fr\/association\/wp-json\/wp\/v2\/posts\/11297\/revisions"}],"wp:featuredmedia":[{"embeddable":true,"href":"https:\/\/www.aphyllanthe.fr\/association\/wp-json\/wp\/v2\/media\/10540"}],"wp:attachment":[{"href":"https:\/\/www.aphyllanthe.fr\/association\/wp-json\/wp\/v2\/media?parent=11297"}],"wp:term":[{"taxonomy":"category","embeddable":true,"href":"https:\/\/www.aphyllanthe.fr\/association\/wp-json\/wp\/v2\/categories?post=11297"},{"taxonomy":"post_tag","embeddable":true,"href":"https:\/\/www.aphyllanthe.fr\/association\/wp-json\/wp\/v2\/tags?post=11297"}],"curies":[{"name":"wp","href":"https:\/\/api.w.org\/{rel}","templated":true}]}}