{"id":11352,"date":"2020-01-06T09:52:15","date_gmt":"2020-01-06T08:52:15","guid":{"rendered":"https:\/\/www.aphyllanthe.fr\/association\/?p=11352"},"modified":"2020-01-28T10:22:37","modified_gmt":"2020-01-28T09:22:37","slug":"bonne-frequentation-pour-la-galette-2020","status":"publish","type":"post","link":"https:\/\/www.aphyllanthe.fr\/association\/bonne-frequentation-pour-la-galette-2020\/","title":{"rendered":"Bonne fr\u00e9quentation pour la galette 2020"},"content":{"rendered":"<p><img loading=\"lazy\" decoding=\"async\" src=\"https:\/\/www.aphyllanthe.fr\/association\/wp-content\/uploads\/2020\/01\/2020-01-05-Galette_9196-150x150.jpg\" alt=\"\" width=\"150\" height=\"150\" class=\"alignleft size-thumbnail wp-image-11351\" \/>A partir de 16 h et jusqu\u2019\u00e0 17h30 le 5 janvier 2020, les adh\u00e9rents de l&rsquo;Association se sont retrouv\u00e9s pour notre premier \u00e9v\u00e9nement associatif de la nouvelle d\u00e9cennie. Environ 60 personnes ont pu d\u00e9guster les couronnes et les galettes offertes par l&rsquo;Aphyllanthe au foyer d&rsquo;Aigaliers. Les enfants, les ados, les parents et les grand-parents ont pu \u00e9changer dans une ambiance chaleureuse. C&rsquo;est un excellent d\u00e9part pour notre association dans une ann\u00e9e pleine d\u2019opportunit\u00e9s. <\/p>\n<div id='gallery-1' class='gallery galleryid-11352 gallery-columns-3 gallery-size-medium'><figure class='gallery-item'>\n\t\t\t<div class='gallery-icon landscape'>\n\t\t\t\t<a href='https:\/\/www.aphyllanthe.fr\/association\/wp-content\/uploads\/2020\/01\/2020-01-05-Galette_9193.jpg'><img loading=\"lazy\" decoding=\"async\" width=\"300\" height=\"169\" src=\"https:\/\/www.aphyllanthe.fr\/association\/wp-content\/uploads\/2020\/01\/2020-01-05-Galette_9193-300x169.jpg\" class=\"attachment-medium size-medium\" alt=\"\" srcset=\"https:\/\/www.aphyllanthe.fr\/association\/wp-content\/uploads\/2020\/01\/2020-01-05-Galette_9193-300x169.jpg 300w, https:\/\/www.aphyllanthe.fr\/association\/wp-content\/uploads\/2020\/01\/2020-01-05-Galette_9193-768x432.jpg 768w, https:\/\/www.aphyllanthe.fr\/association\/wp-content\/uploads\/2020\/01\/2020-01-05-Galette_9193.jpg 960w\" sizes=\"auto, (max-width: 300px) 100vw, 300px\" \/><\/a>\n\t\t\t<\/div><\/figure><figure class='gallery-item'>\n\t\t\t<div class='gallery-icon landscape'>\n\t\t\t\t<a href='https:\/\/www.aphyllanthe.fr\/association\/wp-content\/uploads\/2020\/01\/2020-01-05-Galette_9192.jpg'><img loading=\"lazy\" decoding=\"async\" width=\"300\" height=\"169\" src=\"https:\/\/www.aphyllanthe.fr\/association\/wp-content\/uploads\/2020\/01\/2020-01-05-Galette_9192-300x169.jpg\" class=\"attachment-medium size-medium\" alt=\"\" srcset=\"https:\/\/www.aphyllanthe.fr\/association\/wp-content\/uploads\/2020\/01\/2020-01-05-Galette_9192-300x169.jpg 300w, https:\/\/www.aphyllanthe.fr\/association\/wp-content\/uploads\/2020\/01\/2020-01-05-Galette_9192-768x432.jpg 768w, https:\/\/www.aphyllanthe.fr\/association\/wp-content\/uploads\/2020\/01\/2020-01-05-Galette_9192.jpg 960w\" sizes=\"auto, (max-width: 300px) 100vw, 300px\" \/><\/a>\n\t\t\t<\/div><\/figure><figure class='gallery-item'>\n\t\t\t<div class='gallery-icon landscape'>\n\t\t\t\t<a href='https:\/\/www.aphyllanthe.fr\/association\/wp-content\/uploads\/2020\/01\/2020-01-05-Galette_9189.jpg'><img loading=\"lazy\" decoding=\"async\" width=\"300\" height=\"169\" src=\"https:\/\/www.aphyllanthe.fr\/association\/wp-content\/uploads\/2020\/01\/2020-01-05-Galette_9189-300x169.jpg\" class=\"attachment-medium size-medium\" alt=\"\" srcset=\"https:\/\/www.aphyllanthe.fr\/association\/wp-content\/uploads\/2020\/01\/2020-01-05-Galette_9189-300x169.jpg 300w, https:\/\/www.aphyllanthe.fr\/association\/wp-content\/uploads\/2020\/01\/2020-01-05-Galette_9189-768x432.jpg 768w, https:\/\/www.aphyllanthe.fr\/association\/wp-content\/uploads\/2020\/01\/2020-01-05-Galette_9189.jpg 960w\" sizes=\"auto, (max-width: 300px) 100vw, 300px\" \/><\/a>\n\t\t\t<\/div><\/figure><figure class='gallery-item'>\n\t\t\t<div class='gallery-icon landscape'>\n\t\t\t\t<a href='https:\/\/www.aphyllanthe.fr\/association\/wp-content\/uploads\/2020\/01\/2020-01-05-Galette_9185.jpg'><img loading=\"lazy\" decoding=\"async\" width=\"300\" height=\"169\" src=\"https:\/\/www.aphyllanthe.fr\/association\/wp-content\/uploads\/2020\/01\/2020-01-05-Galette_9185-300x169.jpg\" class=\"attachment-medium size-medium\" alt=\"\" srcset=\"https:\/\/www.aphyllanthe.fr\/association\/wp-content\/uploads\/2020\/01\/2020-01-05-Galette_9185-300x169.jpg 300w, https:\/\/www.aphyllanthe.fr\/association\/wp-content\/uploads\/2020\/01\/2020-01-05-Galette_9185-768x432.jpg 768w, https:\/\/www.aphyllanthe.fr\/association\/wp-content\/uploads\/2020\/01\/2020-01-05-Galette_9185.jpg 960w\" sizes=\"auto, (max-width: 300px) 100vw, 300px\" \/><\/a>\n\t\t\t<\/div><\/figure><figure class='gallery-item'>\n\t\t\t<div class='gallery-icon landscape'>\n\t\t\t\t<a href='https:\/\/www.aphyllanthe.fr\/association\/wp-content\/uploads\/2020\/01\/2020-01-05-Galette_9184.jpg'><img loading=\"lazy\" decoding=\"async\" width=\"300\" height=\"169\" src=\"https:\/\/www.aphyllanthe.fr\/association\/wp-content\/uploads\/2020\/01\/2020-01-05-Galette_9184-300x169.jpg\" class=\"attachment-medium size-medium\" alt=\"\" srcset=\"https:\/\/www.aphyllanthe.fr\/association\/wp-content\/uploads\/2020\/01\/2020-01-05-Galette_9184-300x169.jpg 300w, https:\/\/www.aphyllanthe.fr\/association\/wp-content\/uploads\/2020\/01\/2020-01-05-Galette_9184-768x432.jpg 768w, https:\/\/www.aphyllanthe.fr\/association\/wp-content\/uploads\/2020\/01\/2020-01-05-Galette_9184.jpg 960w\" sizes=\"auto, (max-width: 300px) 100vw, 300px\" \/><\/a>\n\t\t\t<\/div><\/figure><figure class='gallery-item'>\n\t\t\t<div class='gallery-icon landscape'>\n\t\t\t\t<a href='https:\/\/www.aphyllanthe.fr\/association\/wp-content\/uploads\/2020\/01\/2020-01-05-Galette_9183.jpg'><img loading=\"lazy\" decoding=\"async\" width=\"300\" height=\"169\" src=\"https:\/\/www.aphyllanthe.fr\/association\/wp-content\/uploads\/2020\/01\/2020-01-05-Galette_9183-300x169.jpg\" class=\"attachment-medium size-medium\" alt=\"\" srcset=\"https:\/\/www.aphyllanthe.fr\/association\/wp-content\/uploads\/2020\/01\/2020-01-05-Galette_9183-300x169.jpg 300w, https:\/\/www.aphyllanthe.fr\/association\/wp-content\/uploads\/2020\/01\/2020-01-05-Galette_9183-768x432.jpg 768w, https:\/\/www.aphyllanthe.fr\/association\/wp-content\/uploads\/2020\/01\/2020-01-05-Galette_9183.jpg 960w\" sizes=\"auto, (max-width: 300px) 100vw, 300px\" \/><\/a>\n\t\t\t<\/div><\/figure>\n\t\t<\/div>\n\n","protected":false},"excerpt":{"rendered":"<p>A partir de 16 h et jusqu\u2019\u00e0 17h30 le 5 janvier 2020, les adh\u00e9rents de l&rsquo;Association se sont retrouv\u00e9s pour notre premier \u00e9v\u00e9nement associatif de la nouvelle d\u00e9cennie. Environ 60 personnes ont pu d\u00e9guster les couronnes et les galettes offertes par l&rsquo;Aphyllanthe au foyer d&rsquo;Aigaliers. Les enfants, les ados, les parents et les grand-parents ont &hellip; <a href=\"https:\/\/www.aphyllanthe.fr\/association\/bonne-frequentation-pour-la-galette-2020\/\" class=\"more-link\">Continuer la lecture de <span class=\"screen-reader-text\">Bonne fr\u00e9quentation pour la galette 2020<\/span>  <span class=\"meta-nav\">&rarr;<\/span><\/a><\/p>\n","protected":false},"author":1,"featured_media":11350,"comment_status":"closed","ping_status":"closed","sticky":false,"template":"","format":"standard","meta":{"footnotes":""},"categories":[3],"tags":[],"class_list":["post-11352","post","type-post","status-publish","format-standard","has-post-thumbnail","hentry","category-reportage"],"_links":{"self":[{"href":"https:\/\/www.aphyllanthe.fr\/association\/wp-json\/wp\/v2\/posts\/11352","targetHints":{"allow":["GET"]}}],"collection":[{"href":"https:\/\/www.aphyllanthe.fr\/association\/wp-json\/wp\/v2\/posts"}],"about":[{"href":"https:\/\/www.aphyllanthe.fr\/association\/wp-json\/wp\/v2\/types\/post"}],"author":[{"embeddable":true,"href":"https:\/\/www.aphyllanthe.fr\/association\/wp-json\/wp\/v2\/users\/1"}],"replies":[{"embeddable":true,"href":"https:\/\/www.aphyllanthe.fr\/association\/wp-json\/wp\/v2\/comments?post=11352"}],"version-history":[{"count":0,"href":"https:\/\/www.aphyllanthe.fr\/association\/wp-json\/wp\/v2\/posts\/11352\/revisions"}],"wp:featuredmedia":[{"embeddable":true,"href":"https:\/\/www.aphyllanthe.fr\/association\/wp-json\/wp\/v2\/media\/11350"}],"wp:attachment":[{"href":"https:\/\/www.aphyllanthe.fr\/association\/wp-json\/wp\/v2\/media?parent=11352"}],"wp:term":[{"taxonomy":"category","embeddable":true,"href":"https:\/\/www.aphyllanthe.fr\/association\/wp-json\/wp\/v2\/categories?post=11352"},{"taxonomy":"post_tag","embeddable":true,"href":"https:\/\/www.aphyllanthe.fr\/association\/wp-json\/wp\/v2\/tags?post=11352"}],"curies":[{"name":"wp","href":"https:\/\/api.w.org\/{rel}","templated":true}]}}