{"id":11370,"date":"2020-01-09T10:15:49","date_gmt":"2020-01-09T09:15:49","guid":{"rendered":"https:\/\/www.aphyllanthe.fr\/association\/?p=11370"},"modified":"2020-02-27T11:46:10","modified_gmt":"2020-02-27T10:46:10","slug":"la-navette-des-bibliotheques-du-reseau-est-operationnelle","status":"publish","type":"post","link":"https:\/\/www.aphyllanthe.fr\/association\/la-navette-des-bibliotheques-du-reseau-est-operationnelle\/","title":{"rendered":"La navette des biblioth\u00e8ques du r\u00e9seau est op\u00e9rationnelle"},"content":{"rendered":"<p><img loading=\"lazy\" decoding=\"async\" class=\"alignright wp-image-11373 size-thumbnail\" src=\"https:\/\/www.aphyllanthe.fr\/association\/wp-content\/uploads\/2020\/01\/logo-r\u00e9seau1-150x87.jpg\" alt=\"\" width=\"150\" height=\"87\" \/>Depuis d\u00e9cembre 2019, la navette entre les biblioth\u00e8ques du r\u00e9seau est op\u00e9rationnelle. Elle vous permet d&#8217;emprunter et\/ou de rendre vos documents dans n&rsquo;importe quelle biblioth\u00e8que du r\u00e9seau.<\/p>\n<p><strong>Envie d&rsquo;un document ?<\/strong> R\u00e9servez-le sur le <a href=\"https:\/\/www.mediatheques.ccpaysduzes.fr\/page\/navette\" target=\"_blank\" rel=\"noopener noreferrer\">portail<\/a> du r\u00e9seau des biblioth\u00e8ques, indiquez dans quelle biblioth\u00e8que vous souhaitez le retirer et les biblioth\u00e9caires feront le reste. Une fois le document livr\u00e9 par la navette, un mail vous avertira de sa disponibilit\u00e9 et vous n&rsquo;aurez plus qu&rsquo;\u00e0 venir le chercher.<\/p>\n<p><strong>Vous avez emprunt\u00e9 des documents dans plusieurs biblioth\u00e8ques du r\u00e9seau ?<\/strong> Si vous le souhaitez, vous pouvez tout rendre dans la biblioth\u00e8que de votre choix. Les documents repartiront dans leur biblioth\u00e8que d&rsquo;origine en empruntant la navette.<\/p>\n","protected":false},"excerpt":{"rendered":"<p>Depuis d\u00e9cembre 2019, la navette entre les biblioth\u00e8ques du r\u00e9seau est op\u00e9rationnelle. Elle vous permet d&#8217;emprunter et\/ou de rendre vos documents dans n&rsquo;importe quelle biblioth\u00e8que du r\u00e9seau. Envie d&rsquo;un document ? R\u00e9servez-le sur le portail du r\u00e9seau des biblioth\u00e8ques, indiquez dans quelle biblioth\u00e8que vous souhaitez le retirer et les biblioth\u00e9caires feront le reste. Une fois &hellip; <a href=\"https:\/\/www.aphyllanthe.fr\/association\/la-navette-des-bibliotheques-du-reseau-est-operationnelle\/\" class=\"more-link\">Continuer la lecture de <span class=\"screen-reader-text\">La navette des biblioth\u00e8ques du r\u00e9seau est op\u00e9rationnelle<\/span>  <span class=\"meta-nav\">&rarr;<\/span><\/a><\/p>\n","protected":false},"author":9,"featured_media":11404,"comment_status":"closed","ping_status":"closed","sticky":false,"template":"","format":"standard","meta":{"footnotes":""},"categories":[4,2],"tags":[],"class_list":["post-11370","post","type-post","status-publish","format-standard","has-post-thumbnail","hentry","category-annonce","category-chronique-bibliotheque"],"_links":{"self":[{"href":"https:\/\/www.aphyllanthe.fr\/association\/wp-json\/wp\/v2\/posts\/11370","targetHints":{"allow":["GET"]}}],"collection":[{"href":"https:\/\/www.aphyllanthe.fr\/association\/wp-json\/wp\/v2\/posts"}],"about":[{"href":"https:\/\/www.aphyllanthe.fr\/association\/wp-json\/wp\/v2\/types\/post"}],"author":[{"embeddable":true,"href":"https:\/\/www.aphyllanthe.fr\/association\/wp-json\/wp\/v2\/users\/9"}],"replies":[{"embeddable":true,"href":"https:\/\/www.aphyllanthe.fr\/association\/wp-json\/wp\/v2\/comments?post=11370"}],"version-history":[{"count":0,"href":"https:\/\/www.aphyllanthe.fr\/association\/wp-json\/wp\/v2\/posts\/11370\/revisions"}],"wp:featuredmedia":[{"embeddable":true,"href":"https:\/\/www.aphyllanthe.fr\/association\/wp-json\/wp\/v2\/media\/11404"}],"wp:attachment":[{"href":"https:\/\/www.aphyllanthe.fr\/association\/wp-json\/wp\/v2\/media?parent=11370"}],"wp:term":[{"taxonomy":"category","embeddable":true,"href":"https:\/\/www.aphyllanthe.fr\/association\/wp-json\/wp\/v2\/categories?post=11370"},{"taxonomy":"post_tag","embeddable":true,"href":"https:\/\/www.aphyllanthe.fr\/association\/wp-json\/wp\/v2\/tags?post=11370"}],"curies":[{"name":"wp","href":"https:\/\/api.w.org\/{rel}","templated":true}]}}