{"id":1173,"date":"2015-02-22T15:57:21","date_gmt":"2015-02-22T14:57:21","guid":{"rendered":"http:\/\/www.aphyllanthe.fr\/association\/?p=1173"},"modified":"2022-09-28T14:31:25","modified_gmt":"2022-09-28T13:31:25","slug":"visite-au-musee-souleiado","status":"publish","type":"post","link":"https:\/\/www.aphyllanthe.fr\/association\/visite-au-musee-souleiado\/","title":{"rendered":"Visite au mus\u00e9e Souleiado"},"content":{"rendered":"<figure id=\"attachment_1175\" aria-describedby=\"caption-attachment-1175\" style=\"width: 200px\" class=\"wp-caption alignleft\"><a href=\"http:\/\/www.aphyllanthe.fr\/association\/wp-content\/uploads\/2015\/02\/DSC05054-e1424616706807.jpg\"><img loading=\"lazy\" decoding=\"async\" class=\"size-medium wp-image-1175\" src=\"http:\/\/www.aphyllanthe.fr\/association\/wp-content\/uploads\/2015\/02\/DSC05054-e1424616706807-200x300.jpg\" alt=\"L\u2019h\u00f4tel Ayminy, si\u00e8ge social de Souleiado\" width=\"200\" height=\"300\" srcset=\"https:\/\/www.aphyllanthe.fr\/association\/wp-content\/uploads\/2015\/02\/DSC05054-e1424616706807-200x300.jpg 200w, https:\/\/www.aphyllanthe.fr\/association\/wp-content\/uploads\/2015\/02\/DSC05054-e1424616706807-683x1024.jpg 683w, https:\/\/www.aphyllanthe.fr\/association\/wp-content\/uploads\/2015\/02\/DSC05054-e1424616706807-600x900.jpg 600w, https:\/\/www.aphyllanthe.fr\/association\/wp-content\/uploads\/2015\/02\/DSC05054-e1424616706807.jpg 768w\" sizes=\"auto, (max-width: 200px) 100vw, 200px\" \/><\/a><figcaption id=\"caption-attachment-1175\" class=\"wp-caption-text\">L\u2019h\u00f4tel Ayminy, si\u00e8ge social de Souleiado<\/figcaption><\/figure>\n<p>Ce 21 f\u00e9vrier 2015, un groupe d&rsquo;environ 20 personnes de l&rsquo;Association incluant une dizaine d&rsquo;enfants a visit\u00e9 le mus\u00e9e du Textile Proven\u00e7al dans la ville de Tarascon. Ce mus\u00e9e, fond\u00e9 en 1988, est log\u00e9 <!--more--><\/p>\n<p>dans l\u2019h\u00f4tel d\u2019Ayminy, h\u00f4tel particulier du XVII\u00e8me si\u00e8cle et r\u00e9sidence de la manufacture Souleiado depuis deux si\u00e8cles. Le mus\u00e9e retrace l\u2019histoire des \u00ab\u00a0indiennes proven\u00e7ales\u00a0\u00bb en France et pr\u00e9sente des souvenirs de la maison Souleiado.<\/p>\n<p>La visite guid\u00e9e \u00e9tait anim\u00e9e par une personne passionn\u00e9e par son sujet et cela nous a permis de comprendre l&rsquo;histoire des tissus \u00ab\u00a0indiennes\u00a0\u00bb depuis l\u2019arriv\u00e9e des premiers lots de commerce de l&rsquo;Inde en 1648, suivi du d\u00e9but de la production en France en 1669, jusqu\u2019\u00e0 l&rsquo;essor, l&rsquo;interdiction, le d\u00e9veloppement des industries et des marques modernes au XXI\u00e8me si\u00e8cle.<\/p>\n<p><div id='gallery-1' class='gallery galleryid-1173 gallery-columns-2 gallery-size-medium'><figure class='gallery-item'>\n\t\t\t<div class='gallery-icon landscape'>\n\t\t\t\t<a href='https:\/\/www.aphyllanthe.fr\/association\/img_3445\/'><img loading=\"lazy\" decoding=\"async\" width=\"300\" height=\"225\" src=\"https:\/\/www.aphyllanthe.fr\/association\/wp-content\/uploads\/2015\/02\/IMG_3445-300x225.jpg\" class=\"attachment-medium size-medium\" alt=\"piqu\u00e9s et boutis\" aria-describedby=\"gallery-1-1183\" srcset=\"https:\/\/www.aphyllanthe.fr\/association\/wp-content\/uploads\/2015\/02\/IMG_3445-300x225.jpg 300w, https:\/\/www.aphyllanthe.fr\/association\/wp-content\/uploads\/2015\/02\/IMG_3445.jpg 1024w, https:\/\/www.aphyllanthe.fr\/association\/wp-content\/uploads\/2015\/02\/IMG_3445-600x450.jpg 600w\" sizes=\"auto, (max-width: 300px) 100vw, 300px\" \/><\/a>\n\t\t\t<\/div>\n\t\t\t\t<figcaption class='wp-caption-text gallery-caption' id='gallery-1-1183'>\n\t\t\t\tpiqu\u00e9s et boutis\n\t\t\t\t<\/figcaption><\/figure><figure class='gallery-item'>\n\t\t\t<div class='gallery-icon landscape'>\n\t\t\t\t<a href='https:\/\/www.aphyllanthe.fr\/association\/img_3443\/'><img loading=\"lazy\" decoding=\"async\" width=\"300\" height=\"225\" src=\"https:\/\/www.aphyllanthe.fr\/association\/wp-content\/uploads\/2015\/02\/IMG_3443-300x225.jpg\" class=\"attachment-medium size-medium\" alt=\"atelier des pigments\" aria-describedby=\"gallery-1-1181\" srcset=\"https:\/\/www.aphyllanthe.fr\/association\/wp-content\/uploads\/2015\/02\/IMG_3443-300x225.jpg 300w, https:\/\/www.aphyllanthe.fr\/association\/wp-content\/uploads\/2015\/02\/IMG_3443.jpg 1024w, https:\/\/www.aphyllanthe.fr\/association\/wp-content\/uploads\/2015\/02\/IMG_3443-600x450.jpg 600w\" sizes=\"auto, (max-width: 300px) 100vw, 300px\" \/><\/a>\n\t\t\t<\/div>\n\t\t\t\t<figcaption class='wp-caption-text gallery-caption' id='gallery-1-1181'>\n\t\t\t\tatelier des pigments\n\t\t\t\t<\/figcaption><\/figure><figure class='gallery-item'>\n\t\t\t<div class='gallery-icon landscape'>\n\t\t\t\t<a href='https:\/\/www.aphyllanthe.fr\/association\/img_3435\/'><img loading=\"lazy\" decoding=\"async\" width=\"300\" height=\"225\" src=\"https:\/\/www.aphyllanthe.fr\/association\/wp-content\/uploads\/2015\/02\/IMG_3435-300x225.jpg\" class=\"attachment-medium size-medium\" alt=\"atelier d&#039;impression\" aria-describedby=\"gallery-1-1180\" srcset=\"https:\/\/www.aphyllanthe.fr\/association\/wp-content\/uploads\/2015\/02\/IMG_3435-300x225.jpg 300w, https:\/\/www.aphyllanthe.fr\/association\/wp-content\/uploads\/2015\/02\/IMG_3435.jpg 1024w, https:\/\/www.aphyllanthe.fr\/association\/wp-content\/uploads\/2015\/02\/IMG_3435-600x450.jpg 600w\" sizes=\"auto, (max-width: 300px) 100vw, 300px\" \/><\/a>\n\t\t\t<\/div>\n\t\t\t\t<figcaption class='wp-caption-text gallery-caption' id='gallery-1-1180'>\n\t\t\t\tatelier d&rsquo;impression\n\t\t\t\t<\/figcaption><\/figure><figure class='gallery-item'>\n\t\t\t<div class='gallery-icon landscape'>\n\t\t\t\t<a href='https:\/\/www.aphyllanthe.fr\/association\/img_3433\/'><img loading=\"lazy\" decoding=\"async\" width=\"300\" height=\"225\" src=\"https:\/\/www.aphyllanthe.fr\/association\/wp-content\/uploads\/2015\/02\/IMG_3433-300x225.jpg\" class=\"attachment-medium size-medium\" alt=\"atelier d&#039;impression\" aria-describedby=\"gallery-1-1179\" srcset=\"https:\/\/www.aphyllanthe.fr\/association\/wp-content\/uploads\/2015\/02\/IMG_3433-300x225.jpg 300w, https:\/\/www.aphyllanthe.fr\/association\/wp-content\/uploads\/2015\/02\/IMG_3433.jpg 1024w, https:\/\/www.aphyllanthe.fr\/association\/wp-content\/uploads\/2015\/02\/IMG_3433-600x450.jpg 600w\" sizes=\"auto, (max-width: 300px) 100vw, 300px\" \/><\/a>\n\t\t\t<\/div>\n\t\t\t\t<figcaption class='wp-caption-text gallery-caption' id='gallery-1-1179'>\n\t\t\t\tle guide explique l&rsquo;usage des planches d&rsquo;impression\n\t\t\t\t<\/figcaption><\/figure><figure class='gallery-item'>\n\t\t\t<div class='gallery-icon landscape'>\n\t\t\t\t<a href='https:\/\/www.aphyllanthe.fr\/association\/img_3432\/'><img loading=\"lazy\" decoding=\"async\" width=\"300\" height=\"225\" src=\"https:\/\/www.aphyllanthe.fr\/association\/wp-content\/uploads\/2015\/02\/IMG_3432-300x225.jpg\" class=\"attachment-medium size-medium\" alt=\"atelier d&#039;impression\" aria-describedby=\"gallery-1-1178\" srcset=\"https:\/\/www.aphyllanthe.fr\/association\/wp-content\/uploads\/2015\/02\/IMG_3432-300x225.jpg 300w, https:\/\/www.aphyllanthe.fr\/association\/wp-content\/uploads\/2015\/02\/IMG_3432.jpg 1024w, https:\/\/www.aphyllanthe.fr\/association\/wp-content\/uploads\/2015\/02\/IMG_3432-600x450.jpg 600w\" sizes=\"auto, (max-width: 300px) 100vw, 300px\" \/><\/a>\n\t\t\t<\/div>\n\t\t\t\t<figcaption class='wp-caption-text gallery-caption' id='gallery-1-1178'>\n\t\t\t\texplications en cours\n\t\t\t\t<\/figcaption><\/figure><figure class='gallery-item'>\n\t\t\t<div class='gallery-icon landscape'>\n\t\t\t\t<a href='https:\/\/www.aphyllanthe.fr\/association\/img_3425\/'><img loading=\"lazy\" decoding=\"async\" width=\"300\" height=\"225\" src=\"https:\/\/www.aphyllanthe.fr\/association\/wp-content\/uploads\/2015\/02\/IMG_3425-300x225.jpg\" class=\"attachment-medium size-medium\" alt=\"pr\u00e9sentation de pi\u00e8ces de collection de la maison Souleiado\" aria-describedby=\"gallery-1-1177\" srcset=\"https:\/\/www.aphyllanthe.fr\/association\/wp-content\/uploads\/2015\/02\/IMG_3425-300x225.jpg 300w, https:\/\/www.aphyllanthe.fr\/association\/wp-content\/uploads\/2015\/02\/IMG_3425.jpg 1024w, https:\/\/www.aphyllanthe.fr\/association\/wp-content\/uploads\/2015\/02\/IMG_3425-600x450.jpg 600w\" sizes=\"auto, (max-width: 300px) 100vw, 300px\" \/><\/a>\n\t\t\t<\/div>\n\t\t\t\t<figcaption class='wp-caption-text gallery-caption' id='gallery-1-1177'>\n\t\t\t\tpr\u00e9sentation de pi\u00e8ces de collection de la maison Souleiado\n\t\t\t\t<\/figcaption><\/figure>\n\t\t<\/div>\n<br \/>\nLa visite s&rsquo;achemine \u00e0 travers plusieurs pi\u00e8ces de l\u2019h\u00f4tel particulier o\u00f9 on peut admirer les pi\u00e8ces de collection (robes, boutis, piqu\u00e9s, chemises), mais aussi comprendre des techniques de production (usage de planches en bois dans l&rsquo;atelier d&rsquo;impression, cr\u00e9ation de couleurs dans l&rsquo;atelier des pigments, etc).<\/p>\n<p>Bien plus qu&rsquo;un mus\u00e9e pour des dames passionn\u00e9es d&rsquo;ouvrages manuels, ce mus\u00e9e pr\u00e9sente des sujets industriels et historiques de fa\u00e7on tr\u00e8s int\u00e9ressante.<\/p>\n","protected":false},"excerpt":{"rendered":"<p>Ce 21 f\u00e9vrier 2015, un groupe d&rsquo;environ 20 personnes de l&rsquo;Association incluant une dizaine d&rsquo;enfants a visit\u00e9 le mus\u00e9e du Textile Proven\u00e7al dans la ville de Tarascon. Ce mus\u00e9e, fond\u00e9 en 1988, est log\u00e9<\/p>\n","protected":false},"author":1,"featured_media":1182,"comment_status":"closed","ping_status":"closed","sticky":false,"template":"","format":"image","meta":{"footnotes":""},"categories":[3],"tags":[87],"class_list":["post-1173","post","type-post","status-publish","format-image","has-post-thumbnail","hentry","category-reportage","tag-souleiado","post_format-post-format-image"],"_links":{"self":[{"href":"https:\/\/www.aphyllanthe.fr\/association\/wp-json\/wp\/v2\/posts\/1173","targetHints":{"allow":["GET"]}}],"collection":[{"href":"https:\/\/www.aphyllanthe.fr\/association\/wp-json\/wp\/v2\/posts"}],"about":[{"href":"https:\/\/www.aphyllanthe.fr\/association\/wp-json\/wp\/v2\/types\/post"}],"author":[{"embeddable":true,"href":"https:\/\/www.aphyllanthe.fr\/association\/wp-json\/wp\/v2\/users\/1"}],"replies":[{"embeddable":true,"href":"https:\/\/www.aphyllanthe.fr\/association\/wp-json\/wp\/v2\/comments?post=1173"}],"version-history":[{"count":1,"href":"https:\/\/www.aphyllanthe.fr\/association\/wp-json\/wp\/v2\/posts\/1173\/revisions"}],"predecessor-version":[{"id":17388,"href":"https:\/\/www.aphyllanthe.fr\/association\/wp-json\/wp\/v2\/posts\/1173\/revisions\/17388"}],"wp:featuredmedia":[{"embeddable":true,"href":"https:\/\/www.aphyllanthe.fr\/association\/wp-json\/wp\/v2\/media\/1182"}],"wp:attachment":[{"href":"https:\/\/www.aphyllanthe.fr\/association\/wp-json\/wp\/v2\/media?parent=1173"}],"wp:term":[{"taxonomy":"category","embeddable":true,"href":"https:\/\/www.aphyllanthe.fr\/association\/wp-json\/wp\/v2\/categories?post=1173"},{"taxonomy":"post_tag","embeddable":true,"href":"https:\/\/www.aphyllanthe.fr\/association\/wp-json\/wp\/v2\/tags?post=1173"}],"curies":[{"name":"wp","href":"https:\/\/api.w.org\/{rel}","templated":true}]}}