{"id":1241,"date":"2015-03-12T08:45:08","date_gmt":"2015-03-12T07:45:08","guid":{"rendered":"http:\/\/www.aphyllanthe.fr\/association\/?p=1241"},"modified":"2015-03-26T22:10:24","modified_gmt":"2015-03-26T21:10:24","slug":"27-mars-2015-assemblee-generale-de-laphyllanthe","status":"publish","type":"post","link":"https:\/\/www.aphyllanthe.fr\/association\/27-mars-2015-assemblee-generale-de-laphyllanthe\/","title":{"rendered":"27 mars 2015, Assembl\u00e9e G\u00e9n\u00e9rale de l&rsquo;Aphyllanthe"},"content":{"rendered":"<figure id=\"attachment_1242\" aria-describedby=\"caption-attachment-1242\" style=\"width: 220px\" class=\"wp-caption alignright\"><img loading=\"lazy\" decoding=\"async\" class=\"size-full wp-image-1242\" src=\"http:\/\/www.aphyllanthe.fr\/association\/wp-content\/uploads\/2015\/03\/assemblee.jpg\" alt=\"Assembl\u00e9e g\u00e9n\u00e9rale\" width=\"220\" height=\"164\" \/><figcaption id=\"caption-attachment-1242\" class=\"wp-caption-text\">Assembl\u00e9e g\u00e9n\u00e9rale<\/figcaption><\/figure>\n<p>L&rsquo;Association organise son Assembl\u00e9e G\u00e9n\u00e9rale le 27 mars 2015 \u00e0 partir de 18h30 \u00e0 la Salle Andr\u00e9 Meynier d&rsquo;Aigaliers. A l&rsquo;ordre du jour, la pr\u00e9sentation des rapports moral et financier pour l&rsquo;ann\u00e9e 2014, l&rsquo;\u00e9lection du nouveau CA, d\u00e9bats et discussions. (Pour les adh\u00e9rents int\u00e9ress\u00e9s \u00e0 se pr\u00e9senter aux \u00e9lections du CA, merci de signaler votre int\u00e9r\u00eat \u00e0 Mme Lydie Krause, secr\u00e9taire d&rsquo;accueil de l&rsquo;Association).<\/p>\n","protected":false},"excerpt":{"rendered":"<p>L&rsquo;Association organise son Assembl\u00e9e G\u00e9n\u00e9rale le 27 mars 2015 \u00e0 partir de 18h30 \u00e0 la Salle Andr\u00e9 Meynier d&rsquo;Aigaliers. A l&rsquo;ordre du jour, la pr\u00e9sentation des rapports moral et financier pour l&rsquo;ann\u00e9e 2014, l&rsquo;\u00e9lection du nouveau CA, d\u00e9bats et discussions. (Pour les adh\u00e9rents int\u00e9ress\u00e9s \u00e0 se pr\u00e9senter aux \u00e9lections du CA, merci de signaler votre &hellip; <a href=\"https:\/\/www.aphyllanthe.fr\/association\/27-mars-2015-assemblee-generale-de-laphyllanthe\/\" class=\"more-link\">Continuer la lecture de <span class=\"screen-reader-text\">27 mars 2015, Assembl\u00e9e G\u00e9n\u00e9rale de l&rsquo;Aphyllanthe<\/span>  <span class=\"meta-nav\">&rarr;<\/span><\/a><\/p>\n","protected":false},"author":1,"featured_media":0,"comment_status":"closed","ping_status":"open","sticky":false,"template":"","format":"standard","meta":{"footnotes":""},"categories":[4],"tags":[62],"class_list":["post-1241","post","type-post","status-publish","format-standard","hentry","category-annonce","tag-assemblee-generale"],"_links":{"self":[{"href":"https:\/\/www.aphyllanthe.fr\/association\/wp-json\/wp\/v2\/posts\/1241","targetHints":{"allow":["GET"]}}],"collection":[{"href":"https:\/\/www.aphyllanthe.fr\/association\/wp-json\/wp\/v2\/posts"}],"about":[{"href":"https:\/\/www.aphyllanthe.fr\/association\/wp-json\/wp\/v2\/types\/post"}],"author":[{"embeddable":true,"href":"https:\/\/www.aphyllanthe.fr\/association\/wp-json\/wp\/v2\/users\/1"}],"replies":[{"embeddable":true,"href":"https:\/\/www.aphyllanthe.fr\/association\/wp-json\/wp\/v2\/comments?post=1241"}],"version-history":[{"count":0,"href":"https:\/\/www.aphyllanthe.fr\/association\/wp-json\/wp\/v2\/posts\/1241\/revisions"}],"wp:attachment":[{"href":"https:\/\/www.aphyllanthe.fr\/association\/wp-json\/wp\/v2\/media?parent=1241"}],"wp:term":[{"taxonomy":"category","embeddable":true,"href":"https:\/\/www.aphyllanthe.fr\/association\/wp-json\/wp\/v2\/categories?post=1241"},{"taxonomy":"post_tag","embeddable":true,"href":"https:\/\/www.aphyllanthe.fr\/association\/wp-json\/wp\/v2\/tags?post=1241"}],"curies":[{"name":"wp","href":"https:\/\/api.w.org\/{rel}","templated":true}]}}