{"id":12935,"date":"2020-06-08T10:58:03","date_gmt":"2020-06-08T09:58:03","guid":{"rendered":"https:\/\/www.aphyllanthe.fr\/association\/?p=12935"},"modified":"2024-03-29T09:51:56","modified_gmt":"2024-03-29T08:51:56","slug":"merci-aux-cousettes","status":"publish","type":"post","link":"https:\/\/www.aphyllanthe.fr\/association\/merci-aux-cousettes\/","title":{"rendered":"Merci aux Cousettes"},"content":{"rendered":"<p><img loading=\"lazy\" decoding=\"async\" class=\"alignleft wp-image-12956 size-full\" src=\"https:\/\/www.aphyllanthe.fr\/association\/wp-content\/uploads\/2020\/06\/2020-06-08-masq-50-1.jpg\" alt=\"Livraison du 8 juin : 50 de plus !\" width=\"1000\" height=\"339\" srcset=\"https:\/\/www.aphyllanthe.fr\/association\/wp-content\/uploads\/2020\/06\/2020-06-08-masq-50-1.jpg 1000w, https:\/\/www.aphyllanthe.fr\/association\/wp-content\/uploads\/2020\/06\/2020-06-08-masq-50-1-300x102.jpg 300w, https:\/\/www.aphyllanthe.fr\/association\/wp-content\/uploads\/2020\/06\/2020-06-08-masq-50-1-768x260.jpg 768w\" sizes=\"auto, (max-width: 1000px) 100vw, 1000px\" \/>Avec un total de 7 livraisons \u00e0 Cap Vital, ce ne sont pas moins de 410 masques qui ont \u00e9t\u00e9 remis par les Cousettes de l&rsquo;Aphyllanthe aux structures hospitali\u00e8res d&rsquo;Uz\u00e8s.<br \/>\nCes derni\u00e8res ont exprim\u00e9 leur reconnaissance par le biais de courriers.<\/p>\n<div id='gallery-1' class='gallery galleryid-12935 gallery-columns-3 gallery-size-thumbnail'><figure class='gallery-item'>\n\t\t\t<div class='gallery-icon portrait'>\n\t\t\t\t<a href='https:\/\/www.aphyllanthe.fr\/association\/merci-aux-cousettes\/2020-05-23-masques-501\/'><img loading=\"lazy\" decoding=\"async\" width=\"150\" height=\"150\" src=\"https:\/\/www.aphyllanthe.fr\/association\/wp-content\/uploads\/2020\/06\/2020-05-23-masques-501-150x150.jpg\" class=\"attachment-thumbnail size-thumbnail\" alt=\"\" aria-describedby=\"gallery-1-12940\" \/><\/a>\n\t\t\t<\/div>\n\t\t\t\t<figcaption class='wp-caption-text gallery-caption' id='gallery-1-12940'>\n\t\t\t\tLivraison 23 mai\n\t\t\t\t<\/figcaption><\/figure><figure class='gallery-item'>\n\t\t\t<div class='gallery-icon portrait'>\n\t\t\t\t<a href='https:\/\/www.aphyllanthe.fr\/association\/merci-aux-cousettes\/2020-05-16-masques-50-ex1\/'><img loading=\"lazy\" decoding=\"async\" width=\"150\" height=\"150\" src=\"https:\/\/www.aphyllanthe.fr\/association\/wp-content\/uploads\/2020\/06\/2020-05-16-masques-50-ex1-150x150.jpg\" class=\"attachment-thumbnail size-thumbnail\" alt=\"\" aria-describedby=\"gallery-1-12939\" \/><\/a>\n\t\t\t<\/div>\n\t\t\t\t<figcaption class='wp-caption-text gallery-caption' id='gallery-1-12939'>\n\t\t\t\tLivraison 16 mai\n\t\t\t\t<\/figcaption><\/figure><figure class='gallery-item'>\n\t\t\t<div class='gallery-icon landscape'>\n\t\t\t\t<a href='https:\/\/www.aphyllanthe.fr\/association\/masques-en-tissu\/2020-05-09-masques-1\/'><img loading=\"lazy\" decoding=\"async\" width=\"150\" height=\"150\" src=\"https:\/\/www.aphyllanthe.fr\/association\/wp-content\/uploads\/2020\/05\/2020-05-09-masques-1-150x150.jpg\" class=\"attachment-thumbnail size-thumbnail\" alt=\"\" aria-describedby=\"gallery-1-12886\" \/><\/a>\n\t\t\t<\/div>\n\t\t\t\t<figcaption class='wp-caption-text gallery-caption' id='gallery-1-12886'>\n\t\t\t\tLivraison 9 mai\n\t\t\t\t<\/figcaption><\/figure><figure class='gallery-item'>\n\t\t\t<div class='gallery-icon portrait'>\n\t\t\t\t<a href='https:\/\/www.aphyllanthe.fr\/association\/masques-en-tissu\/2020-05-05-masques2\/'><img loading=\"lazy\" decoding=\"async\" width=\"150\" height=\"150\" src=\"https:\/\/www.aphyllanthe.fr\/association\/wp-content\/uploads\/2020\/05\/2020-05-05-masques2-150x150.jpg\" class=\"attachment-thumbnail size-thumbnail\" alt=\"\" aria-describedby=\"gallery-1-12793\" \/><\/a>\n\t\t\t<\/div>\n\t\t\t\t<figcaption class='wp-caption-text gallery-caption' id='gallery-1-12793'>\n\t\t\t\tLivraison 5 mai\n\t\t\t\t<\/figcaption><\/figure><figure class='gallery-item'>\n\t\t\t<div class='gallery-icon portrait'>\n\t\t\t\t<a href='https:\/\/www.aphyllanthe.fr\/association\/masques-en-tissu\/2020-04-25-masques-2\/'><img loading=\"lazy\" decoding=\"async\" width=\"150\" height=\"150\" src=\"https:\/\/www.aphyllanthe.fr\/association\/wp-content\/uploads\/2020\/05\/2020-04-25-masques-1-150x150.jpg\" class=\"attachment-thumbnail size-thumbnail\" alt=\"\" aria-describedby=\"gallery-1-12788\" \/><\/a>\n\t\t\t<\/div>\n\t\t\t\t<figcaption class='wp-caption-text gallery-caption' id='gallery-1-12788'>\n\t\t\t\tLivraison 25 avril\n\t\t\t\t<\/figcaption><\/figure><figure class='gallery-item'>\n\t\t\t<div class='gallery-icon portrait'>\n\t\t\t\t<a href='https:\/\/www.aphyllanthe.fr\/association\/masques-claude\/'><img loading=\"lazy\" decoding=\"async\" width=\"150\" height=\"150\" src=\"https:\/\/www.aphyllanthe.fr\/association\/wp-content\/uploads\/2020\/04\/masques-claude-150x150.jpg\" class=\"attachment-thumbnail size-thumbnail\" alt=\"\" aria-describedby=\"gallery-1-12614\" \/><\/a>\n\t\t\t<\/div>\n\t\t\t\t<figcaption class='wp-caption-text gallery-caption' id='gallery-1-12614'>\n\t\t\t\tLivraison 20 avril\n\t\t\t\t<\/figcaption><\/figure>\n\t\t<\/div>\n\n<p><strong>Bravo les cousettes !<\/strong><\/p>\n","protected":false},"excerpt":{"rendered":"<p>Avec un total de 7 livraisons \u00e0 Cap Vital, ce ne sont pas moins de 410 masques qui ont \u00e9t\u00e9 remis par les Cousettes de l&rsquo;Aphyllanthe aux structures hospitali\u00e8res d&rsquo;Uz\u00e8s. Ces derni\u00e8res ont exprim\u00e9 leur reconnaissance par le biais de courriers. Bravo les cousettes !<\/p>\n","protected":false},"author":9,"featured_media":0,"comment_status":"closed","ping_status":"closed","sticky":false,"template":"","format":"standard","meta":{"footnotes":""},"categories":[4],"tags":[],"class_list":["post-12935","post","type-post","status-publish","format-standard","hentry","category-annonce"],"_links":{"self":[{"href":"https:\/\/www.aphyllanthe.fr\/association\/wp-json\/wp\/v2\/posts\/12935","targetHints":{"allow":["GET"]}}],"collection":[{"href":"https:\/\/www.aphyllanthe.fr\/association\/wp-json\/wp\/v2\/posts"}],"about":[{"href":"https:\/\/www.aphyllanthe.fr\/association\/wp-json\/wp\/v2\/types\/post"}],"author":[{"embeddable":true,"href":"https:\/\/www.aphyllanthe.fr\/association\/wp-json\/wp\/v2\/users\/9"}],"replies":[{"embeddable":true,"href":"https:\/\/www.aphyllanthe.fr\/association\/wp-json\/wp\/v2\/comments?post=12935"}],"version-history":[{"count":1,"href":"https:\/\/www.aphyllanthe.fr\/association\/wp-json\/wp\/v2\/posts\/12935\/revisions"}],"predecessor-version":[{"id":21216,"href":"https:\/\/www.aphyllanthe.fr\/association\/wp-json\/wp\/v2\/posts\/12935\/revisions\/21216"}],"wp:attachment":[{"href":"https:\/\/www.aphyllanthe.fr\/association\/wp-json\/wp\/v2\/media?parent=12935"}],"wp:term":[{"taxonomy":"category","embeddable":true,"href":"https:\/\/www.aphyllanthe.fr\/association\/wp-json\/wp\/v2\/categories?post=12935"},{"taxonomy":"post_tag","embeddable":true,"href":"https:\/\/www.aphyllanthe.fr\/association\/wp-json\/wp\/v2\/tags?post=12935"}],"curies":[{"name":"wp","href":"https:\/\/api.w.org\/{rel}","templated":true}]}}