{"id":12989,"date":"2020-06-19T08:46:03","date_gmt":"2020-06-19T07:46:03","guid":{"rendered":"https:\/\/www.aphyllanthe.fr\/association\/?p=12989"},"modified":"2020-07-02T21:26:33","modified_gmt":"2020-07-02T20:26:33","slug":"le-pilates-termine-en-beaute","status":"publish","type":"post","link":"https:\/\/www.aphyllanthe.fr\/association\/le-pilates-termine-en-beaute\/","title":{"rendered":"Le pilates termine en beaut\u00e9"},"content":{"rendered":"<p>Pascale Tomps a d\u00e9cid\u00e9 de clore cette premi\u00e8re ann\u00e9e de pilates \u00e0 l&rsquo;Aphyllanthe de belle mani\u00e8re avec un cours suppl\u00e9mentaire en plein air, qui a eu lieu <strong>lundi 15 juin<\/strong>.<br \/>\nElle propose \u00e9galement un <strong>stage gratuit <\/strong>ouvert non seulement aux inscrits, mais \u00e9galement \u00e0 tous les adh\u00e9rents qui souhaiteraient d\u00e9couvrir cette discipline.<br \/>\nLe travail se fera avec un accessoire : le cercle de r\u00e9sistance.<\/p>\n<p><strong><img loading=\"lazy\" decoding=\"async\" class=\"size-full wp-image-12996 alignright\" src=\"https:\/\/www.aphyllanthe.fr\/association\/wp-content\/uploads\/2020\/06\/cercle-resistance-1.jpg\" alt=\"\" width=\"150\" height=\"137\" \/>Quand ?<\/strong><br \/>\nSamedi 27 juin de 10h \u00e0 12h.<\/p>\n<p><strong>O\u00f9 ?<br \/>\n<\/strong> Sur la pelouse devant le foyer.<\/p>\n<p><strong>Comment ?<br \/>\n<\/strong> Gratuit et ouvert \u00e0 tous (dans la limite d&rsquo;une pratique sportive r\u00e9guli\u00e8re).<br \/>\n<strong>Inscription obligatoire aupr\u00e8s de Pascale au 06 66 36 45 48.<\/strong><\/p>\n","protected":false},"excerpt":{"rendered":"<p>Pascale Tomps a d\u00e9cid\u00e9 de clore cette premi\u00e8re ann\u00e9e de pilates \u00e0 l&rsquo;Aphyllanthe de belle mani\u00e8re avec un cours suppl\u00e9mentaire en plein air, qui a eu lieu lundi 15 juin. Elle propose \u00e9galement un stage gratuit ouvert non seulement aux inscrits, mais \u00e9galement \u00e0 tous les adh\u00e9rents qui souhaiteraient d\u00e9couvrir cette discipline. Le travail se &hellip; <a href=\"https:\/\/www.aphyllanthe.fr\/association\/le-pilates-termine-en-beaute\/\" class=\"more-link\">Continuer la lecture de <span class=\"screen-reader-text\">Le pilates termine en beaut\u00e9<\/span>  <span class=\"meta-nav\">&rarr;<\/span><\/a><\/p>\n","protected":false},"author":9,"featured_media":0,"comment_status":"closed","ping_status":"closed","sticky":false,"template":"","format":"standard","meta":{"footnotes":""},"categories":[4],"tags":[],"class_list":["post-12989","post","type-post","status-publish","format-standard","hentry","category-annonce"],"_links":{"self":[{"href":"https:\/\/www.aphyllanthe.fr\/association\/wp-json\/wp\/v2\/posts\/12989","targetHints":{"allow":["GET"]}}],"collection":[{"href":"https:\/\/www.aphyllanthe.fr\/association\/wp-json\/wp\/v2\/posts"}],"about":[{"href":"https:\/\/www.aphyllanthe.fr\/association\/wp-json\/wp\/v2\/types\/post"}],"author":[{"embeddable":true,"href":"https:\/\/www.aphyllanthe.fr\/association\/wp-json\/wp\/v2\/users\/9"}],"replies":[{"embeddable":true,"href":"https:\/\/www.aphyllanthe.fr\/association\/wp-json\/wp\/v2\/comments?post=12989"}],"version-history":[{"count":0,"href":"https:\/\/www.aphyllanthe.fr\/association\/wp-json\/wp\/v2\/posts\/12989\/revisions"}],"wp:attachment":[{"href":"https:\/\/www.aphyllanthe.fr\/association\/wp-json\/wp\/v2\/media?parent=12989"}],"wp:term":[{"taxonomy":"category","embeddable":true,"href":"https:\/\/www.aphyllanthe.fr\/association\/wp-json\/wp\/v2\/categories?post=12989"},{"taxonomy":"post_tag","embeddable":true,"href":"https:\/\/www.aphyllanthe.fr\/association\/wp-json\/wp\/v2\/tags?post=12989"}],"curies":[{"name":"wp","href":"https:\/\/api.w.org\/{rel}","templated":true}]}}