{"id":13107,"date":"2020-08-05T15:01:25","date_gmt":"2020-08-05T14:01:25","guid":{"rendered":"https:\/\/www.aphyllanthe.fr\/association\/?p=13107"},"modified":"2023-10-09T11:07:44","modified_gmt":"2023-10-09T10:07:44","slug":"invitation-au-yoga","status":"publish","type":"post","link":"https:\/\/www.aphyllanthe.fr\/association\/invitation-au-yoga\/","title":{"rendered":"Invitation au Yoga"},"content":{"rendered":"<p><img loading=\"lazy\" decoding=\"async\" class=\"alignleft size-medium wp-image-12889\" src=\"https:\/\/www.aphyllanthe.fr\/association\/wp-content\/uploads\/2020\/05\/Yoga-C\u00e9line-Brion-300x203.jpg\" alt=\"\" width=\"300\" height=\"203\" srcset=\"https:\/\/www.aphyllanthe.fr\/association\/wp-content\/uploads\/2020\/05\/Yoga-C\u00e9line-Brion-300x203.jpg 300w, https:\/\/www.aphyllanthe.fr\/association\/wp-content\/uploads\/2020\/05\/Yoga-C\u00e9line-Brion.jpg 720w\" sizes=\"auto, (max-width: 300px) 100vw, 300px\" \/>C\u00e9line Brion, animatrice du Yoga de l&rsquo;association, nous a fait une sympathique vid\u00e9o pour nous parler de sa passion pour la discipline et vous inviter \u00e0 vous inscrire pour le cours de Yoga cet automne. <a href=\"https:\/\/www.aphyllanthe.fr\/association\/yoga\/\" target=\"_blank\" rel=\"noopener noreferrer\">Voir la vid\u00e9o en cliquant ici. <\/a><\/p>\n<p>Lien vers le site de C\u00e9line Brion ici.<\/p>\n","protected":false},"excerpt":{"rendered":"<p>C\u00e9line Brion, animatrice du Yoga de l&rsquo;association, nous a fait une sympathique vid\u00e9o pour nous parler de sa passion pour la discipline et vous inviter \u00e0 vous inscrire pour le cours de Yoga cet automne. Voir la vid\u00e9o en cliquant ici. Lien vers le site de C\u00e9line Brion ici.<\/p>\n","protected":false},"author":1,"featured_media":0,"comment_status":"closed","ping_status":"closed","sticky":false,"template":"","format":"standard","meta":{"footnotes":""},"categories":[4],"tags":[],"class_list":["post-13107","post","type-post","status-publish","format-standard","hentry","category-annonce"],"_links":{"self":[{"href":"https:\/\/www.aphyllanthe.fr\/association\/wp-json\/wp\/v2\/posts\/13107","targetHints":{"allow":["GET"]}}],"collection":[{"href":"https:\/\/www.aphyllanthe.fr\/association\/wp-json\/wp\/v2\/posts"}],"about":[{"href":"https:\/\/www.aphyllanthe.fr\/association\/wp-json\/wp\/v2\/types\/post"}],"author":[{"embeddable":true,"href":"https:\/\/www.aphyllanthe.fr\/association\/wp-json\/wp\/v2\/users\/1"}],"replies":[{"embeddable":true,"href":"https:\/\/www.aphyllanthe.fr\/association\/wp-json\/wp\/v2\/comments?post=13107"}],"version-history":[{"count":2,"href":"https:\/\/www.aphyllanthe.fr\/association\/wp-json\/wp\/v2\/posts\/13107\/revisions"}],"predecessor-version":[{"id":19694,"href":"https:\/\/www.aphyllanthe.fr\/association\/wp-json\/wp\/v2\/posts\/13107\/revisions\/19694"}],"wp:attachment":[{"href":"https:\/\/www.aphyllanthe.fr\/association\/wp-json\/wp\/v2\/media?parent=13107"}],"wp:term":[{"taxonomy":"category","embeddable":true,"href":"https:\/\/www.aphyllanthe.fr\/association\/wp-json\/wp\/v2\/categories?post=13107"},{"taxonomy":"post_tag","embeddable":true,"href":"https:\/\/www.aphyllanthe.fr\/association\/wp-json\/wp\/v2\/tags?post=13107"}],"curies":[{"name":"wp","href":"https:\/\/api.w.org\/{rel}","templated":true}]}}