{"id":13287,"date":"2020-09-03T10:21:43","date_gmt":"2020-09-03T09:21:43","guid":{"rendered":"https:\/\/www.aphyllanthe.fr\/association\/?p=13287"},"modified":"2020-09-06T13:30:51","modified_gmt":"2020-09-06T12:30:51","slug":"lancement-du-programme-des-activites-regulieres","status":"publish","type":"post","link":"https:\/\/www.aphyllanthe.fr\/association\/lancement-du-programme-des-activites-regulieres\/","title":{"rendered":"Lancement du programme des activit\u00e9s r\u00e9guli\u00e8res"},"content":{"rendered":"<p><img loading=\"lazy\" decoding=\"async\" class=\"alignleft size-medium wp-image-13192\" src=\"https:\/\/www.aphyllanthe.fr\/association\/wp-content\/uploads\/2020\/08\/rentree-2020-300x120.jpg\" alt=\"\" width=\"300\" height=\"120\" srcset=\"https:\/\/www.aphyllanthe.fr\/association\/wp-content\/uploads\/2020\/08\/rentree-2020-300x120.jpg 300w, https:\/\/www.aphyllanthe.fr\/association\/wp-content\/uploads\/2020\/08\/rentree-2020.jpg 600w\" sizes=\"auto, (max-width: 300px) 100vw, 300px\" \/>L&rsquo;Association a \u00e9labor\u00e9 son programme d&rsquo;activit\u00e9s hebdomadaires, mensuelles et bimensuelles pour la rentr\u00e9e 2020. La lettre de l&rsquo;Aphyllanthe et l&rsquo;encart livres et recette seront distribu\u00e9s sous peu dans les boites aux lettres d&rsquo;Aigaliers, de Baron et de Foissac. Vous pouvez, d\u00e8s \u00e0 pr\u00e9sent, les consulter en cliquant sur les liens dans la barre lat\u00e9rale \u00e0 gauche. Nous vous invitons \u00e9galement \u00e0 :<\/p>\n<ul>\n<li>consulter les d\u00e9tails du programme,<\/li>\n<li>vous pr\u00e9-inscrire pour vos activit\u00e9s pr\u00e9f\u00e9r\u00e9es<\/li>\n<\/ul>\n<p>en allant <a href=\"\/association\/programme-des-activites\/\" target=\"_blank\" rel=\"noopener noreferrer\">sur cette page.<\/a><br \/>\n<!--more--><\/p>\n<p>Nous avons de nouvelles animatrices pour les activit\u00e9s de gym, d&rsquo;arts plastiques et d&rsquo;\u00e9veil musical.<\/p>\n<p><strong>Crise sanitaire et COVID<\/strong><br \/>\nNous avons \u00e9tabli des protocoles sanitaires pour tous les espaces utilis\u00e9s par l&rsquo;association (biblioth\u00e8que, foyer et presbyt\u00e8re). Ces espaces seront \u00e9quip\u00e9s avec le mat\u00e9riel n\u00e9cessaire pour la d\u00e9sinfection et seront nettoy\u00e9s r\u00e9guli\u00e8rement. Nous allons publier ces protocoles d&rsquo;ici quelques jours et les afficher dans les salles en question. L&rsquo;utilisation des masques devient obligatoire (sauf activit\u00e9s sportives et enfants en-dessous de 11 ans) et des limites seront impos\u00e9es quant au nombre de personnes dans les salles.<\/p>\n<p>A ce stade, nous ne sommes en mesure de confirmer ni les activit\u00e9s pour enfants lors des vacances scolaires de l&rsquo;automne, ni les sorties patrimoine et culture. Selon l&rsquo;\u00e9volution de la situation, nous confirmerons nos projets par voie d&rsquo;affichage, envoi de courriels et d&rsquo;infolettres, ainsi que des articles dans la presse locale.<\/p>\n","protected":false},"excerpt":{"rendered":"<p>L&rsquo;Association a \u00e9labor\u00e9 son programme d&rsquo;activit\u00e9s hebdomadaires, mensuelles et bimensuelles pour la rentr\u00e9e 2020. La lettre de l&rsquo;Aphyllanthe et l&rsquo;encart livres et recette seront distribu\u00e9s sous peu dans les boites aux lettres d&rsquo;Aigaliers, de Baron et de Foissac. Vous pouvez, d\u00e8s \u00e0 pr\u00e9sent, les consulter en cliquant sur les liens dans la barre lat\u00e9rale \u00e0 &hellip; <a href=\"https:\/\/www.aphyllanthe.fr\/association\/lancement-du-programme-des-activites-regulieres\/\" class=\"more-link\">Continuer la lecture de <span class=\"screen-reader-text\">Lancement du programme des activit\u00e9s r\u00e9guli\u00e8res<\/span>  <span class=\"meta-nav\">&rarr;<\/span><\/a><\/p>\n","protected":false},"author":1,"featured_media":0,"comment_status":"closed","ping_status":"closed","sticky":false,"template":"","format":"standard","meta":{"footnotes":""},"categories":[4],"tags":[],"class_list":["post-13287","post","type-post","status-publish","format-standard","hentry","category-annonce"],"_links":{"self":[{"href":"https:\/\/www.aphyllanthe.fr\/association\/wp-json\/wp\/v2\/posts\/13287","targetHints":{"allow":["GET"]}}],"collection":[{"href":"https:\/\/www.aphyllanthe.fr\/association\/wp-json\/wp\/v2\/posts"}],"about":[{"href":"https:\/\/www.aphyllanthe.fr\/association\/wp-json\/wp\/v2\/types\/post"}],"author":[{"embeddable":true,"href":"https:\/\/www.aphyllanthe.fr\/association\/wp-json\/wp\/v2\/users\/1"}],"replies":[{"embeddable":true,"href":"https:\/\/www.aphyllanthe.fr\/association\/wp-json\/wp\/v2\/comments?post=13287"}],"version-history":[{"count":0,"href":"https:\/\/www.aphyllanthe.fr\/association\/wp-json\/wp\/v2\/posts\/13287\/revisions"}],"wp:attachment":[{"href":"https:\/\/www.aphyllanthe.fr\/association\/wp-json\/wp\/v2\/media?parent=13287"}],"wp:term":[{"taxonomy":"category","embeddable":true,"href":"https:\/\/www.aphyllanthe.fr\/association\/wp-json\/wp\/v2\/categories?post=13287"},{"taxonomy":"post_tag","embeddable":true,"href":"https:\/\/www.aphyllanthe.fr\/association\/wp-json\/wp\/v2\/tags?post=13287"}],"curies":[{"name":"wp","href":"https:\/\/api.w.org\/{rel}","templated":true}]}}