{"id":13418,"date":"2020-09-16T14:28:29","date_gmt":"2020-09-16T13:28:29","guid":{"rendered":"https:\/\/www.aphyllanthe.fr\/association\/?p=13418"},"modified":"2020-09-16T14:28:29","modified_gmt":"2020-09-16T13:28:29","slug":"nos-protocoles-sanitaires-pour-la-reprise","status":"publish","type":"post","link":"https:\/\/www.aphyllanthe.fr\/association\/nos-protocoles-sanitaires-pour-la-reprise\/","title":{"rendered":"Nos protocoles sanitaires pour la reprise"},"content":{"rendered":"<p><img loading=\"lazy\" decoding=\"async\" class=\"alignleft size-full wp-image-1142\" src=\"https:\/\/www.aphyllanthe.fr\/association\/wp-content\/uploads\/2015\/02\/Fleur-Aphyllanthe.png\" alt=\"\" width=\"94\" height=\"93\" \/>En fonction du classement de d\u00e9partement du Gard en zone rouge et de la circulation active du COVID, l&rsquo;Association met en place plusieurs protocoles sanitaires \u00e0 appliquer dans les locaux utilis\u00e9s pour nos activit\u00e9s. Gr\u00e2ce \u00e0 la g\u00e9n\u00e9reuse collaboration de la mairie d&rsquo;Aigaliers, l&rsquo;Association dispose de plusieurs salles. Pour chacune de ces salles, des obligations de d\u00e9sinfection et de propret\u00e9 s&rsquo;imposent. Voir le d\u00e9tail dans le tableau ci-dessous. Merci de noter que pour chaque salle, il y a un protocole sanitaire sp\u00e9cifique en fonction des activit\u00e9s. Ces protocoles, en vigueur \u00e0 partir du 15 septembre 2020 et jusqu&rsquo;\u00e0 nouvel ordre, sont consultables sur les liens du tableau.<\/p>\n<p>Il est \u00e0 noter que, jusqu&rsquo;\u00e0 nouvel ordre, le foyer d&rsquo;Aigaliers ne sera pas lou\u00e9 au public. Par cons\u00e9quent les seuls occupants seront les adh\u00e9rents participant \u00e0 nos activit\u00e9s. Nous demandons \u00e0 nos adh\u00e9rents de nous aider \u00e0 garder ces lieux en bon \u00e9tat et de suivre les consignes des protocoles. Le foyer sera nettoy\u00e9 2 fois par semaine &#8211; le mercredi et le vendredi soir. La salle du presbyt\u00e8re sera nettoy\u00e9e le mercredi soir.<\/p>\n<table class=\"progdumois\">\n<tbody>\n<tr>\n<th>Salle<\/th>\n<th>Nature des activit\u00e9s<\/th>\n<th>Protocole sanitaire<\/th>\n<\/tr>\n<tr>\n<td>Biblioth\u00e8que d&rsquo;Aigaliers<\/td>\n<td>Pr\u00eat et consultation des livres, cercle des lectrices, ateliers couture &amp; tricot-th\u00e9<\/td>\n<td>Occupation maximum 15 personnes, masques et distanciation obligataire. <a href=\"\/association\/pdf\/protocoles\/affiche-protocole-bibliotheque-A3-09.2020.pdf\" target=\"_blank\" rel=\"noopener noreferrer\">Voir le d\u00e9tail ici.<\/a><\/td>\n<\/tr>\n<tr>\n<td>Atelier de la biblioth\u00e8que<\/td>\n<td>Aucune activit\u00e9 &#8211; la salle est trop petite<\/td>\n<td>Occupation maximum 4 personnes. <a href=\"\/association\/pdf\/protocoles\/affiche-protocole-cuisine-09.2020.pdf\" target=\"_blank\" rel=\"noopener noreferrer\">Voir le d\u00e9tail ici.<\/a><\/td>\n<\/tr>\n<tr>\n<td>Cuisine de la biblioth\u00e8que<\/td>\n<td>Pr\u00e9paration boissons, stockage produits, lavage vaisselle<\/td>\n<td>Occupation maximum 2 personnes. <a href=\"\/association\/pdf\/protocoles\/affiche-protocole-cuisine-09.2020.pdf\" target=\"_blank\" rel=\"noopener noreferrer\">Voir le d\u00e9tail ici.<\/a><\/td>\n<\/tr>\n<tr>\n<td>Salle polyvalente d&rsquo;Aigaliers (foyer)<\/td>\n<td>Ateliers enfants (\u00e9veil musical, th\u00e9\u00e2tre); Activit\u00e9s sportives adultes (yoga, pilates, gym)<\/td>\n<td>Occupation maximum 15 personnes. <a href=\"\/association\/pdf\/protocoles\/affiche-protocole-foyer-A3-09.2020.pdf\" target=\"_blank\" rel=\"noopener noreferrer\">Voir le d\u00e9tail ici.<\/a><\/td>\n<\/tr>\n<tr>\n<td>Salle de l&rsquo;ancien presbyt\u00e8re d&rsquo;Aigaliers<\/td>\n<td>Ateliers enfants et adultes (poterie et arts plastiques)<\/td>\n<td>Occupation maximum 9 personnes. <a href=\"\/association\/pdf\/protocoles\/affiche-protocole-presbytere-A3-09.2020.pdf\" target=\"_blank\" rel=\"noopener noreferrer\">Voir le d\u00e9tail ici.<\/a><\/td>\n<\/tr>\n<\/tbody>\n<\/table>\n<p><img loading=\"lazy\" decoding=\"async\" class=\"aligncenter size-full wp-image-1267\" src=\"https:\/\/www.aphyllanthe.fr\/association\/wp-content\/uploads\/2015\/03\/logotest-page001.jpg\" alt=\"\" width=\"910\" height=\"548\" srcset=\"https:\/\/www.aphyllanthe.fr\/association\/wp-content\/uploads\/2015\/03\/logotest-page001.jpg 910w, https:\/\/www.aphyllanthe.fr\/association\/wp-content\/uploads\/2015\/03\/logotest-page001-300x181.jpg 300w, https:\/\/www.aphyllanthe.fr\/association\/wp-content\/uploads\/2015\/03\/logotest-page001-600x361.jpg 600w\" sizes=\"auto, (max-width: 910px) 100vw, 910px\" \/><\/p>\n","protected":false},"excerpt":{"rendered":"<p>En fonction du classement de d\u00e9partement du Gard en zone rouge et de la circulation active du COVID, l&rsquo;Association met en place plusieurs protocoles sanitaires \u00e0 appliquer dans les locaux utilis\u00e9s pour nos activit\u00e9s. Gr\u00e2ce \u00e0 la g\u00e9n\u00e9reuse collaboration de la mairie d&rsquo;Aigaliers, l&rsquo;Association dispose de plusieurs salles. Pour chacune de ces salles, des obligations &hellip; <a href=\"https:\/\/www.aphyllanthe.fr\/association\/nos-protocoles-sanitaires-pour-la-reprise\/\" class=\"more-link\">Continuer la lecture de <span class=\"screen-reader-text\">Nos protocoles sanitaires pour la reprise<\/span>  <span class=\"meta-nav\">&rarr;<\/span><\/a><\/p>\n","protected":false},"author":1,"featured_media":0,"comment_status":"closed","ping_status":"closed","sticky":false,"template":"","format":"standard","meta":{"footnotes":""},"categories":[4],"tags":[],"class_list":["post-13418","post","type-post","status-publish","format-standard","hentry","category-annonce"],"_links":{"self":[{"href":"https:\/\/www.aphyllanthe.fr\/association\/wp-json\/wp\/v2\/posts\/13418","targetHints":{"allow":["GET"]}}],"collection":[{"href":"https:\/\/www.aphyllanthe.fr\/association\/wp-json\/wp\/v2\/posts"}],"about":[{"href":"https:\/\/www.aphyllanthe.fr\/association\/wp-json\/wp\/v2\/types\/post"}],"author":[{"embeddable":true,"href":"https:\/\/www.aphyllanthe.fr\/association\/wp-json\/wp\/v2\/users\/1"}],"replies":[{"embeddable":true,"href":"https:\/\/www.aphyllanthe.fr\/association\/wp-json\/wp\/v2\/comments?post=13418"}],"version-history":[{"count":0,"href":"https:\/\/www.aphyllanthe.fr\/association\/wp-json\/wp\/v2\/posts\/13418\/revisions"}],"wp:attachment":[{"href":"https:\/\/www.aphyllanthe.fr\/association\/wp-json\/wp\/v2\/media?parent=13418"}],"wp:term":[{"taxonomy":"category","embeddable":true,"href":"https:\/\/www.aphyllanthe.fr\/association\/wp-json\/wp\/v2\/categories?post=13418"},{"taxonomy":"post_tag","embeddable":true,"href":"https:\/\/www.aphyllanthe.fr\/association\/wp-json\/wp\/v2\/tags?post=13418"}],"curies":[{"name":"wp","href":"https:\/\/api.w.org\/{rel}","templated":true}]}}