{"id":1342,"date":"2015-03-31T13:13:13","date_gmt":"2015-03-31T12:13:13","guid":{"rendered":"http:\/\/www.aphyllanthe.fr\/association\/?p=1342"},"modified":"2016-07-09T15:02:50","modified_gmt":"2016-07-09T14:02:50","slug":"idees-de-lecture-pour-le-printemps-2015","status":"publish","type":"post","link":"https:\/\/www.aphyllanthe.fr\/association\/idees-de-lecture-pour-le-printemps-2015\/","title":{"rendered":"Id\u00e9es de lecture pour le printemps 2015"},"content":{"rendered":"<p>L&rsquo;insert livres et recettes du mois d&rsquo;avril 2015 vient de paraitre. <a href=\"http:\/\/www.aphyllanthe.fr\/association\/pdf\/inserts\/insert-04-2015.pdf\">Vous pouvez le t\u00e9l\u00e9charger en format pdf ici. <\/a> Ou lire des extraits ci-dessous.<\/p>\n<figure id=\"attachment_1350\" aria-describedby=\"caption-attachment-1350\" style=\"width: 150px\" class=\"wp-caption alignleft\"><img loading=\"lazy\" decoding=\"async\" class=\"size-thumbnail wp-image-1350\" src=\"http:\/\/www.aphyllanthe.fr\/association\/wp-content\/uploads\/2015\/03\/compl\u00e8tement-cram\u00e9-150x150.jpg\" alt=\"Gilles Legardinier : Compl\u00e8tement cram\u00e9\" width=\"150\" height=\"150\" \/><figcaption id=\"caption-attachment-1350\" class=\"wp-caption-text\">Gilles Legardinier : Compl\u00e8tement cram\u00e9 !<\/figcaption><\/figure>\n<p><strong>Compl\u00e8tement cram\u00e9<\/strong><em> de Gilles Legardinier<\/em><br \/>\nVous avez aim\u00e9 \u00ab Demain j\u2019arr\u00eate \u00bb ? Vous aimez rire et vous d\u00e9tendre ? L\u2019auteur revient ici avec cette aventure humaine pleine de folie, d\u2019\u00e9motion et d\u2019humour qui parlera \u00e0 beaucoup de monde, quel que soit l\u2019\u00e2ge\u2026.<!--more--><\/p>\n<figure id=\"attachment_1347\" aria-describedby=\"caption-attachment-1347\" style=\"width: 150px\" class=\"wp-caption alignright\"><img loading=\"lazy\" decoding=\"async\" class=\"size-thumbnail wp-image-1347\" src=\"http:\/\/www.aphyllanthe.fr\/association\/wp-content\/uploads\/2015\/03\/trudi-la-naine-150x150.jpg\" alt=\"Ursula Hegi : Trudi la naine\" width=\"150\" height=\"150\" \/><figcaption id=\"caption-attachment-1347\" class=\"wp-caption-text\">Ursula Hegi : Trudi la naine<\/figcaption><\/figure>\n<p><strong>Trudi la naine <\/strong><em>d\u2019Ursula Hegi<\/em><br \/>\nTrudi nait avec un handicap. Sa m\u00e8re, tr\u00e8s fragile psychologiquement, ne peut prendre soin d\u2019elle. Fort heureusement son p\u00e8re se montre aimant et protecteur. Vive et intelligente, souvent seule, d\u00e9laiss\u00e9e par les enfants de son \u00e2ge, sujette \u00e0 mille et une brimades, elle observe les habitants de sa ville natale, Burgdorf, petite ville d\u2019Allemagne et cherche \u00e0 percer leurs secrets, souvent les plus inavouables. Au travers du r\u00e9cit de la vie de Trudi, l\u2019auteur d\u00e9crit, depuis la mont\u00e9e du nazisme jusqu\u2019\u00e0 la fin de la guerre, tout un pan de l\u2019histoire allemande. Un roman passionnant et audacieux.<\/p>\n<figure id=\"attachment_1354\" aria-describedby=\"caption-attachment-1354\" style=\"width: 150px\" class=\"wp-caption alignleft\"><img loading=\"lazy\" decoding=\"async\" class=\"size-thumbnail wp-image-1354\" src=\"http:\/\/www.aphyllanthe.fr\/association\/wp-content\/uploads\/2015\/03\/la-nuit-la-neige-150x150.jpg\" alt=\"Claude Pujade-Renaud : La nuit la neige\" width=\"150\" height=\"150\" \/><figcaption id=\"caption-attachment-1354\" class=\"wp-caption-text\">Claude Pujade-Renaud : La nuit la neige<\/figcaption><\/figure>\n<p><strong>La nuit la neige<\/strong><em> de Claude Pujade-Renaud<\/em><br \/>\nAnne-Marie, n\u00e9e de La Tr\u00e9moille, princesse des Ursins, arrive en Espagne charg\u00e9e d\u2019escorter la future reine, Marie-Louise de Savoie, \u00e2g\u00e9e de 13 ans, pour mener \u00e0 bien le premier mariage de Philippe V, petit fils de louis XIV. Au fa\u00eete du pouvoir pendant 14 ans comme gouvernante des enfants royaux et conseill\u00e8re du couple royal, elle est disgraci\u00e9e par la nouvelle \u00e9pouse du roi, Elizabeth Farn\u00e8se, en janvier 1715. Commence le chemin de l\u2019exil.<\/p>\n<figure id=\"attachment_1353\" aria-describedby=\"caption-attachment-1353\" style=\"width: 150px\" class=\"wp-caption alignleft\"><img loading=\"lazy\" decoding=\"async\" class=\"size-thumbnail wp-image-1353\" src=\"http:\/\/www.aphyllanthe.fr\/association\/wp-content\/uploads\/2015\/03\/la-confr\u00e9rie-des-moines-volants-150x150.jpg\" alt=\"Metin Arditi : La confr\u00e9rie des moines volants\" width=\"150\" height=\"150\" \/><figcaption id=\"caption-attachment-1353\" class=\"wp-caption-text\">Metin Arditi : La confr\u00e9rie des moines volants<\/figcaption><\/figure>\n<p><strong>La confr\u00e9rie des moines volants<\/strong><em> de Metin Arditi<\/em><br \/>\nNous sommes en Russie en 1917. Le gouvernement communiste fait la chasse aux moines et pr\u00eatres orthodoxes pour les exterminer tout en d\u00e9truisant les \u00e9glises et pillant les objets d\u2019art religieux dont les ic\u00f4nes. Parmi ces religieux, certains d\u2019entre eux prennent la fuite et se cachent dans la for\u00eat aupr\u00e8s d\u2019un ermite, Nikodime. Anciens trap\u00e9zistes pour certains, dans une vie ant\u00e9rieure, ils organisent les vols de tr\u00e9sors religieux qui n\u2019ont pas encore \u00e9t\u00e9 d\u00e9truits par les communistes et les rassemblent dans une cachette. Ce n\u2019est qu\u2019en 2000 qu\u2019un fran\u00e7ais, ignorant tout de ses origines jusqu\u2019alors, apprend qu\u2019il est le descendant de Nikodime et l\u2019h\u00e9ritier de documents dont le plan de cette cachette qui n\u2019a jamais \u00e9t\u00e9 d\u00e9couverte. Il part \u00e0 la recherche de ces tr\u00e9sors&#8230; Quel bon roman !<\/p>\n<figure id=\"attachment_1344\" aria-describedby=\"caption-attachment-1344\" style=\"width: 150px\" class=\"wp-caption alignleft\"><img loading=\"lazy\" decoding=\"async\" class=\"size-thumbnail wp-image-1344\" src=\"http:\/\/www.aphyllanthe.fr\/association\/wp-content\/uploads\/2015\/03\/les-demeur\u00e9es-150x150.jpg\" alt=\"Jeanne Benameur : Les Demeur\u00e9es\" width=\"150\" height=\"150\" \/><figcaption id=\"caption-attachment-1344\" class=\"wp-caption-text\">Jeanne Benameur : Les Demeur\u00e9es<\/figcaption><\/figure>\n<p><strong>Les Demeur\u00e9es<\/strong><em> de Jeanne Benameur<\/em><br \/>\n80 pages d\u2019une \u00e9criture cisel\u00e9e, pr\u00e9cise o\u00f9 aucun mot n\u2019est inutile pour d\u00e9crire le monde de la Varienne et de sa fille Luce, issue d\u2019une rencontre, dans un chemin, br\u00e8ve et violente avec un homme ivre. Le cocon familial ferm\u00e9, silencieux mais plein d\u2019amour est boulevers\u00e9 par l\u2019entr\u00e9e \u00e0 l\u2019\u00e9cole de Luce \u00e0 qui Mademoiselle Solange va tenter d\u2019apprendre \u00e0 lire et \u00e0 \u00e9crire ; en vain, Luce tombe malade et Solange en d\u00e9pression. Toutefois, Luce trouvera le chemin de la connaissance en brodant les lettres sur un ab\u00e9c\u00e9daire donn\u00e9e par la patronne de La Varienne.<\/p>\n<figure id=\"attachment_1355\" aria-describedby=\"caption-attachment-1355\" style=\"width: 150px\" class=\"wp-caption alignleft\"><img loading=\"lazy\" decoding=\"async\" class=\"size-thumbnail wp-image-1355\" src=\"http:\/\/www.aphyllanthe.fr\/association\/wp-content\/uploads\/2015\/03\/la-vie-aux-aguets-150x150.jpg\" alt=\"William Boyd : La vie aux aguets\" width=\"150\" height=\"150\" \/><figcaption id=\"caption-attachment-1355\" class=\"wp-caption-text\">William Boyd : La vie aux aguets<\/figcaption><\/figure>\n<p><strong>La vie aux aguets<\/strong><em> de William Boyd<\/em><br \/>\nPourquoi la m\u00e8re de Ruth d\u00e9voile-t-elle son pass\u00e9 d\u2019agent des services secrets anglais ? Sa famille est-elle en danger ? Un roman d\u2019espionnage haletant ou la manipulation et les sentiments ont du mal \u00e0 trouver leurs limites.<\/p>\n<figure id=\"attachment_1345\" aria-describedby=\"caption-attachment-1345\" style=\"width: 150px\" class=\"wp-caption alignright\"><img loading=\"lazy\" decoding=\"async\" class=\"size-thumbnail wp-image-1345\" src=\"http:\/\/www.aphyllanthe.fr\/association\/wp-content\/uploads\/2015\/03\/retour-\u00e0-killybegs-150x150.jpg\" alt=\"Sorj Chalandon : Retour \u00e0 Killybegs\" width=\"150\" height=\"150\" \/><figcaption id=\"caption-attachment-1345\" class=\"wp-caption-text\">Sorj Chalandon : Retour \u00e0 Killybegs<\/figcaption><\/figure>\n<p><strong>Retour \u00e0 Killybegs<\/strong><em> de Sorj Chalandon<\/em><br \/>\nLa trahison a-t-elle un prix ? Manifes-tement oui, mais comment vivre avec ? L\u2019histoire d\u2019un haut responsable de l\u2019IRA pi\u00e9g\u00e9 par le MI5. Ce roman nous plonge au c\u0153ur d\u2019une p\u00e9riode particuli\u00e8rement trouble de l\u2019histoire de l\u2019Irlande.<\/p>\n<figure id=\"attachment_1352\" aria-describedby=\"caption-attachment-1352\" style=\"width: 150px\" class=\"wp-caption alignleft\"><img loading=\"lazy\" decoding=\"async\" class=\"size-thumbnail wp-image-1352\" src=\"http:\/\/www.aphyllanthe.fr\/association\/wp-content\/uploads\/2015\/03\/faute-de-preuve-150x150.jpg\" alt=\"Harlan Coben : Faute de preuves\" width=\"150\" height=\"150\" \/><figcaption id=\"caption-attachment-1352\" class=\"wp-caption-text\">Harlan Coben : Faute de preuves<\/figcaption><\/figure>\n<p><strong>Faute de preuves<\/strong><em> de Harlan Coben<\/em><br \/>\nCe roman policier met en sc\u00e8ne une effroyable machination. Les r\u00e9seaux sociaux sur le net ali\u00e8nent-ils la vigilance ? Fabriquent-ils des \u00e9vidences ? Le virtuel prend-il le pas sur la raison ? Faute de preuves met l\u2019accent sur ces questions et montre que l\u2019\u00e9vidence et la v\u00e9rit\u00e9 ne font pas bon m\u00e9nage.<\/p>\n<figure id=\"attachment_1346\" aria-describedby=\"caption-attachment-1346\" style=\"width: 150px\" class=\"wp-caption alignright\"><img loading=\"lazy\" decoding=\"async\" class=\"size-thumbnail wp-image-1346\" src=\"http:\/\/www.aphyllanthe.fr\/association\/wp-content\/uploads\/2015\/03\/sunwing-150x150.jpg\" alt=\"Kenneth Oppel : Sunwing\" width=\"150\" height=\"150\" \/><figcaption id=\"caption-attachment-1346\" class=\"wp-caption-text\">Kenneth Oppel : Sunwing<\/figcaption><\/figure>\n<p><strong>Sunwing<\/strong><em> de Kenneth Oppel<\/em><br \/>\nParti \u00e0 la recherche de son p\u00e8re, Ombre fait la d\u00e9couverte d\u2019un \u00e9trange b\u00e2timent o\u00f9 sont install\u00e9s des milliers de chauves-souris. Il lui faudra du courage et de la sagesse pour affronter les tromperies des hommes, la cruaut\u00e9 des chouettes et la folie de Goth le Vampire. Ce roman jeunesse passionnera les amateurs du genre fantastique.<\/p>\n<figure id=\"attachment_1348\" aria-describedby=\"caption-attachment-1348\" style=\"width: 150px\" class=\"wp-caption alignleft\"><img loading=\"lazy\" decoding=\"async\" class=\"size-thumbnail wp-image-1348\" src=\"http:\/\/www.aphyllanthe.fr\/association\/wp-content\/uploads\/2015\/03\/vatenguerre-et-la-petite-peste-150x150.jpg\" alt=\"Martyn Beardsley : Vatenguerre et la petite peste\" width=\"150\" height=\"150\" \/><figcaption id=\"caption-attachment-1348\" class=\"wp-caption-text\">Martyn Beardsley : Vatenguerre et la petite peste<\/figcaption><\/figure>\n<p><strong>Vatenguerre et la petite peste<\/strong><em> de Martin Beardsley<\/em><br \/>\nVatenguerre est chevalier de la table ronde. Un chevalier nul, catastrophique, lamentable. C\u2019est bien simple : on le surnomme \u00ab le chevalier le plus nul de l\u2019univers \u00bb. Alors bien s\u00fbr, quand il est charg\u00e9 d\u2019escorter Roger, le fils du grand ami du roi Arthur, on s\u2019attend au pire ! Car Roger est une v\u00e9ritable petite peste et lorsque les b\u00eatises de Roger s\u2019ajoutent aux gaffes de Vatenguerre, on fr\u00f4le la catastrophe interplan\u00e9taire\u2026 Vous l\u2019avez compris, ce livre ravira les 8-9 ans !<\/p>\n<figure id=\"attachment_1349\" aria-describedby=\"caption-attachment-1349\" style=\"width: 150px\" class=\"wp-caption alignleft\"><img loading=\"lazy\" decoding=\"async\" class=\"size-thumbnail wp-image-1349\" src=\"http:\/\/www.aphyllanthe.fr\/association\/wp-content\/uploads\/2015\/03\/charlie-et-le-grand-ascenseur-de-verre-150x150.jpg\" alt=\"Roald Dahl : Charlie et le grand ascenseur de verre\" width=\"150\" height=\"150\" \/><figcaption id=\"caption-attachment-1349\" class=\"wp-caption-text\">Roald Dahl : Charlie et le grand ascenseur de verre<\/figcaption><\/figure>\n<p><strong>Charlie et le grand ascenseur de verre<\/strong><em> de Roald Dahl<\/em><br \/>\nCharlie a gagn\u00e9 la fabuleuse chocolaterie de Willy Wonka qu\u2019il survole maintenant \u00e0 bord d\u2019un extraordinaire engin, le grand ascenseur de verre. Une fausse man\u0153uvre va projeter l\u2019ascenseur dans l\u2019espace qu\u2019ils d\u00e9couvrent peupl\u00e9 d\u2019\u00eatres fantastiques et monstrueux, les Kpoux Vermicieux, terreurs de l\u2019univers interstellaire contre lesquels ils vont livrer une terrible bataille\u2026 A glisser sur la table de chevet de vos plus de 9 ans !<\/p>\n<figure id=\"attachment_1351\" aria-describedby=\"caption-attachment-1351\" style=\"width: 150px\" class=\"wp-caption alignleft\"><img loading=\"lazy\" decoding=\"async\" class=\"size-thumbnail wp-image-1351\" src=\"http:\/\/www.aphyllanthe.fr\/association\/wp-content\/uploads\/2015\/03\/dragons-fantastiques-piccolia-150x150.jpg\" alt=\"Dragons fantastiques\" width=\"150\" height=\"150\" \/><figcaption id=\"caption-attachment-1351\" class=\"wp-caption-text\">Dragons fantastiques<\/figcaption><\/figure>\n<p><strong>Dragons fantastiques<\/strong><em> livre de contes illustr\u00e9 par Sara Ruano<\/em><br \/>\nTr\u00e8s joli livre de 7 contes du monde entier que les jeunes enfants adoreront. Des dragons de lac, des cavernes, du ciel, pour s\u2019\u00e9merveiller et avoir un peu peur aussi\u2026. Ces personnages fantastiques leur plairont \u00e0 coup s\u00fbr et leur permettront de les suivre dans leurs aventures merveilleuses.<\/p>\n<div style=\"clear: both;\"><\/div>\n<figure id=\"attachment_1366\" aria-describedby=\"caption-attachment-1366\" style=\"width: 150px\" class=\"wp-caption alignright\"><img loading=\"lazy\" decoding=\"async\" class=\"size-thumbnail wp-image-1366\" src=\"http:\/\/www.aphyllanthe.fr\/association\/wp-content\/uploads\/2015\/03\/salades-30-id\u00e9es-au-go\u00fbt-d\u00e9t\u00e9-150x150.jpg\" alt=\"Salades, 30 id\u00e9es au go\u00fbt d'\u00e9t\u00e9\" width=\"150\" height=\"150\" \/><figcaption id=\"caption-attachment-1366\" class=\"wp-caption-text\">Salades, 30 id\u00e9es au go\u00fbt d&rsquo;\u00e9t\u00e9<\/figcaption><\/figure>\n<p><strong>Salades, 30 id\u00e9es au go\u00fbt d\u2019\u00e9t\u00e9 !<\/strong><em> de Manuela Chantepie<\/em><br \/>\nEnvie de fra\u00eecheur ? de vous r\u00e9galer ? avec des recettes simples, traditionnelles ou originales ? A l\u2019Aphyllanthe, on demande \u00e0 go\u00fbter, pourquoi pas ? Nous sommes des gourmands ! Et pourquoi pas les pousses d\u2019\u00e9pinards aux figues et ch\u00e8vre chaud ? ou les feuilles de ch\u00eane aux raisins et oignons rouges ? ou les poivrons marin\u00e9s et petits calamars ?&#8230; Un bonheur culinaire \u00e0 partager en famille ou avec des amis !<\/p>\n","protected":false},"excerpt":{"rendered":"<p>L&rsquo;insert livres et recettes du mois d&rsquo;avril 2015 vient de paraitre. Vous pouvez le t\u00e9l\u00e9charger en format pdf ici. Ou lire des extraits ci-dessous. Compl\u00e8tement cram\u00e9 de Gilles Legardinier Vous avez aim\u00e9 \u00ab Demain j\u2019arr\u00eate \u00bb ? Vous aimez rire et vous d\u00e9tendre ? L\u2019auteur revient ici avec cette aventure humaine pleine de folie, d\u2019\u00e9motion &hellip; <a href=\"https:\/\/www.aphyllanthe.fr\/association\/idees-de-lecture-pour-le-printemps-2015\/\" class=\"more-link\">Continuer la lecture de <span class=\"screen-reader-text\">Id\u00e9es de lecture pour le printemps 2015<\/span>  <span class=\"meta-nav\">&rarr;<\/span><\/a><\/p>\n","protected":false},"author":1,"featured_media":0,"comment_status":"closed","ping_status":"closed","sticky":false,"template":"","format":"standard","meta":{"footnotes":""},"categories":[2],"tags":[],"class_list":["post-1342","post","type-post","status-publish","format-standard","hentry","category-chronique-bibliotheque"],"_links":{"self":[{"href":"https:\/\/www.aphyllanthe.fr\/association\/wp-json\/wp\/v2\/posts\/1342","targetHints":{"allow":["GET"]}}],"collection":[{"href":"https:\/\/www.aphyllanthe.fr\/association\/wp-json\/wp\/v2\/posts"}],"about":[{"href":"https:\/\/www.aphyllanthe.fr\/association\/wp-json\/wp\/v2\/types\/post"}],"author":[{"embeddable":true,"href":"https:\/\/www.aphyllanthe.fr\/association\/wp-json\/wp\/v2\/users\/1"}],"replies":[{"embeddable":true,"href":"https:\/\/www.aphyllanthe.fr\/association\/wp-json\/wp\/v2\/comments?post=1342"}],"version-history":[{"count":0,"href":"https:\/\/www.aphyllanthe.fr\/association\/wp-json\/wp\/v2\/posts\/1342\/revisions"}],"wp:attachment":[{"href":"https:\/\/www.aphyllanthe.fr\/association\/wp-json\/wp\/v2\/media?parent=1342"}],"wp:term":[{"taxonomy":"category","embeddable":true,"href":"https:\/\/www.aphyllanthe.fr\/association\/wp-json\/wp\/v2\/categories?post=1342"},{"taxonomy":"post_tag","embeddable":true,"href":"https:\/\/www.aphyllanthe.fr\/association\/wp-json\/wp\/v2\/tags?post=1342"}],"curies":[{"name":"wp","href":"https:\/\/api.w.org\/{rel}","templated":true}]}}