{"id":13499,"date":"2020-09-28T17:43:15","date_gmt":"2020-09-28T16:43:15","guid":{"rendered":"https:\/\/www.aphyllanthe.fr\/association\/?p=13499"},"modified":"2020-09-29T14:17:57","modified_gmt":"2020-09-29T13:17:57","slug":"bibliotheque-nouveaux-horaires","status":"publish","type":"post","link":"https:\/\/www.aphyllanthe.fr\/association\/bibliotheque-nouveaux-horaires\/","title":{"rendered":"Biblioth\u00e8que : Nouveaux horaires"},"content":{"rendered":"\n<h2 class=\"wp-block-heading\">Ouverture le samedi !<\/h2>\n\n\n\n<p class=\"has-drop-cap has-light-gray-color has-green-background-color has-text-color has-background\">A partir de samedi 3 octobre et jusqu&rsquo;\u00e0 fin de novembre, la biblioth\u00e8que d&rsquo;Aigaliers sera ouverte une semaine sur deux, de <strong>9h \u00e0 midi<\/strong>.  Vous pourrez rapporter et emprunter des livres, obtenir des renseignement sur les activit\u00e9s de l&rsquo;association ou vous inscrire pour une sortie ou une activit\u00e9 hebdomadaire.  N&rsquo;h\u00e9sitez pas \u00e0 venir nous voir (avec votre masque bien entendu). <\/p>\n\n\n\n<h2 class=\"wp-block-heading\">Les dates <\/h2>\n\n\n\n<p>Les dates d&rsquo;ouverture sont les 3 octobre, le 17 octobre, le 31 octobre, le 14 novembre, et le 28 novembre.<\/p>\n\n\n\n<p>Les horaires d&rsquo;ouverture du jeudi et du vendredi sont \u00e9galement prolong\u00e9s jusqu&rsquo;\u00e0 12h30.<\/p>\n\n\n\n<p><\/p>\n\n\n\n<p class=\"has-dark-gray-color has-text-color has-medium-font-size\"><strong>En bref <\/strong><\/p>\n\n\n\n<p>Mercredi : 9h00-12h00 &amp; 14h00-18h00<br \/>Jeudi &amp; vendredi : 9h00-12h30<br \/>2 samedis\/mois : 9h00-12h00<\/p>\n\n\n\n<figure class=\"wp-block-image size-large\"><img loading=\"lazy\" decoding=\"async\" width=\"1024\" height=\"575\" src=\"https:\/\/www.aphyllanthe.fr\/association\/wp-content\/uploads\/2019\/09\/bibliotheque-1024x575.jpg\" alt=\"\" class=\"wp-image-10355\" srcset=\"https:\/\/www.aphyllanthe.fr\/association\/wp-content\/uploads\/2019\/09\/bibliotheque-1024x575.jpg 1024w, https:\/\/www.aphyllanthe.fr\/association\/wp-content\/uploads\/2019\/09\/bibliotheque-300x169.jpg 300w, https:\/\/www.aphyllanthe.fr\/association\/wp-content\/uploads\/2019\/09\/bibliotheque-768x432.jpg 768w, https:\/\/www.aphyllanthe.fr\/association\/wp-content\/uploads\/2019\/09\/bibliotheque-1320x742.jpg 1320w, https:\/\/www.aphyllanthe.fr\/association\/wp-content\/uploads\/2019\/09\/bibliotheque.jpg 1920w\" sizes=\"auto, (max-width: 1024px) 100vw, 1024px\" \/><\/figure>\n","protected":false},"excerpt":{"rendered":"<p>Ouverture le samedi ! A partir de samedi 3 octobre et jusqu&rsquo;\u00e0 fin de novembre, la biblioth\u00e8que d&rsquo;Aigaliers sera ouverte une semaine sur deux, de 9h \u00e0 midi. Vous pourrez rapporter et emprunter des livres, obtenir des renseignement sur les activit\u00e9s de l&rsquo;association ou vous inscrire pour une sortie ou une activit\u00e9 hebdomadaire. N&rsquo;h\u00e9sitez pas &hellip; <a href=\"https:\/\/www.aphyllanthe.fr\/association\/bibliotheque-nouveaux-horaires\/\" class=\"more-link\">Continuer la lecture de <span class=\"screen-reader-text\">Biblioth\u00e8que : Nouveaux horaires<\/span>  <span class=\"meta-nav\">&rarr;<\/span><\/a><\/p>\n","protected":false},"author":1,"featured_media":0,"comment_status":"closed","ping_status":"closed","sticky":false,"template":"","format":"standard","meta":{"footnotes":""},"categories":[4,2],"tags":[],"class_list":["post-13499","post","type-post","status-publish","format-standard","hentry","category-annonce","category-chronique-bibliotheque"],"_links":{"self":[{"href":"https:\/\/www.aphyllanthe.fr\/association\/wp-json\/wp\/v2\/posts\/13499","targetHints":{"allow":["GET"]}}],"collection":[{"href":"https:\/\/www.aphyllanthe.fr\/association\/wp-json\/wp\/v2\/posts"}],"about":[{"href":"https:\/\/www.aphyllanthe.fr\/association\/wp-json\/wp\/v2\/types\/post"}],"author":[{"embeddable":true,"href":"https:\/\/www.aphyllanthe.fr\/association\/wp-json\/wp\/v2\/users\/1"}],"replies":[{"embeddable":true,"href":"https:\/\/www.aphyllanthe.fr\/association\/wp-json\/wp\/v2\/comments?post=13499"}],"version-history":[{"count":0,"href":"https:\/\/www.aphyllanthe.fr\/association\/wp-json\/wp\/v2\/posts\/13499\/revisions"}],"wp:attachment":[{"href":"https:\/\/www.aphyllanthe.fr\/association\/wp-json\/wp\/v2\/media?parent=13499"}],"wp:term":[{"taxonomy":"category","embeddable":true,"href":"https:\/\/www.aphyllanthe.fr\/association\/wp-json\/wp\/v2\/categories?post=13499"},{"taxonomy":"post_tag","embeddable":true,"href":"https:\/\/www.aphyllanthe.fr\/association\/wp-json\/wp\/v2\/tags?post=13499"}],"curies":[{"name":"wp","href":"https:\/\/api.w.org\/{rel}","templated":true}]}}