{"id":13685,"date":"2020-11-26T11:16:52","date_gmt":"2020-11-26T10:16:52","guid":{"rendered":"https:\/\/www.aphyllanthe.fr\/association\/?p=13685"},"modified":"2020-12-04T13:48:12","modified_gmt":"2020-12-04T12:48:12","slug":"la-campagne-des-bonnets-tire-a-sa-fin-pour-2020","status":"publish","type":"post","link":"https:\/\/www.aphyllanthe.fr\/association\/la-campagne-des-bonnets-tire-a-sa-fin-pour-2020\/","title":{"rendered":"La campagne des bonnets tire \u00e0 sa fin pour 2020"},"content":{"rendered":"<p><a href=\"https:\/\/www.aphyllanthe.fr\/association\/wp-content\/uploads\/2020\/12\/2020-12-03-republicain.jpg\"><img loading=\"lazy\" decoding=\"async\" src=\"https:\/\/www.aphyllanthe.fr\/association\/wp-content\/uploads\/2020\/12\/2020-12-03-republicain-150x150.jpg\" alt=\"\" width=\"150\" height=\"150\" class=\"alignleft size-thumbnail wp-image-13753\" \/><\/a>Nos adh\u00e9rents savent que, depuis quelques ann\u00e9es, les tricoteuses de l&rsquo;Aphyllanthe, leurs amies et leurs familles participent au programme <a href=\"https:\/\/www.metstonbonnet.fr\/\" target=\"_blank\" rel=\"noopener noreferrer\"><strong><em>Mets ton bonnet<\/em><\/strong><\/a> de l&rsquo;Association <strong>Les Petits Fr\u00e8res des Pauvres.<\/strong> Nos fabuleuses tricoteuses ont confectionn\u00e9 plus de mille bonnets cette ann\u00e9e &#8211; un record ! &#8211; tous destin\u00e9s \u00e0 coiffer les smoothies vendus dans les boulangeries des grandes villes de France, et pour lesquels l&rsquo;association caritative re\u00e7oit 0,20 \u20ac par bonnet.<\/p>\n<p><div id='gallery-1' class='gallery galleryid-13685 gallery-columns-4 gallery-size-medium'><figure class='gallery-item'>\n\t\t\t<div class='gallery-icon landscape'>\n\t\t\t\t<img loading=\"lazy\" decoding=\"async\" width=\"300\" height=\"200\" src=\"https:\/\/www.aphyllanthe.fr\/association\/wp-content\/uploads\/2020\/11\/DSC03936-300x200.jpg\" class=\"attachment-medium size-medium\" alt=\"\" srcset=\"https:\/\/www.aphyllanthe.fr\/association\/wp-content\/uploads\/2020\/11\/DSC03936-300x200.jpg 300w, https:\/\/www.aphyllanthe.fr\/association\/wp-content\/uploads\/2020\/11\/DSC03936-1024x683.jpg 1024w, https:\/\/www.aphyllanthe.fr\/association\/wp-content\/uploads\/2020\/11\/DSC03936-768x512.jpg 768w, https:\/\/www.aphyllanthe.fr\/association\/wp-content\/uploads\/2020\/11\/DSC03936-1536x1024.jpg 1536w, https:\/\/www.aphyllanthe.fr\/association\/wp-content\/uploads\/2020\/11\/DSC03936-1320x880.jpg 1320w, https:\/\/www.aphyllanthe.fr\/association\/wp-content\/uploads\/2020\/11\/DSC03936.jpg 1620w\" sizes=\"auto, (max-width: 300px) 100vw, 300px\" \/>\n\t\t\t<\/div><\/figure><figure class='gallery-item'>\n\t\t\t<div class='gallery-icon landscape'>\n\t\t\t\t<img loading=\"lazy\" decoding=\"async\" width=\"300\" height=\"200\" src=\"https:\/\/www.aphyllanthe.fr\/association\/wp-content\/uploads\/2020\/11\/DSC03934-300x200.jpg\" class=\"attachment-medium size-medium\" alt=\"\" srcset=\"https:\/\/www.aphyllanthe.fr\/association\/wp-content\/uploads\/2020\/11\/DSC03934-300x200.jpg 300w, https:\/\/www.aphyllanthe.fr\/association\/wp-content\/uploads\/2020\/11\/DSC03934-1024x683.jpg 1024w, https:\/\/www.aphyllanthe.fr\/association\/wp-content\/uploads\/2020\/11\/DSC03934-768x512.jpg 768w, https:\/\/www.aphyllanthe.fr\/association\/wp-content\/uploads\/2020\/11\/DSC03934-1536x1024.jpg 1536w, https:\/\/www.aphyllanthe.fr\/association\/wp-content\/uploads\/2020\/11\/DSC03934-1320x880.jpg 1320w, https:\/\/www.aphyllanthe.fr\/association\/wp-content\/uploads\/2020\/11\/DSC03934.jpg 1620w\" sizes=\"auto, (max-width: 300px) 100vw, 300px\" \/>\n\t\t\t<\/div><\/figure><figure class='gallery-item'>\n\t\t\t<div class='gallery-icon landscape'>\n\t\t\t\t<img loading=\"lazy\" decoding=\"async\" width=\"300\" height=\"200\" src=\"https:\/\/www.aphyllanthe.fr\/association\/wp-content\/uploads\/2020\/11\/DSC03880-300x200.jpg\" class=\"attachment-medium size-medium\" alt=\"\" srcset=\"https:\/\/www.aphyllanthe.fr\/association\/wp-content\/uploads\/2020\/11\/DSC03880-300x200.jpg 300w, https:\/\/www.aphyllanthe.fr\/association\/wp-content\/uploads\/2020\/11\/DSC03880-1024x683.jpg 1024w, https:\/\/www.aphyllanthe.fr\/association\/wp-content\/uploads\/2020\/11\/DSC03880-768x512.jpg 768w, https:\/\/www.aphyllanthe.fr\/association\/wp-content\/uploads\/2020\/11\/DSC03880-1536x1024.jpg 1536w, https:\/\/www.aphyllanthe.fr\/association\/wp-content\/uploads\/2020\/11\/DSC03880-1320x880.jpg 1320w, https:\/\/www.aphyllanthe.fr\/association\/wp-content\/uploads\/2020\/11\/DSC03880.jpg 1620w\" sizes=\"auto, (max-width: 300px) 100vw, 300px\" \/>\n\t\t\t<\/div><\/figure><figure class='gallery-item'>\n\t\t\t<div class='gallery-icon landscape'>\n\t\t\t\t<img loading=\"lazy\" decoding=\"async\" width=\"300\" height=\"200\" src=\"https:\/\/www.aphyllanthe.fr\/association\/wp-content\/uploads\/2020\/11\/DSC03876-300x200.jpg\" class=\"attachment-medium size-medium\" alt=\"\" srcset=\"https:\/\/www.aphyllanthe.fr\/association\/wp-content\/uploads\/2020\/11\/DSC03876-300x200.jpg 300w, https:\/\/www.aphyllanthe.fr\/association\/wp-content\/uploads\/2020\/11\/DSC03876-1024x683.jpg 1024w, https:\/\/www.aphyllanthe.fr\/association\/wp-content\/uploads\/2020\/11\/DSC03876-768x512.jpg 768w, https:\/\/www.aphyllanthe.fr\/association\/wp-content\/uploads\/2020\/11\/DSC03876-1536x1024.jpg 1536w, https:\/\/www.aphyllanthe.fr\/association\/wp-content\/uploads\/2020\/11\/DSC03876-1320x880.jpg 1320w, https:\/\/www.aphyllanthe.fr\/association\/wp-content\/uploads\/2020\/11\/DSC03876.jpg 1620w\" sizes=\"auto, (max-width: 300px) 100vw, 300px\" \/>\n\t\t\t<\/div><\/figure>\n\t\t<\/div>\n<br \/>\n<!--more--><\/p>\n<p>Notre envoi part cette semaine avec <strong>1100 bonnets,<\/strong> impliquant une contribution de plus de<strong> 200 \u20ac<\/strong> \u00e0 la cause des Petits Fr\u00e8res des Pauvres. Ces bonnets sont souvent des \u0153uvres d&rsquo;art miniature ; vous pourrez vous en rendre compte en visualisant la (grande) s\u00e9lection de photos sur l&rsquo;album ci-dessous. Pour se renseigner davantage sur notre participation \u00e0 ce programme, <a href=\"https:\/\/www.aphyllanthe.fr\/association\/?s=bonnets\" target=\"_blank\" rel=\"noopener noreferrer\">lire ici<\/a>.<\/p>\n<div id='gallery-2' class='gallery galleryid-13685 gallery-columns-4 gallery-size-medium'><figure class='gallery-item'>\n\t\t\t<div class='gallery-icon landscape'>\n\t\t\t\t<img loading=\"lazy\" decoding=\"async\" width=\"300\" height=\"200\" src=\"https:\/\/www.aphyllanthe.fr\/association\/wp-content\/uploads\/2020\/11\/DSC03914-300x200.jpg\" class=\"attachment-medium size-medium\" alt=\"\" aria-describedby=\"gallery-2-13684\" srcset=\"https:\/\/www.aphyllanthe.fr\/association\/wp-content\/uploads\/2020\/11\/DSC03914-300x200.jpg 300w, https:\/\/www.aphyllanthe.fr\/association\/wp-content\/uploads\/2020\/11\/DSC03914-1024x683.jpg 1024w, https:\/\/www.aphyllanthe.fr\/association\/wp-content\/uploads\/2020\/11\/DSC03914-768x512.jpg 768w, https:\/\/www.aphyllanthe.fr\/association\/wp-content\/uploads\/2020\/11\/DSC03914-1536x1024.jpg 1536w, https:\/\/www.aphyllanthe.fr\/association\/wp-content\/uploads\/2020\/11\/DSC03914-1320x880.jpg 1320w, https:\/\/www.aphyllanthe.fr\/association\/wp-content\/uploads\/2020\/11\/DSC03914.jpg 1620w\" sizes=\"auto, (max-width: 300px) 100vw, 300px\" \/>\n\t\t\t<\/div>\n\t\t\t\t<figcaption class='wp-caption-text gallery-caption' id='gallery-2-13684'>\n\t\t\t\tmille bonnets\n\t\t\t\t<\/figcaption><\/figure><figure class='gallery-item'>\n\t\t\t<div class='gallery-icon landscape'>\n\t\t\t\t<img loading=\"lazy\" decoding=\"async\" width=\"300\" height=\"200\" src=\"https:\/\/www.aphyllanthe.fr\/association\/wp-content\/uploads\/2020\/11\/DSC03892-300x200.jpg\" class=\"attachment-medium size-medium\" alt=\"\" srcset=\"https:\/\/www.aphyllanthe.fr\/association\/wp-content\/uploads\/2020\/11\/DSC03892-300x200.jpg 300w, https:\/\/www.aphyllanthe.fr\/association\/wp-content\/uploads\/2020\/11\/DSC03892-1024x683.jpg 1024w, https:\/\/www.aphyllanthe.fr\/association\/wp-content\/uploads\/2020\/11\/DSC03892-768x512.jpg 768w, https:\/\/www.aphyllanthe.fr\/association\/wp-content\/uploads\/2020\/11\/DSC03892-1536x1024.jpg 1536w, https:\/\/www.aphyllanthe.fr\/association\/wp-content\/uploads\/2020\/11\/DSC03892-1320x880.jpg 1320w, https:\/\/www.aphyllanthe.fr\/association\/wp-content\/uploads\/2020\/11\/DSC03892.jpg 1620w\" sizes=\"auto, (max-width: 300px) 100vw, 300px\" \/>\n\t\t\t<\/div><\/figure><figure class='gallery-item'>\n\t\t\t<div class='gallery-icon landscape'>\n\t\t\t\t<img loading=\"lazy\" decoding=\"async\" width=\"300\" height=\"200\" src=\"https:\/\/www.aphyllanthe.fr\/association\/wp-content\/uploads\/2020\/11\/DSC03887-300x200.jpg\" class=\"attachment-medium size-medium\" alt=\"\" srcset=\"https:\/\/www.aphyllanthe.fr\/association\/wp-content\/uploads\/2020\/11\/DSC03887-300x200.jpg 300w, https:\/\/www.aphyllanthe.fr\/association\/wp-content\/uploads\/2020\/11\/DSC03887-1024x683.jpg 1024w, https:\/\/www.aphyllanthe.fr\/association\/wp-content\/uploads\/2020\/11\/DSC03887-768x512.jpg 768w, https:\/\/www.aphyllanthe.fr\/association\/wp-content\/uploads\/2020\/11\/DSC03887-1536x1024.jpg 1536w, https:\/\/www.aphyllanthe.fr\/association\/wp-content\/uploads\/2020\/11\/DSC03887-1320x880.jpg 1320w, https:\/\/www.aphyllanthe.fr\/association\/wp-content\/uploads\/2020\/11\/DSC03887.jpg 1620w\" sizes=\"auto, (max-width: 300px) 100vw, 300px\" \/>\n\t\t\t<\/div><\/figure><figure class='gallery-item'>\n\t\t\t<div class='gallery-icon landscape'>\n\t\t\t\t<img loading=\"lazy\" decoding=\"async\" width=\"300\" height=\"200\" src=\"https:\/\/www.aphyllanthe.fr\/association\/wp-content\/uploads\/2020\/11\/DSC03871-300x200.jpg\" class=\"attachment-medium size-medium\" alt=\"\" srcset=\"https:\/\/www.aphyllanthe.fr\/association\/wp-content\/uploads\/2020\/11\/DSC03871-300x200.jpg 300w, https:\/\/www.aphyllanthe.fr\/association\/wp-content\/uploads\/2020\/11\/DSC03871-1024x683.jpg 1024w, https:\/\/www.aphyllanthe.fr\/association\/wp-content\/uploads\/2020\/11\/DSC03871-768x512.jpg 768w, https:\/\/www.aphyllanthe.fr\/association\/wp-content\/uploads\/2020\/11\/DSC03871-1536x1024.jpg 1536w, https:\/\/www.aphyllanthe.fr\/association\/wp-content\/uploads\/2020\/11\/DSC03871-1320x880.jpg 1320w, https:\/\/www.aphyllanthe.fr\/association\/wp-content\/uploads\/2020\/11\/DSC03871.jpg 1620w\" sizes=\"auto, (max-width: 300px) 100vw, 300px\" \/>\n\t\t\t<\/div><\/figure>\n\t\t<\/div>\n\n<p>Merci \u00e0 C\u00e9line, Annick, Claude, Nicole, Claudine, Martine, Mich\u00e8le, Marie-Claire, H\u00e9l\u00e8ne, Lydie, et toutes les autres.<\/p>\n<p>Retrouver le grand album photo <a href=\"https:\/\/photos.app.goo.gl\/oi7jZwus4PxaM8L69\" target=\"_blank\" rel=\"noopener noreferrer\">ici<\/a>.<\/p>\n","protected":false},"excerpt":{"rendered":"<p>Nos adh\u00e9rents savent que, depuis quelques ann\u00e9es, les tricoteuses de l&rsquo;Aphyllanthe, leurs amies et leurs familles participent au programme Mets ton bonnet de l&rsquo;Association Les Petits Fr\u00e8res des Pauvres. Nos fabuleuses tricoteuses ont confectionn\u00e9 plus de mille bonnets cette ann\u00e9e &#8211; un record ! &#8211; tous destin\u00e9s \u00e0 coiffer les smoothies vendus dans les boulangeries &hellip; <a href=\"https:\/\/www.aphyllanthe.fr\/association\/la-campagne-des-bonnets-tire-a-sa-fin-pour-2020\/\" class=\"more-link\">Continuer la lecture de <span class=\"screen-reader-text\">La campagne des bonnets tire \u00e0 sa fin pour 2020<\/span>  <span class=\"meta-nav\">&rarr;<\/span><\/a><\/p>\n","protected":false},"author":1,"featured_media":13682,"comment_status":"closed","ping_status":"closed","sticky":false,"template":"","format":"standard","meta":{"footnotes":""},"categories":[100],"tags":[],"class_list":["post-13685","post","type-post","status-publish","format-standard","has-post-thumbnail","hentry","category-travaux-manuels"],"_links":{"self":[{"href":"https:\/\/www.aphyllanthe.fr\/association\/wp-json\/wp\/v2\/posts\/13685","targetHints":{"allow":["GET"]}}],"collection":[{"href":"https:\/\/www.aphyllanthe.fr\/association\/wp-json\/wp\/v2\/posts"}],"about":[{"href":"https:\/\/www.aphyllanthe.fr\/association\/wp-json\/wp\/v2\/types\/post"}],"author":[{"embeddable":true,"href":"https:\/\/www.aphyllanthe.fr\/association\/wp-json\/wp\/v2\/users\/1"}],"replies":[{"embeddable":true,"href":"https:\/\/www.aphyllanthe.fr\/association\/wp-json\/wp\/v2\/comments?post=13685"}],"version-history":[{"count":0,"href":"https:\/\/www.aphyllanthe.fr\/association\/wp-json\/wp\/v2\/posts\/13685\/revisions"}],"wp:featuredmedia":[{"embeddable":true,"href":"https:\/\/www.aphyllanthe.fr\/association\/wp-json\/wp\/v2\/media\/13682"}],"wp:attachment":[{"href":"https:\/\/www.aphyllanthe.fr\/association\/wp-json\/wp\/v2\/media?parent=13685"}],"wp:term":[{"taxonomy":"category","embeddable":true,"href":"https:\/\/www.aphyllanthe.fr\/association\/wp-json\/wp\/v2\/categories?post=13685"},{"taxonomy":"post_tag","embeddable":true,"href":"https:\/\/www.aphyllanthe.fr\/association\/wp-json\/wp\/v2\/tags?post=13685"}],"curies":[{"name":"wp","href":"https:\/\/api.w.org\/{rel}","templated":true}]}}