{"id":1375,"date":"2015-04-20T08:30:11","date_gmt":"2015-04-20T07:30:11","guid":{"rendered":"http:\/\/www.aphyllanthe.fr\/association\/?p=1375"},"modified":"2022-09-28T14:15:55","modified_gmt":"2022-09-28T13:15:55","slug":"ateliers-brico-rigolo-des-vacances-de-printemps","status":"publish","type":"post","link":"https:\/\/www.aphyllanthe.fr\/association\/ateliers-brico-rigolo-des-vacances-de-printemps\/","title":{"rendered":"Ateliers Brico-Rigolo des vacances de printemps"},"content":{"rendered":"<p><img loading=\"lazy\" decoding=\"async\" class=\"alignleft  wp-image-1384\" src=\"http:\/\/www.aphyllanthe.fr\/association\/wp-content\/uploads\/2015\/04\/poisson-300x203.jpg\" alt=\"croquis poisson\" width=\"204\" height=\"138\" srcset=\"https:\/\/www.aphyllanthe.fr\/association\/wp-content\/uploads\/2015\/04\/poisson-300x203.jpg 300w, https:\/\/www.aphyllanthe.fr\/association\/wp-content\/uploads\/2015\/04\/poisson-600x406.jpg 600w, https:\/\/www.aphyllanthe.fr\/association\/wp-content\/uploads\/2015\/04\/poisson.jpg 700w\" sizes=\"auto, (max-width: 204px) 100vw, 204px\" \/><\/p>\n<blockquote><p><strong><span style=\"color: red; font-size: 1.05em;\">Cr\u00e9er en s&rsquo;amusant sans se prendre la t\u00eate !<\/span><\/strong><\/p><\/blockquote>\n<p>Pour les vacances scolaires du printemps, l&rsquo;Aphyllanthe vous propose les d\u00e9sormais c\u00e9l\u00e8bres ateliers Brico-Rigolo anim\u00e9s par Th\u00e9r\u00e8se Martin.<!--more--><\/p>\n<p><strong>Ils s&rsquo;adressent aux enfants \u00e0 partir de 6 ans et \u00e0 leurs parents et se tiennent \u00e0 la salle d\u2019atelier de la biblioth\u00e8que d\u2019Aigaliers.<\/strong><\/p>\n<ul>\n<li>Lundi 20 avril de 15h00 \u00e0 17h00<\/li>\n<li>Mardi 21 avril de 15h00 \u00e0 17h00<\/li>\n<li>Jeudi 23 avril de 15h00 \u00e0 17h00<\/li>\n<\/ul>\n<p><strong>Tarifs :<\/strong><\/p>\n<ul>\n<li>adh\u00e9rent : 2 \u20ac pour un atelier, 5 \u20ac pour les 3 ateliers<\/li>\n<li>non-adh\u00e9rent : 4 \u20ac pour un atelier, 10 \u20ac pour les 3 ateliers<\/li>\n<\/ul>\n<p><em><strong>R\u00e9servations :<\/strong><\/em><\/p>\n<ul>\n<li>jusqu\u2019au vendredi 10 avril, en appelant \u00e0 l&rsquo;Association au 04 66 22 10 20<br \/>\n<em><span style=\"font-size: 0.9em;\">(Attention : les bureaux de l&rsquo;Association sont ferm\u00e9s du 13 au 17 avril)<\/span><\/em><\/li>\n<li>apr\u00e8s le 10 avril, en appelant au 04 66 22 18 17 ou 06 31 25 71 86 (Th\u00e9r\u00e8se Martin)<\/li>\n<\/ul>\n<figure id=\"attachment_421\" aria-describedby=\"caption-attachment-421\" style=\"width: 1024px\" class=\"wp-caption aligncenter\"><a href=\"http:\/\/www.aphyllanthe.fr\/association\/wp-content\/uploads\/2014\/12\/bricolage-2011-02.jpg\"><img loading=\"lazy\" decoding=\"async\" src=\"http:\/\/www.aphyllanthe.fr\/association\/wp-content\/uploads\/2014\/12\/bricolage-2011-02.jpg\" alt=\"atelier de bricolage en 2011\" width=\"1024\" height=\"768\" class=\"size-full wp-image-421\" srcset=\"https:\/\/www.aphyllanthe.fr\/association\/wp-content\/uploads\/2014\/12\/bricolage-2011-02.jpg 1024w, https:\/\/www.aphyllanthe.fr\/association\/wp-content\/uploads\/2014\/12\/bricolage-2011-02-300x225.jpg 300w\" sizes=\"auto, (max-width: 1024px) 100vw, 1024px\" \/><\/a><figcaption id=\"caption-attachment-421\" class=\"wp-caption-text\">atelier de bricolage en 2011<\/figcaption><\/figure>\n","protected":false},"excerpt":{"rendered":"<p>Cr\u00e9er en s&rsquo;amusant sans se prendre la t\u00eate ! Pour les vacances scolaires du printemps, l&rsquo;Aphyllanthe vous propose les d\u00e9sormais c\u00e9l\u00e8bres ateliers Brico-Rigolo anim\u00e9s par Th\u00e9r\u00e8se Martin.<\/p>\n","protected":false},"author":1,"featured_media":0,"comment_status":"closed","ping_status":"closed","sticky":false,"template":"","format":"standard","meta":{"footnotes":""},"categories":[4],"tags":[],"class_list":["post-1375","post","type-post","status-publish","format-standard","hentry","category-annonce"],"_links":{"self":[{"href":"https:\/\/www.aphyllanthe.fr\/association\/wp-json\/wp\/v2\/posts\/1375","targetHints":{"allow":["GET"]}}],"collection":[{"href":"https:\/\/www.aphyllanthe.fr\/association\/wp-json\/wp\/v2\/posts"}],"about":[{"href":"https:\/\/www.aphyllanthe.fr\/association\/wp-json\/wp\/v2\/types\/post"}],"author":[{"embeddable":true,"href":"https:\/\/www.aphyllanthe.fr\/association\/wp-json\/wp\/v2\/users\/1"}],"replies":[{"embeddable":true,"href":"https:\/\/www.aphyllanthe.fr\/association\/wp-json\/wp\/v2\/comments?post=1375"}],"version-history":[{"count":1,"href":"https:\/\/www.aphyllanthe.fr\/association\/wp-json\/wp\/v2\/posts\/1375\/revisions"}],"predecessor-version":[{"id":17383,"href":"https:\/\/www.aphyllanthe.fr\/association\/wp-json\/wp\/v2\/posts\/1375\/revisions\/17383"}],"wp:attachment":[{"href":"https:\/\/www.aphyllanthe.fr\/association\/wp-json\/wp\/v2\/media?parent=1375"}],"wp:term":[{"taxonomy":"category","embeddable":true,"href":"https:\/\/www.aphyllanthe.fr\/association\/wp-json\/wp\/v2\/categories?post=1375"},{"taxonomy":"post_tag","embeddable":true,"href":"https:\/\/www.aphyllanthe.fr\/association\/wp-json\/wp\/v2\/tags?post=1375"}],"curies":[{"name":"wp","href":"https:\/\/api.w.org\/{rel}","templated":true}]}}