{"id":13838,"date":"2020-12-18T11:42:11","date_gmt":"2020-12-18T10:42:11","guid":{"rendered":"https:\/\/www.aphyllanthe.fr\/association\/?p=13838"},"modified":"2020-12-18T14:09:27","modified_gmt":"2020-12-18T13:09:27","slug":"le-bout-dan-2020","status":"publish","type":"post","link":"https:\/\/www.aphyllanthe.fr\/association\/le-bout-dan-2020\/","title":{"rendered":"Le \u00ab\u00a0bout d&rsquo;an\u00a0\u00bb 2020"},"content":{"rendered":"<p>Apr\u00e8s bien des p\u00e9rip\u00e9ties, l&rsquo;ann\u00e9e 2020 arrive \u00e0 son terme, et la p\u00e9riode de no\u00ebl est conforme aux mois pr\u00e9c\u00e9dents par son caract\u00e8re in\u00e9dit. Ces f\u00eates se doivent d&rsquo;\u00eatre r\u00e9duites, pr\u00e9cautionneuses, familiales mais distanci\u00e9es, bref, un vrai casse-t\u00eate ! Il n&#8217;emp\u00eache, l&rsquo;\u00e9tau se desserre un peu et cela fait du bien, m\u00eame si tout n&rsquo;est pas encore id\u00e9al.<\/p>\n<p>A cette occasion, Claude, et toute l&rsquo;\u00e9quipe de l&rsquo;association, voudraient transmettre leurs bons v\u0153ux aux adh\u00e9rents de l&rsquo;Aphyllanthe. Que chacun puisse trouver un peu de paix et de s\u00e9r\u00e9nit\u00e9 pendant cette p\u00e9riode particuli\u00e8re de l&rsquo;ann\u00e9e et reprenne courage pour commencer la prochaine avec de nouvelles perspectives, plus riantes. Comme la biblioth\u00e8que, l&rsquo;association va se mettre au chaud pendant 15 jours et vous revenir pour de nouvelles aventures.<br \/>\nA tr\u00e8s bient\u00f4t.<\/p>\n","protected":false},"excerpt":{"rendered":"<p>Apr\u00e8s bien des p\u00e9rip\u00e9ties, l&rsquo;ann\u00e9e 2020 arrive \u00e0 son terme, et la p\u00e9riode de no\u00ebl est conforme aux mois pr\u00e9c\u00e9dents par son caract\u00e8re in\u00e9dit. Ces f\u00eates se doivent d&rsquo;\u00eatre r\u00e9duites, pr\u00e9cautionneuses, familiales mais distanci\u00e9es, bref, un vrai casse-t\u00eate ! Il n&#8217;emp\u00eache, l&rsquo;\u00e9tau se desserre un peu et cela fait du bien, m\u00eame si tout n&rsquo;est &hellip; <a href=\"https:\/\/www.aphyllanthe.fr\/association\/le-bout-dan-2020\/\" class=\"more-link\">Continuer la lecture de <span class=\"screen-reader-text\">Le \u00ab\u00a0bout d&rsquo;an\u00a0\u00bb 2020<\/span>  <span class=\"meta-nav\">&rarr;<\/span><\/a><\/p>\n","protected":false},"author":9,"featured_media":13845,"comment_status":"closed","ping_status":"closed","sticky":false,"template":"","format":"standard","meta":{"footnotes":""},"categories":[4],"tags":[],"class_list":["post-13838","post","type-post","status-publish","format-standard","has-post-thumbnail","hentry","category-annonce"],"_links":{"self":[{"href":"https:\/\/www.aphyllanthe.fr\/association\/wp-json\/wp\/v2\/posts\/13838","targetHints":{"allow":["GET"]}}],"collection":[{"href":"https:\/\/www.aphyllanthe.fr\/association\/wp-json\/wp\/v2\/posts"}],"about":[{"href":"https:\/\/www.aphyllanthe.fr\/association\/wp-json\/wp\/v2\/types\/post"}],"author":[{"embeddable":true,"href":"https:\/\/www.aphyllanthe.fr\/association\/wp-json\/wp\/v2\/users\/9"}],"replies":[{"embeddable":true,"href":"https:\/\/www.aphyllanthe.fr\/association\/wp-json\/wp\/v2\/comments?post=13838"}],"version-history":[{"count":7,"href":"https:\/\/www.aphyllanthe.fr\/association\/wp-json\/wp\/v2\/posts\/13838\/revisions"}],"predecessor-version":[{"id":13850,"href":"https:\/\/www.aphyllanthe.fr\/association\/wp-json\/wp\/v2\/posts\/13838\/revisions\/13850"}],"wp:featuredmedia":[{"embeddable":true,"href":"https:\/\/www.aphyllanthe.fr\/association\/wp-json\/wp\/v2\/media\/13845"}],"wp:attachment":[{"href":"https:\/\/www.aphyllanthe.fr\/association\/wp-json\/wp\/v2\/media?parent=13838"}],"wp:term":[{"taxonomy":"category","embeddable":true,"href":"https:\/\/www.aphyllanthe.fr\/association\/wp-json\/wp\/v2\/categories?post=13838"},{"taxonomy":"post_tag","embeddable":true,"href":"https:\/\/www.aphyllanthe.fr\/association\/wp-json\/wp\/v2\/tags?post=13838"}],"curies":[{"name":"wp","href":"https:\/\/api.w.org\/{rel}","templated":true}]}}