{"id":13893,"date":"2021-02-04T11:44:03","date_gmt":"2021-02-04T10:44:03","guid":{"rendered":"https:\/\/www.aphyllanthe.fr\/association\/?p=13893"},"modified":"2021-02-04T11:44:03","modified_gmt":"2021-02-04T10:44:03","slug":"grande-consultation","status":"publish","type":"post","link":"https:\/\/www.aphyllanthe.fr\/association\/grande-consultation\/","title":{"rendered":"Grande consultation"},"content":{"rendered":"<p><a href=\"https:\/\/www.aphyllanthe.fr\/association\/wp-content\/uploads\/2021\/02\/consultation.jpg\"><img loading=\"lazy\" decoding=\"async\" class=\"alignright size-medium wp-image-13915\" src=\"https:\/\/www.aphyllanthe.fr\/association\/wp-content\/uploads\/2021\/02\/consultation-300x234.jpg\" alt=\"\" width=\"300\" height=\"234\" srcset=\"https:\/\/www.aphyllanthe.fr\/association\/wp-content\/uploads\/2021\/02\/consultation-300x234.jpg 300w, https:\/\/www.aphyllanthe.fr\/association\/wp-content\/uploads\/2021\/02\/consultation.jpg 474w\" sizes=\"auto, (max-width: 300px) 100vw, 300px\" \/><\/a>L\u2019Association l\u2019Aphyllanthe anime la vie sociale autour d\u2019Aigaliers, de Foissac et de Baron depuis presque 20 ans. Entre la gestion d\u2019une biblioth\u00e8que municipale,\u00a0 l\u2019organisation d\u2019activit\u00e9s sportives, d&rsquo;actions scolaires, de cours hebdomadaires divers, de f\u00eates, de manifestations culturelles, de sorties et de conf\u00e9rences, nos actions ont \u00e9t\u00e9 tr\u00e8s, tr\u00e8s nombreuses.<\/p>\n<p>Avec l\u2019arriv\u00e9e de notre 20e anniversaire d\u2019existence, la sortie esp\u00e9r\u00e9e d\u2019une crise sanitaire historique, et l\u2019\u00e9volution des pr\u00e9occupations et des besoins de tous, nous souhaitons coller au plus pr\u00e8s des attentes et des int\u00e9r\u00eats de nos adh\u00e9rents, de nos partenaires et de la population locale.<\/p>\n<p>Nous sommes partenaires de la CAF au programme EVS (Espaces de vie Sociale).\u00a0 Ce partenariat doit \u00eatre renouvel\u00e9 cette ann\u00e9e pour la p\u00e9riode 2022 \u00e0 2025.<\/p>\n<p>La CAF attend de nous un projet d\u2019animation sociale dont le socle de base doit rester coh\u00e9rent avec ses objectifs (lien social interg\u00e9n\u00e9rationnel, la\u00efcit\u00e9, ouverture, actions pour les familles,&#8230;). Le projet doit \u00e9galement rester dans la ligne de nos statuts (liens et \u00e9changes entre g\u00e9n\u00e9rations, gestion de la biblioth\u00e8que, organisation de manifestations sociales, culturelles et \u00e9ducatives).<br \/>\nLors de la derni\u00e8re AG du 11 septembre 2020, deux grandes orientations th\u00e9matiques ont \u00e9t\u00e9 d\u00e9finies, en accord avec les adh\u00e9rents pr\u00e9sents : le num\u00e9rique et l&rsquo;\u00e9coresponsabilit\u00e9.<\/p>\n<p><strong>Dans le but de construire un projet social qui parle \u00e0 tous, nous souhaitons mener une s\u00e9rie de consultations pour lesquelles nous vous sollicitons, adh\u00e9rents ou sympathisants de l&rsquo;association.<\/strong><br \/>\n<img loading=\"lazy\" decoding=\"async\" class=\"aligncenter size-full wp-image-11361\" src=\"https:\/\/www.aphyllanthe.fr\/association\/wp-content\/uploads\/2020\/01\/20200102_121345.jpg\" alt=\"\" width=\"2424\" height=\"1121\" srcset=\"https:\/\/www.aphyllanthe.fr\/association\/wp-content\/uploads\/2020\/01\/20200102_121345.jpg 2424w, https:\/\/www.aphyllanthe.fr\/association\/wp-content\/uploads\/2020\/01\/20200102_121345-300x139.jpg 300w, https:\/\/www.aphyllanthe.fr\/association\/wp-content\/uploads\/2020\/01\/20200102_121345-1024x474.jpg 1024w, https:\/\/www.aphyllanthe.fr\/association\/wp-content\/uploads\/2020\/01\/20200102_121345-768x355.jpg 768w, https:\/\/www.aphyllanthe.fr\/association\/wp-content\/uploads\/2020\/01\/20200102_121345-1536x710.jpg 1536w, https:\/\/www.aphyllanthe.fr\/association\/wp-content\/uploads\/2020\/01\/20200102_121345-2048x947.jpg 2048w, https:\/\/www.aphyllanthe.fr\/association\/wp-content\/uploads\/2020\/01\/20200102_121345-1320x610.jpg 1320w\" sizes=\"auto, (max-width: 2424px) 100vw, 2424px\" \/><br \/>\n<strong>Ecoresponsabilit\u00e9 <\/strong>: tous les projets, id\u00e9es, propositions qui vous tiennent \u00e0 c\u0153ur et dans lesquelles vous souhaiteriez vous investir nous int\u00e9ressent. Pour l&rsquo;instant, nous avons en projet la cr\u00e9ation d&rsquo;un jardin p\u00e9dagogique en permaculture et la d\u00e9couverte du monde des abeilles avec l&rsquo;installation d&rsquo;une ruche.<\/p>\n<p><strong>Num\u00e9rique <\/strong>: nous avons divers axes d&rsquo;actions : interventions dans les \u00e9coles, formations pour adultes et seniors, ateliers et partages de savoirs interg\u00e9n\u00e9rationnels sur le bon et le moins bon du num\u00e9rique, conf\u00e9rences et projections de films-d\u00e9bats.<\/p>\n<p style=\"text-align: center;\">De votre c\u00f4t\u00e9, vous avez certainement aussi des id\u00e9es ou des souhaits.<br \/>\n<strong>Faites-nous en part et construisons ensemble l&rsquo;avenir de l&rsquo;Aphyllanthe<\/strong>.<\/p>\n<p>Vous pouvez nous envoyer vos suggestions par mail, les glisser dans la bo\u00eete aux lettres, les remettre \u00e0 Marie pendant les heures d&rsquo;ouverture de la biblioth\u00e8que, les chuchoter sur le r\u00e9pondeur ou tout simplement en discuter avec l&rsquo;un des membres du CA. Nous comptons sur vous pour que l&rsquo;Aphyllanthe soit une association qui vous ressemble.<\/p>\n","protected":false},"excerpt":{"rendered":"<p>L\u2019Association l\u2019Aphyllanthe anime la vie sociale autour d\u2019Aigaliers, de Foissac et de Baron depuis presque 20 ans. Entre la gestion d\u2019une biblioth\u00e8que municipale,\u00a0 l\u2019organisation d\u2019activit\u00e9s sportives, d&rsquo;actions scolaires, de cours hebdomadaires divers, de f\u00eates, de manifestations culturelles, de sorties et de conf\u00e9rences, nos actions ont \u00e9t\u00e9 tr\u00e8s, tr\u00e8s nombreuses. Avec l\u2019arriv\u00e9e de notre 20e anniversaire &hellip; <a href=\"https:\/\/www.aphyllanthe.fr\/association\/grande-consultation\/\" class=\"more-link\">Continuer la lecture de <span class=\"screen-reader-text\">Grande consultation<\/span>  <span class=\"meta-nav\">&rarr;<\/span><\/a><\/p>\n","protected":false},"author":10,"featured_media":0,"comment_status":"closed","ping_status":"closed","sticky":false,"template":"","format":"standard","meta":{"footnotes":""},"categories":[4],"tags":[],"class_list":["post-13893","post","type-post","status-publish","format-standard","hentry","category-annonce"],"_links":{"self":[{"href":"https:\/\/www.aphyllanthe.fr\/association\/wp-json\/wp\/v2\/posts\/13893","targetHints":{"allow":["GET"]}}],"collection":[{"href":"https:\/\/www.aphyllanthe.fr\/association\/wp-json\/wp\/v2\/posts"}],"about":[{"href":"https:\/\/www.aphyllanthe.fr\/association\/wp-json\/wp\/v2\/types\/post"}],"author":[{"embeddable":true,"href":"https:\/\/www.aphyllanthe.fr\/association\/wp-json\/wp\/v2\/users\/10"}],"replies":[{"embeddable":true,"href":"https:\/\/www.aphyllanthe.fr\/association\/wp-json\/wp\/v2\/comments?post=13893"}],"version-history":[{"count":25,"href":"https:\/\/www.aphyllanthe.fr\/association\/wp-json\/wp\/v2\/posts\/13893\/revisions"}],"predecessor-version":[{"id":13929,"href":"https:\/\/www.aphyllanthe.fr\/association\/wp-json\/wp\/v2\/posts\/13893\/revisions\/13929"}],"wp:attachment":[{"href":"https:\/\/www.aphyllanthe.fr\/association\/wp-json\/wp\/v2\/media?parent=13893"}],"wp:term":[{"taxonomy":"category","embeddable":true,"href":"https:\/\/www.aphyllanthe.fr\/association\/wp-json\/wp\/v2\/categories?post=13893"},{"taxonomy":"post_tag","embeddable":true,"href":"https:\/\/www.aphyllanthe.fr\/association\/wp-json\/wp\/v2\/tags?post=13893"}],"curies":[{"name":"wp","href":"https:\/\/api.w.org\/{rel}","templated":true}]}}