{"id":13974,"date":"2021-03-04T18:33:46","date_gmt":"2021-03-04T17:33:46","guid":{"rendered":"https:\/\/www.aphyllanthe.fr\/association\/?p=13974"},"modified":"2021-03-04T18:33:48","modified_gmt":"2021-03-04T17:33:48","slug":"reprise-des-activites-enfants-enfin","status":"publish","type":"post","link":"https:\/\/www.aphyllanthe.fr\/association\/reprise-des-activites-enfants-enfin\/","title":{"rendered":"Reprise des activit\u00e9s enfants, enfin !"},"content":{"rendered":"<p>Enfin \u00e7a y est, les ateliers de th\u00e9\u00e2tre et de poterie enfants ont repris \u00e0 l&rsquo;Aphyllanthe, nous sortant un peu de cette dr\u00f4le de l\u00e9thargie induite par le\u00a0 confinement. Ce mercredi, Patricia Matisson et Marie Ducatel, nos deux animatrices de choc, ont repris le collier avec une bonne humeur partag\u00e9e par les enfants.<br \/>\nSi l&rsquo;hirondelle ne fait pas le printemps, ces ateliers laissent passer de beaux rayons de soleil&#8230;<a href=\"https:\/\/www.aphyllanthe.fr\/association\/reprise-des-activites-enfants-enfin\/poteries\/\" rel=\"attachment wp-att-13978\"><img loading=\"lazy\" decoding=\"async\" class=\"size-medium wp-image-13978 aligncenter\" src=\"https:\/\/www.aphyllanthe.fr\/association\/wp-content\/uploads\/2021\/03\/poteries-293x300.jpg\" alt=\"\" width=\"293\" height=\"300\" srcset=\"https:\/\/www.aphyllanthe.fr\/association\/wp-content\/uploads\/2021\/03\/poteries-293x300.jpg 293w, https:\/\/www.aphyllanthe.fr\/association\/wp-content\/uploads\/2021\/03\/poteries-999x1024.jpg 999w, https:\/\/www.aphyllanthe.fr\/association\/wp-content\/uploads\/2021\/03\/poteries-768x787.jpg 768w, https:\/\/www.aphyllanthe.fr\/association\/wp-content\/uploads\/2021\/03\/poteries-1498x1536.jpg 1498w, https:\/\/www.aphyllanthe.fr\/association\/wp-content\/uploads\/2021\/03\/poteries-1998x2048.jpg 1998w, https:\/\/www.aphyllanthe.fr\/association\/wp-content\/uploads\/2021\/03\/poteries-1320x1353.jpg 1320w\" sizes=\"auto, (max-width: 293px) 100vw, 293px\" \/><\/a><br \/>\n<strong>Nota <\/strong>: Marie Ducatel a ramen\u00e9 les sujets r\u00e9alis\u00e9s lors de l&rsquo;atelier Halloween et des ateliers hebdomadaires de septembre et d&rsquo;octobre. Ils vous attendent dans l&rsquo;atelier de la biblioth\u00e8que.<\/p>\n","protected":false},"excerpt":{"rendered":"<p>Enfin \u00e7a y est, les ateliers de th\u00e9\u00e2tre et de poterie enfants ont repris \u00e0 l&rsquo;Aphyllanthe, nous sortant un peu de cette dr\u00f4le de l\u00e9thargie induite par le\u00a0 confinement. Ce mercredi, Patricia Matisson et Marie Ducatel, nos deux animatrices de choc, ont repris le collier avec une bonne humeur partag\u00e9e par les enfants. Si l&rsquo;hirondelle &hellip; <a href=\"https:\/\/www.aphyllanthe.fr\/association\/reprise-des-activites-enfants-enfin\/\" class=\"more-link\">Continuer la lecture de <span class=\"screen-reader-text\">Reprise des activit\u00e9s enfants, enfin !<\/span>  <span class=\"meta-nav\">&rarr;<\/span><\/a><\/p>\n","protected":false},"author":10,"featured_media":13977,"comment_status":"closed","ping_status":"closed","sticky":false,"template":"","format":"standard","meta":{"footnotes":""},"categories":[4,3],"tags":[],"class_list":["post-13974","post","type-post","status-publish","format-standard","has-post-thumbnail","hentry","category-annonce","category-reportage"],"_links":{"self":[{"href":"https:\/\/www.aphyllanthe.fr\/association\/wp-json\/wp\/v2\/posts\/13974","targetHints":{"allow":["GET"]}}],"collection":[{"href":"https:\/\/www.aphyllanthe.fr\/association\/wp-json\/wp\/v2\/posts"}],"about":[{"href":"https:\/\/www.aphyllanthe.fr\/association\/wp-json\/wp\/v2\/types\/post"}],"author":[{"embeddable":true,"href":"https:\/\/www.aphyllanthe.fr\/association\/wp-json\/wp\/v2\/users\/10"}],"replies":[{"embeddable":true,"href":"https:\/\/www.aphyllanthe.fr\/association\/wp-json\/wp\/v2\/comments?post=13974"}],"version-history":[{"count":7,"href":"https:\/\/www.aphyllanthe.fr\/association\/wp-json\/wp\/v2\/posts\/13974\/revisions"}],"predecessor-version":[{"id":13984,"href":"https:\/\/www.aphyllanthe.fr\/association\/wp-json\/wp\/v2\/posts\/13974\/revisions\/13984"}],"wp:featuredmedia":[{"embeddable":true,"href":"https:\/\/www.aphyllanthe.fr\/association\/wp-json\/wp\/v2\/media\/13977"}],"wp:attachment":[{"href":"https:\/\/www.aphyllanthe.fr\/association\/wp-json\/wp\/v2\/media?parent=13974"}],"wp:term":[{"taxonomy":"category","embeddable":true,"href":"https:\/\/www.aphyllanthe.fr\/association\/wp-json\/wp\/v2\/categories?post=13974"},{"taxonomy":"post_tag","embeddable":true,"href":"https:\/\/www.aphyllanthe.fr\/association\/wp-json\/wp\/v2\/tags?post=13974"}],"curies":[{"name":"wp","href":"https:\/\/api.w.org\/{rel}","templated":true}]}}