{"id":13998,"date":"2021-03-12T18:21:14","date_gmt":"2021-03-12T17:21:14","guid":{"rendered":"https:\/\/www.aphyllanthe.fr\/association\/?p=13998"},"modified":"2021-04-07T21:27:29","modified_gmt":"2021-04-07T20:27:29","slug":"reprise-des-cours-de-gym","status":"publish","type":"post","link":"https:\/\/www.aphyllanthe.fr\/association\/reprise-des-cours-de-gym\/","title":{"rendered":"Reprise des cours de gym"},"content":{"rendered":"<p><figure id=\"attachment_13403\" aria-describedby=\"caption-attachment-13403\" style=\"width: 300px\" class=\"wp-caption alignleft\"><a href=\"https:\/\/www.aphyllanthe.fr\/association\/gym\/mathias-foreau\/\" rel=\"attachment wp-att-13403\"><img loading=\"lazy\" decoding=\"async\" src=\"https:\/\/www.aphyllanthe.fr\/association\/wp-content\/uploads\/2020\/09\/mathias-foreau-300x239.jpg\" alt=\"\" width=\"300\" height=\"239\" class=\"size-medium wp-image-13403\" srcset=\"https:\/\/www.aphyllanthe.fr\/association\/wp-content\/uploads\/2020\/09\/mathias-foreau-300x239.jpg 300w, https:\/\/www.aphyllanthe.fr\/association\/wp-content\/uploads\/2020\/09\/mathias-foreau.jpg 667w\" sizes=\"auto, (max-width: 300px) 100vw, 300px\" \/><\/a><figcaption id=\"caption-attachment-13403\" class=\"wp-caption-text\">Mathias Foreau, animateur gym<\/figcaption><\/figure>Avec le beau temps, les cours de gym peuvent esp\u00e9rer reprendre en ext\u00e9rieur et en pr\u00e9sentiel, mais toujours dans le respect des mesures sanitaires. <\/p>\n<p>A nouveau de la gym \u00e0 l&rsquo;Aphyllanthe d\u00e8s le 15 mars avec Mathias Foreau de l&rsquo;association Equilibre !<\/p>\n","protected":false},"excerpt":{"rendered":"<p>Avec le beau temps, les cours de gym peuvent esp\u00e9rer reprendre en ext\u00e9rieur et en pr\u00e9sentiel, mais toujours dans le respect des mesures sanitaires. A nouveau de la gym \u00e0 l&rsquo;Aphyllanthe d\u00e8s le 15 mars avec Mathias Foreau de l&rsquo;association Equilibre !<\/p>\n","protected":false},"author":10,"featured_media":13588,"comment_status":"closed","ping_status":"closed","sticky":false,"template":"","format":"standard","meta":{"footnotes":""},"categories":[4],"tags":[],"class_list":["post-13998","post","type-post","status-publish","format-standard","has-post-thumbnail","hentry","category-annonce"],"_links":{"self":[{"href":"https:\/\/www.aphyllanthe.fr\/association\/wp-json\/wp\/v2\/posts\/13998","targetHints":{"allow":["GET"]}}],"collection":[{"href":"https:\/\/www.aphyllanthe.fr\/association\/wp-json\/wp\/v2\/posts"}],"about":[{"href":"https:\/\/www.aphyllanthe.fr\/association\/wp-json\/wp\/v2\/types\/post"}],"author":[{"embeddable":true,"href":"https:\/\/www.aphyllanthe.fr\/association\/wp-json\/wp\/v2\/users\/10"}],"replies":[{"embeddable":true,"href":"https:\/\/www.aphyllanthe.fr\/association\/wp-json\/wp\/v2\/comments?post=13998"}],"version-history":[{"count":6,"href":"https:\/\/www.aphyllanthe.fr\/association\/wp-json\/wp\/v2\/posts\/13998\/revisions"}],"predecessor-version":[{"id":14152,"href":"https:\/\/www.aphyllanthe.fr\/association\/wp-json\/wp\/v2\/posts\/13998\/revisions\/14152"}],"wp:featuredmedia":[{"embeddable":true,"href":"https:\/\/www.aphyllanthe.fr\/association\/wp-json\/wp\/v2\/media\/13588"}],"wp:attachment":[{"href":"https:\/\/www.aphyllanthe.fr\/association\/wp-json\/wp\/v2\/media?parent=13998"}],"wp:term":[{"taxonomy":"category","embeddable":true,"href":"https:\/\/www.aphyllanthe.fr\/association\/wp-json\/wp\/v2\/categories?post=13998"},{"taxonomy":"post_tag","embeddable":true,"href":"https:\/\/www.aphyllanthe.fr\/association\/wp-json\/wp\/v2\/tags?post=13998"}],"curies":[{"name":"wp","href":"https:\/\/api.w.org\/{rel}","templated":true}]}}