{"id":14123,"date":"2021-04-02T16:54:22","date_gmt":"2021-04-02T15:54:22","guid":{"rendered":"https:\/\/www.aphyllanthe.fr\/association\/?p=14123"},"modified":"2021-04-07T08:26:19","modified_gmt":"2021-04-07T07:26:19","slug":"suspension-des-activites-2","status":"publish","type":"post","link":"https:\/\/www.aphyllanthe.fr\/association\/suspension-des-activites-2\/","title":{"rendered":"Suspension des activit\u00e9s"},"content":{"rendered":"<p>En consultation avec la mairie d&rsquo;Aigaliers, le CA de l&rsquo;Association l&rsquo;Aphyllanthe a pris la d\u00e9cision de suspendre les activit\u00e9s en cours suite aux annonces de confinement affectant la Gard. Sont suspendues pour 3 \u00e0 4 semaines, les activit\u00e9s suivantes :<\/p>\n<ul>\n<li>atelier de poterie interg\u00e9n\u00e9rationnel<\/li>\n<li>atelier de th\u00e9\u00e2tre enfants<\/li>\n<li>le cercle des lectrices<\/li>\n<li>l&rsquo;ouverture exceptionnelle de la biblioth\u00e8que initialement pr\u00e9vue pour le samedi apr\u00e8s-midi le 3 avril<\/li>\n<\/ul>\n<p>La biblioth\u00e8que restera ouverte en semaine aux heures habituelles pour le pr\u00eat et le retour des livres avec stricte application des r\u00e8gles sanitaires.<\/p>\n<p>Le cours hebdomadaire de gym d&rsquo;entretien en ext\u00e9rieur va pouvoir continuer.<\/p>\n","protected":false},"excerpt":{"rendered":"<p>En consultation avec la mairie d&rsquo;Aigaliers, le CA de l&rsquo;Association l&rsquo;Aphyllanthe a pris la d\u00e9cision de suspendre les activit\u00e9s en cours suite aux annonces de confinement affectant la Gard. Sont suspendues pour 3 \u00e0 4 semaines, les activit\u00e9s suivantes : atelier de poterie interg\u00e9n\u00e9rationnel atelier de th\u00e9\u00e2tre enfants le cercle des lectrices l&rsquo;ouverture exceptionnelle de &hellip; <a href=\"https:\/\/www.aphyllanthe.fr\/association\/suspension-des-activites-2\/\" class=\"more-link\">Continuer la lecture de <span class=\"screen-reader-text\">Suspension des activit\u00e9s<\/span>  <span class=\"meta-nav\">&rarr;<\/span><\/a><\/p>\n","protected":false},"author":1,"featured_media":0,"comment_status":"closed","ping_status":"closed","sticky":false,"template":"","format":"standard","meta":{"footnotes":""},"categories":[4],"tags":[],"class_list":["post-14123","post","type-post","status-publish","format-standard","hentry","category-annonce"],"_links":{"self":[{"href":"https:\/\/www.aphyllanthe.fr\/association\/wp-json\/wp\/v2\/posts\/14123","targetHints":{"allow":["GET"]}}],"collection":[{"href":"https:\/\/www.aphyllanthe.fr\/association\/wp-json\/wp\/v2\/posts"}],"about":[{"href":"https:\/\/www.aphyllanthe.fr\/association\/wp-json\/wp\/v2\/types\/post"}],"author":[{"embeddable":true,"href":"https:\/\/www.aphyllanthe.fr\/association\/wp-json\/wp\/v2\/users\/1"}],"replies":[{"embeddable":true,"href":"https:\/\/www.aphyllanthe.fr\/association\/wp-json\/wp\/v2\/comments?post=14123"}],"version-history":[{"count":5,"href":"https:\/\/www.aphyllanthe.fr\/association\/wp-json\/wp\/v2\/posts\/14123\/revisions"}],"predecessor-version":[{"id":14131,"href":"https:\/\/www.aphyllanthe.fr\/association\/wp-json\/wp\/v2\/posts\/14123\/revisions\/14131"}],"wp:attachment":[{"href":"https:\/\/www.aphyllanthe.fr\/association\/wp-json\/wp\/v2\/media?parent=14123"}],"wp:term":[{"taxonomy":"category","embeddable":true,"href":"https:\/\/www.aphyllanthe.fr\/association\/wp-json\/wp\/v2\/categories?post=14123"},{"taxonomy":"post_tag","embeddable":true,"href":"https:\/\/www.aphyllanthe.fr\/association\/wp-json\/wp\/v2\/tags?post=14123"}],"curies":[{"name":"wp","href":"https:\/\/api.w.org\/{rel}","templated":true}]}}