{"id":14165,"date":"2021-04-23T10:36:08","date_gmt":"2021-04-23T09:36:08","guid":{"rendered":"https:\/\/www.aphyllanthe.fr\/association\/?p=14165"},"modified":"2021-04-23T10:36:08","modified_gmt":"2021-04-23T09:36:08","slug":"les-enfants-du-clas-font-leur-autoportrait","status":"publish","type":"post","link":"https:\/\/www.aphyllanthe.fr\/association\/les-enfants-du-clas-font-leur-autoportrait\/","title":{"rendered":"les enfants du CLAS font leur autoportrait"},"content":{"rendered":"<p>Le 1er avril, en pr\u00e9alable aux vacances de P\u00e2ques, les enfants de CM\/ CP pr\u00e9sents au CLAS ont fait leur autoportrait sous l&rsquo;\u00e9gide de Marie Ducatel, leur animatrice de choc.<\/p>\n<p>Il en r\u00e9sulte des portrait craquants et tr\u00e8s repr\u00e9sentatifs de la personnalit\u00e9 de chacun.<\/p>\n<div id='gallery-1' class='gallery galleryid-14165 gallery-columns-2 gallery-size-medium'><figure class='gallery-item'>\n\t\t\t<div class='gallery-icon portrait'>\n\t\t\t\t<a href='https:\/\/www.aphyllanthe.fr\/association\/les-enfants-du-clas-font-leur-autoportrait\/aylen\/'><img loading=\"lazy\" decoding=\"async\" width=\"225\" height=\"300\" src=\"https:\/\/www.aphyllanthe.fr\/association\/wp-content\/uploads\/2021\/04\/Aylen-225x300.jpg\" class=\"attachment-medium size-medium\" alt=\"\" aria-describedby=\"gallery-1-14185\" srcset=\"https:\/\/www.aphyllanthe.fr\/association\/wp-content\/uploads\/2021\/04\/Aylen-225x300.jpg 225w, https:\/\/www.aphyllanthe.fr\/association\/wp-content\/uploads\/2021\/04\/Aylen-768x1024.jpg 768w, https:\/\/www.aphyllanthe.fr\/association\/wp-content\/uploads\/2021\/04\/Aylen-1152x1536.jpg 1152w, https:\/\/www.aphyllanthe.fr\/association\/wp-content\/uploads\/2021\/04\/Aylen-1536x2048.jpg 1536w, https:\/\/www.aphyllanthe.fr\/association\/wp-content\/uploads\/2021\/04\/Aylen-1320x1760.jpg 1320w, https:\/\/www.aphyllanthe.fr\/association\/wp-content\/uploads\/2021\/04\/Aylen-scaled.jpg 1920w\" sizes=\"auto, (max-width: 225px) 100vw, 225px\" \/><\/a>\n\t\t\t<\/div>\n\t\t\t\t<figcaption class='wp-caption-text gallery-caption' id='gallery-1-14185'>\n\t\t\t\tAylen\n\t\t\t\t<\/figcaption><\/figure><figure class='gallery-item'>\n\t\t\t<div class='gallery-icon portrait'>\n\t\t\t\t<a href='https:\/\/www.aphyllanthe.fr\/association\/les-enfants-du-clas-font-leur-autoportrait\/mahenna\/'><img loading=\"lazy\" decoding=\"async\" width=\"225\" height=\"300\" src=\"https:\/\/www.aphyllanthe.fr\/association\/wp-content\/uploads\/2021\/04\/Mahenna-225x300.jpg\" class=\"attachment-medium size-medium\" alt=\"\" aria-describedby=\"gallery-1-14186\" srcset=\"https:\/\/www.aphyllanthe.fr\/association\/wp-content\/uploads\/2021\/04\/Mahenna-225x300.jpg 225w, https:\/\/www.aphyllanthe.fr\/association\/wp-content\/uploads\/2021\/04\/Mahenna-768x1024.jpg 768w, https:\/\/www.aphyllanthe.fr\/association\/wp-content\/uploads\/2021\/04\/Mahenna-1152x1536.jpg 1152w, https:\/\/www.aphyllanthe.fr\/association\/wp-content\/uploads\/2021\/04\/Mahenna-1536x2048.jpg 1536w, https:\/\/www.aphyllanthe.fr\/association\/wp-content\/uploads\/2021\/04\/Mahenna-1320x1760.jpg 1320w, https:\/\/www.aphyllanthe.fr\/association\/wp-content\/uploads\/2021\/04\/Mahenna-scaled.jpg 1920w\" sizes=\"auto, (max-width: 225px) 100vw, 225px\" \/><\/a>\n\t\t\t<\/div>\n\t\t\t\t<figcaption class='wp-caption-text gallery-caption' id='gallery-1-14186'>\n\t\t\t\tMahenna\n\t\t\t\t<\/figcaption><\/figure><figure class='gallery-item'>\n\t\t\t<div class='gallery-icon portrait'>\n\t\t\t\t<a href='https:\/\/www.aphyllanthe.fr\/association\/les-enfants-du-clas-font-leur-autoportrait\/margot\/'><img loading=\"lazy\" decoding=\"async\" width=\"225\" height=\"300\" src=\"https:\/\/www.aphyllanthe.fr\/association\/wp-content\/uploads\/2021\/04\/Margot-225x300.jpg\" class=\"attachment-medium size-medium\" alt=\"\" srcset=\"https:\/\/www.aphyllanthe.fr\/association\/wp-content\/uploads\/2021\/04\/Margot-225x300.jpg 225w, https:\/\/www.aphyllanthe.fr\/association\/wp-content\/uploads\/2021\/04\/Margot-768x1024.jpg 768w, https:\/\/www.aphyllanthe.fr\/association\/wp-content\/uploads\/2021\/04\/Margot-1152x1536.jpg 1152w, https:\/\/www.aphyllanthe.fr\/association\/wp-content\/uploads\/2021\/04\/Margot-1536x2048.jpg 1536w, https:\/\/www.aphyllanthe.fr\/association\/wp-content\/uploads\/2021\/04\/Margot-1320x1760.jpg 1320w, https:\/\/www.aphyllanthe.fr\/association\/wp-content\/uploads\/2021\/04\/Margot-scaled.jpg 1920w\" sizes=\"auto, (max-width: 225px) 100vw, 225px\" \/><\/a>\n\t\t\t<\/div><\/figure><figure class='gallery-item'>\n\t\t\t<div class='gallery-icon portrait'>\n\t\t\t\t<a href='https:\/\/www.aphyllanthe.fr\/association\/les-enfants-du-clas-font-leur-autoportrait\/marvin\/'><img loading=\"lazy\" decoding=\"async\" width=\"225\" height=\"300\" src=\"https:\/\/www.aphyllanthe.fr\/association\/wp-content\/uploads\/2021\/04\/Marvin-225x300.jpg\" class=\"attachment-medium size-medium\" alt=\"\" aria-describedby=\"gallery-1-14188\" srcset=\"https:\/\/www.aphyllanthe.fr\/association\/wp-content\/uploads\/2021\/04\/Marvin-225x300.jpg 225w, https:\/\/www.aphyllanthe.fr\/association\/wp-content\/uploads\/2021\/04\/Marvin-768x1024.jpg 768w, https:\/\/www.aphyllanthe.fr\/association\/wp-content\/uploads\/2021\/04\/Marvin-1152x1536.jpg 1152w, https:\/\/www.aphyllanthe.fr\/association\/wp-content\/uploads\/2021\/04\/Marvin-1536x2048.jpg 1536w, https:\/\/www.aphyllanthe.fr\/association\/wp-content\/uploads\/2021\/04\/Marvin-1320x1760.jpg 1320w, https:\/\/www.aphyllanthe.fr\/association\/wp-content\/uploads\/2021\/04\/Marvin-scaled.jpg 1920w\" sizes=\"auto, (max-width: 225px) 100vw, 225px\" \/><\/a>\n\t\t\t<\/div>\n\t\t\t\t<figcaption class='wp-caption-text gallery-caption' id='gallery-1-14188'>\n\t\t\t\tMarvin\n\t\t\t\t<\/figcaption><\/figure>\n\t\t<\/div>\n\n<p>Bravo les enfants !<\/p>\n","protected":false},"excerpt":{"rendered":"<p>Le 1er avril, en pr\u00e9alable aux vacances de P\u00e2ques, les enfants de CM\/ CP pr\u00e9sents au CLAS ont fait leur autoportrait sous l&rsquo;\u00e9gide de Marie Ducatel, leur animatrice de choc. Il en r\u00e9sulte des portrait craquants et tr\u00e8s repr\u00e9sentatifs de la personnalit\u00e9 de chacun. Bravo les enfants !<\/p>\n","protected":false},"author":10,"featured_media":14180,"comment_status":"closed","ping_status":"closed","sticky":false,"template":"","format":"standard","meta":{"footnotes":""},"categories":[4],"tags":[],"class_list":["post-14165","post","type-post","status-publish","format-standard","has-post-thumbnail","hentry","category-annonce"],"_links":{"self":[{"href":"https:\/\/www.aphyllanthe.fr\/association\/wp-json\/wp\/v2\/posts\/14165","targetHints":{"allow":["GET"]}}],"collection":[{"href":"https:\/\/www.aphyllanthe.fr\/association\/wp-json\/wp\/v2\/posts"}],"about":[{"href":"https:\/\/www.aphyllanthe.fr\/association\/wp-json\/wp\/v2\/types\/post"}],"author":[{"embeddable":true,"href":"https:\/\/www.aphyllanthe.fr\/association\/wp-json\/wp\/v2\/users\/10"}],"replies":[{"embeddable":true,"href":"https:\/\/www.aphyllanthe.fr\/association\/wp-json\/wp\/v2\/comments?post=14165"}],"version-history":[{"count":4,"href":"https:\/\/www.aphyllanthe.fr\/association\/wp-json\/wp\/v2\/posts\/14165\/revisions"}],"predecessor-version":[{"id":14189,"href":"https:\/\/www.aphyllanthe.fr\/association\/wp-json\/wp\/v2\/posts\/14165\/revisions\/14189"}],"wp:featuredmedia":[{"embeddable":true,"href":"https:\/\/www.aphyllanthe.fr\/association\/wp-json\/wp\/v2\/media\/14180"}],"wp:attachment":[{"href":"https:\/\/www.aphyllanthe.fr\/association\/wp-json\/wp\/v2\/media?parent=14165"}],"wp:term":[{"taxonomy":"category","embeddable":true,"href":"https:\/\/www.aphyllanthe.fr\/association\/wp-json\/wp\/v2\/categories?post=14165"},{"taxonomy":"post_tag","embeddable":true,"href":"https:\/\/www.aphyllanthe.fr\/association\/wp-json\/wp\/v2\/tags?post=14165"}],"curies":[{"name":"wp","href":"https:\/\/api.w.org\/{rel}","templated":true}]}}