{"id":14226,"date":"2021-05-13T08:26:56","date_gmt":"2021-05-13T07:26:56","guid":{"rendered":"https:\/\/www.aphyllanthe.fr\/association\/?p=14226"},"modified":"2021-05-18T11:05:56","modified_gmt":"2021-05-18T10:05:56","slug":"la-gym-en-plein-air","status":"publish","type":"post","link":"https:\/\/www.aphyllanthe.fr\/association\/la-gym-en-plein-air\/","title":{"rendered":"La Gym en plein air"},"content":{"rendered":"\n<p class=\"has-drop-cap\">Malgr\u00e9 le Covid et les restrictions sanitaires, la vie n&rsquo;est pas \u00e0 l&rsquo;arr\u00eat \u00e0 l&rsquo;Aphyllanthe.  Pour preuve. les cours de gym ont eu lieu sans discontinuer depuis la rentr\u00e9e 2020. Sur la photo, Mathias, l&rsquo;animateur, explique comment utiliser une \u00e9chelle de rythme.  <\/p>\n\n\n\n<p class=\"has-white-color has-medium-gray-background-color has-text-color has-background\">D&rsquo;une semaine \u00e0 l&rsquo;autre, Mathias propose des exercices tr\u00e8s vari\u00e9s : \u00e9tirements d&rsquo;\u00e9chauffement, petits exercices cardio-vasculaires, exercices d&rsquo;\u00e9quilibre, abdominaux et exercices de rythme faisant appel \u00e0 la m\u00e9moire et \u00e0 la  coordination des mouvements entre le haut le le bas du corps.  Bien entendu, il adapte les exercices propos\u00e9s aux capacit\u00e9s de chacun et  propose des variations \u00e0 ceux pour qui l&rsquo;exercice de base est trop difficile, ou trop facile. Et comme il se doit, chaque s\u00e9ance d\u00e9bute et termine par une s\u00e9rie d&rsquo;\u00e9tirement.<\/p>\n\n\n\n<!--more-->\n\n\n\n<p>Ces cours, qui ont commenc\u00e9 dans la salle polyvalente d&rsquo;Aigaliers en septembre 2020, ont d\u00fb passer en visioconf\u00e9rence \u00e0 partir du second confinement de novembre 2020, puis sont repartis en pr\u00e9sentiel, et en plein air \u00e0 partir de mars 2021, avec le retour d&rsquo;une m\u00e9t\u00e9o plus cl\u00e9mente. <\/p>\n\n\n\n<div class=\"wp-block-image\"><figure class=\"aligncenter size-large is-resized\"><a href=\"https:\/\/www.aphyllanthe.fr\/association\/wp-content\/uploads\/2021\/05\/gym.jpg\"><img loading=\"lazy\" decoding=\"async\" src=\"https:\/\/www.aphyllanthe.fr\/association\/wp-content\/uploads\/2021\/05\/gym-1024x830.jpg\" alt=\"\" class=\"wp-image-14228\" width=\"479\" height=\"388\" srcset=\"https:\/\/www.aphyllanthe.fr\/association\/wp-content\/uploads\/2021\/05\/gym-1024x830.jpg 1024w, https:\/\/www.aphyllanthe.fr\/association\/wp-content\/uploads\/2021\/05\/gym-300x243.jpg 300w, https:\/\/www.aphyllanthe.fr\/association\/wp-content\/uploads\/2021\/05\/gym-768x622.jpg 768w, https:\/\/www.aphyllanthe.fr\/association\/wp-content\/uploads\/2021\/05\/gym-1536x1245.jpg 1536w, https:\/\/www.aphyllanthe.fr\/association\/wp-content\/uploads\/2021\/05\/gym-2048x1660.jpg 2048w, https:\/\/www.aphyllanthe.fr\/association\/wp-content\/uploads\/2021\/05\/gym-1320x1070.jpg 1320w\" sizes=\"auto, (max-width: 479px) 100vw, 479px\" \/><\/a><figcaption>prof de gym en d\u00e9monstration sur une \u00e9chelle de rythme<\/figcaption><\/figure><\/div>\n\n\n\n<hr class=\"wp-block-separator\"\/>\n\n\n\n<p class=\"has-text-align-left has-white-color has-green-background-color has-text-color has-background\">Pour 8 \u00e0 10 inscrits, Mathias organise 2 groupes de moins de 6 personnes avec une bonne s\u00e9paration des groupes.  Le mat\u00e9riel est d\u00e9sinfect\u00e9 \u00e0 la fin de chaque s\u00e9ance.  Masques et distanciation sont obligatoires pour les discussions avant et apr\u00e8s les s\u00e9ances.  <\/p>\n\n\n\n<p>S\u00e9ance tous les lundis \u00e0 11 heures sur le terrain multisports d&rsquo;Aigaliers.  A vos baskets !<\/p>\n","protected":false},"excerpt":{"rendered":"<p>Malgr\u00e9 le Covid et les restrictions sanitaires, la vie n&rsquo;est pas \u00e0 l&rsquo;arr\u00eat \u00e0 l&rsquo;Aphyllanthe. Pour preuve. les cours de gym ont eu lieu sans discontinuer depuis la rentr\u00e9e 2020. Sur la photo, Mathias, l&rsquo;animateur, explique comment utiliser une \u00e9chelle de rythme. D&rsquo;une semaine \u00e0 l&rsquo;autre, Mathias propose des exercices tr\u00e8s vari\u00e9s : \u00e9tirements d&rsquo;\u00e9chauffement, &hellip; <a href=\"https:\/\/www.aphyllanthe.fr\/association\/la-gym-en-plein-air\/\" class=\"more-link\">Continuer la lecture de <span class=\"screen-reader-text\">La Gym en plein air<\/span>  <span class=\"meta-nav\">&rarr;<\/span><\/a><\/p>\n","protected":false},"author":1,"featured_media":0,"comment_status":"closed","ping_status":"closed","sticky":false,"template":"","format":"standard","meta":{"footnotes":""},"categories":[3],"tags":[],"class_list":["post-14226","post","type-post","status-publish","format-standard","hentry","category-reportage"],"_links":{"self":[{"href":"https:\/\/www.aphyllanthe.fr\/association\/wp-json\/wp\/v2\/posts\/14226","targetHints":{"allow":["GET"]}}],"collection":[{"href":"https:\/\/www.aphyllanthe.fr\/association\/wp-json\/wp\/v2\/posts"}],"about":[{"href":"https:\/\/www.aphyllanthe.fr\/association\/wp-json\/wp\/v2\/types\/post"}],"author":[{"embeddable":true,"href":"https:\/\/www.aphyllanthe.fr\/association\/wp-json\/wp\/v2\/users\/1"}],"replies":[{"embeddable":true,"href":"https:\/\/www.aphyllanthe.fr\/association\/wp-json\/wp\/v2\/comments?post=14226"}],"version-history":[{"count":7,"href":"https:\/\/www.aphyllanthe.fr\/association\/wp-json\/wp\/v2\/posts\/14226\/revisions"}],"predecessor-version":[{"id":14279,"href":"https:\/\/www.aphyllanthe.fr\/association\/wp-json\/wp\/v2\/posts\/14226\/revisions\/14279"}],"wp:attachment":[{"href":"https:\/\/www.aphyllanthe.fr\/association\/wp-json\/wp\/v2\/media?parent=14226"}],"wp:term":[{"taxonomy":"category","embeddable":true,"href":"https:\/\/www.aphyllanthe.fr\/association\/wp-json\/wp\/v2\/categories?post=14226"},{"taxonomy":"post_tag","embeddable":true,"href":"https:\/\/www.aphyllanthe.fr\/association\/wp-json\/wp\/v2\/tags?post=14226"}],"curies":[{"name":"wp","href":"https:\/\/api.w.org\/{rel}","templated":true}]}}