{"id":14234,"date":"2021-05-13T20:46:12","date_gmt":"2021-05-13T19:46:12","guid":{"rendered":"https:\/\/www.aphyllanthe.fr\/association\/?p=14234"},"modified":"2021-11-04T21:09:35","modified_gmt":"2021-11-04T20:09:35","slug":"orientations-du-projet-danimation-locale","status":"publish","type":"post","link":"https:\/\/www.aphyllanthe.fr\/association\/orientations-du-projet-danimation-locale\/","title":{"rendered":"Orientations du projet d&rsquo;Animation Locale"},"content":{"rendered":"\n<p class=\"has-drop-cap has-white-color has-medium-gray-background-color has-text-color has-background\">Le sondage aupr\u00e8s des adh\u00e9rents et du public sur les orientations du projet d&rsquo;animation locale de l&rsquo;Association l&rsquo;Aphyllanthe est toujours en cours.  Le questionnaire a \u00e9t\u00e9 mis en ligne il y a 15 jours et des r\u00e9sultats partiels sont d\u00e9j\u00e0 disponibles.  Un questionnaire papier est \u00e9galement en train d&rsquo;\u00eatre diffus\u00e9.  <\/p>\n\n\n\n<p>Il ressort des r\u00e9sultats pr\u00e9liminaires que les th\u00e9matiques pl\u00e9biscit\u00e9es sont :<\/p>\n\n\n\n<ul class=\"wp-block-list\"><li>num\u00e9rique et vie quotidienne (68 %), <\/li><li>livres, lectures et animations biblioth\u00e8que (41%) <\/li><li>environnement (36%) et <\/li><li>\u00e9co-responsabilit\u00e9 (32 %)<\/li><\/ul>\n\n\n\n<p>Ce questionnaire est d\u00e9sormais ferm\u00e9 aux r\u00e9ponses du public <\/p>\n","protected":false},"excerpt":{"rendered":"<p>Le sondage aupr\u00e8s des adh\u00e9rents et du public sur les orientations du projet d&rsquo;animation locale de l&rsquo;Association l&rsquo;Aphyllanthe est toujours en cours. Le questionnaire a \u00e9t\u00e9 mis en ligne il y a 15 jours et des r\u00e9sultats partiels sont d\u00e9j\u00e0 disponibles. Un questionnaire papier est \u00e9galement en train d&rsquo;\u00eatre diffus\u00e9. Il ressort des r\u00e9sultats pr\u00e9liminaires &hellip; <a href=\"https:\/\/www.aphyllanthe.fr\/association\/orientations-du-projet-danimation-locale\/\" class=\"more-link\">Continuer la lecture de <span class=\"screen-reader-text\">Orientations du projet d&rsquo;Animation Locale<\/span>  <span class=\"meta-nav\">&rarr;<\/span><\/a><\/p>\n","protected":false},"author":1,"featured_media":10639,"comment_status":"closed","ping_status":"closed","sticky":false,"template":"","format":"standard","meta":{"footnotes":""},"categories":[4],"tags":[],"class_list":["post-14234","post","type-post","status-publish","format-standard","has-post-thumbnail","hentry","category-annonce"],"_links":{"self":[{"href":"https:\/\/www.aphyllanthe.fr\/association\/wp-json\/wp\/v2\/posts\/14234","targetHints":{"allow":["GET"]}}],"collection":[{"href":"https:\/\/www.aphyllanthe.fr\/association\/wp-json\/wp\/v2\/posts"}],"about":[{"href":"https:\/\/www.aphyllanthe.fr\/association\/wp-json\/wp\/v2\/types\/post"}],"author":[{"embeddable":true,"href":"https:\/\/www.aphyllanthe.fr\/association\/wp-json\/wp\/v2\/users\/1"}],"replies":[{"embeddable":true,"href":"https:\/\/www.aphyllanthe.fr\/association\/wp-json\/wp\/v2\/comments?post=14234"}],"version-history":[{"count":11,"href":"https:\/\/www.aphyllanthe.fr\/association\/wp-json\/wp\/v2\/posts\/14234\/revisions"}],"predecessor-version":[{"id":15447,"href":"https:\/\/www.aphyllanthe.fr\/association\/wp-json\/wp\/v2\/posts\/14234\/revisions\/15447"}],"wp:featuredmedia":[{"embeddable":true,"href":"https:\/\/www.aphyllanthe.fr\/association\/wp-json\/wp\/v2\/media\/10639"}],"wp:attachment":[{"href":"https:\/\/www.aphyllanthe.fr\/association\/wp-json\/wp\/v2\/media?parent=14234"}],"wp:term":[{"taxonomy":"category","embeddable":true,"href":"https:\/\/www.aphyllanthe.fr\/association\/wp-json\/wp\/v2\/categories?post=14234"},{"taxonomy":"post_tag","embeddable":true,"href":"https:\/\/www.aphyllanthe.fr\/association\/wp-json\/wp\/v2\/tags?post=14234"}],"curies":[{"name":"wp","href":"https:\/\/api.w.org\/{rel}","templated":true}]}}