{"id":14376,"date":"2021-06-11T08:51:53","date_gmt":"2021-06-11T07:51:53","guid":{"rendered":"https:\/\/www.aphyllanthe.fr\/association\/?p=14376"},"modified":"2021-06-14T08:08:27","modified_gmt":"2021-06-14T07:08:27","slug":"sauvage-fete-de-la-musique-a-aigaliers","status":"publish","type":"post","link":"https:\/\/www.aphyllanthe.fr\/association\/sauvage-fete-de-la-musique-a-aigaliers\/","title":{"rendered":"Sauvage F\u00eate de la musique \u00e0 Aigaliers"},"content":{"rendered":"\n<p class=\"has-drop-cap has-white-color has-text-color has-background\" style=\"background-color:#23a8e0\">Pour f\u00eater l&rsquo;\u00e9t\u00e9, la musique, les mesures de d\u00e9confinement progressives, et la joie de vivre en g\u00e9n\u00e9ral, l&rsquo;Aphyllanthe invite l&rsquo;ensemble instrumental et vocal uz\u00e9tien <strong>Les Canards Sauvages<\/strong> le <strong>21 juin \u00e0 19h<\/strong>.<\/p>\n\n\n\n<div class=\"wp-block-columns is-layout-flex wp-container-core-columns-is-layout-9d6595d7 wp-block-columns-is-layout-flex\">\n<div class=\"wp-block-column is-layout-flow wp-block-column-is-layout-flow\">\n<p><\/p>\n\n\n\n<p>En ext\u00e9rieur, sur la pelouse situ\u00e9e devant le foyer, Les Canards Sauvages interpr\u00e9teront des extraits de leur nouveau spectacle, <strong>Cantay\u00eb<\/strong>, glan\u00e9 au fil des pays d&rsquo;Am\u00e9rique du Sud.<\/p>\n<\/div>\n\n\n\n<div class=\"wp-block-column is-layout-flow wp-block-column-is-layout-flow\">\n<figure class=\"wp-block-image size-large\"><a href=\"https:\/\/www.aphyllanthe.fr\/association\/wp-content\/uploads\/2021\/06\/Cantaye1.jpg\"><img loading=\"lazy\" decoding=\"async\" width=\"186\" height=\"266\" src=\"https:\/\/www.aphyllanthe.fr\/association\/wp-content\/uploads\/2021\/06\/Cantaye1.jpg\" alt=\"\" class=\"wp-image-14379\"\/><\/a><\/figure>\n<\/div>\n<\/div>\n\n\n\n<p>Participation libre. <\/p>\n\n\n\n<p>Plus d&rsquo;infos sur Les Canards Sauvages <a rel=\"noreferrer noopener\" href=\"https:\/\/www.les-canards-sauvages.org\/\" data-type=\"URL\" data-id=\"https:\/\/www.les-canards-sauvages.org\/\" target=\"_blank\"><strong>ici<\/strong><\/a>. Photo d&rsquo;en-t\u00eate : Marl\u00e8ne Colin, affiche r\u00e9alis\u00e9e par Nicole Minck.<\/p>\n\n\n\n<p>Adresse GPS : 280 route St\u00e9phane Hessel 30700 Aigaliers<\/p>\n","protected":false},"excerpt":{"rendered":"<p>Pour f\u00eater l&rsquo;\u00e9t\u00e9, la musique, les mesures de d\u00e9confinement progressives, et la joie de vivre en g\u00e9n\u00e9ral, l&rsquo;Aphyllanthe invite l&rsquo;ensemble instrumental et vocal uz\u00e9tien Les Canards Sauvages le 21 juin \u00e0 19h. En ext\u00e9rieur, sur la pelouse situ\u00e9e devant le foyer, Les Canards Sauvages interpr\u00e9teront des extraits de leur nouveau spectacle, Cantay\u00eb, glan\u00e9 au fil &hellip; <a href=\"https:\/\/www.aphyllanthe.fr\/association\/sauvage-fete-de-la-musique-a-aigaliers\/\" class=\"more-link\">Continuer la lecture de <span class=\"screen-reader-text\">Sauvage F\u00eate de la musique \u00e0 Aigaliers<\/span>  <span class=\"meta-nav\">&rarr;<\/span><\/a><\/p>\n","protected":false},"author":10,"featured_media":14381,"comment_status":"closed","ping_status":"closed","sticky":false,"template":"","format":"standard","meta":{"footnotes":""},"categories":[4,117],"tags":[],"class_list":["post-14376","post","type-post","status-publish","format-standard","has-post-thumbnail","hentry","category-annonce","category-familles-et-enfants"],"_links":{"self":[{"href":"https:\/\/www.aphyllanthe.fr\/association\/wp-json\/wp\/v2\/posts\/14376","targetHints":{"allow":["GET"]}}],"collection":[{"href":"https:\/\/www.aphyllanthe.fr\/association\/wp-json\/wp\/v2\/posts"}],"about":[{"href":"https:\/\/www.aphyllanthe.fr\/association\/wp-json\/wp\/v2\/types\/post"}],"author":[{"embeddable":true,"href":"https:\/\/www.aphyllanthe.fr\/association\/wp-json\/wp\/v2\/users\/10"}],"replies":[{"embeddable":true,"href":"https:\/\/www.aphyllanthe.fr\/association\/wp-json\/wp\/v2\/comments?post=14376"}],"version-history":[{"count":9,"href":"https:\/\/www.aphyllanthe.fr\/association\/wp-json\/wp\/v2\/posts\/14376\/revisions"}],"predecessor-version":[{"id":14451,"href":"https:\/\/www.aphyllanthe.fr\/association\/wp-json\/wp\/v2\/posts\/14376\/revisions\/14451"}],"wp:featuredmedia":[{"embeddable":true,"href":"https:\/\/www.aphyllanthe.fr\/association\/wp-json\/wp\/v2\/media\/14381"}],"wp:attachment":[{"href":"https:\/\/www.aphyllanthe.fr\/association\/wp-json\/wp\/v2\/media?parent=14376"}],"wp:term":[{"taxonomy":"category","embeddable":true,"href":"https:\/\/www.aphyllanthe.fr\/association\/wp-json\/wp\/v2\/categories?post=14376"},{"taxonomy":"post_tag","embeddable":true,"href":"https:\/\/www.aphyllanthe.fr\/association\/wp-json\/wp\/v2\/tags?post=14376"}],"curies":[{"name":"wp","href":"https:\/\/api.w.org\/{rel}","templated":true}]}}