{"id":14405,"date":"2021-09-08T10:55:12","date_gmt":"2021-09-08T09:55:12","guid":{"rendered":"https:\/\/www.aphyllanthe.fr\/association\/?p=14405"},"modified":"2021-10-11T17:27:09","modified_gmt":"2021-10-11T16:27:09","slug":"deux-ateliers-en-perspective-ecriture-mosaique","status":"publish","type":"post","link":"https:\/\/www.aphyllanthe.fr\/association\/deux-ateliers-en-perspective-ecriture-mosaique\/","title":{"rendered":"Un voyage au pays de la langue avec l&rsquo;atelier d&rsquo;\u00e9criture"},"content":{"rendered":"\n<h3 class=\"has-text-align-center wp-block-heading\">Deuxi\u00e8me s\u00e9ance le 14 octobre \u00e0 14h30 au presbyt\u00e8re<\/h3>\n\n\n\n<p class=\"has-drop-cap has-text-align-left has-text-color has-background\" style=\"background-color:#f1a5d4;color:#5c1a43\"><strong>Samedi 18 septembre<\/strong>, <strong>de 14h30 \u00e0 17h30<\/strong>, l&rsquo;Aphyllanthe vous propose d&rsquo;exercer vos talents dans le cadre d&rsquo;une nouveaut\u00e9  : un atelier d&rsquo;\u00e9criture !  Ce sera une rencontre, un partage, une exp\u00e9rience qui permettra \u00e0 chaque participant de faire un pas de c\u00f4t\u00e9 en partageant le plaisir des mots. Cueillir ses mots au bout de la langue et \u00e9crire tout ce qu&rsquo;il est possible d\u201b\u00e9crire.<\/p>\n\n\n\n<p class=\"has-text-align-left has-green-color has-white-background-color has-text-color has-background\">L&rsquo;atelier d\u00e9butera par une proposition ou deux de l&rsquo;animatrice, afin d\u201bouvrir un chemin d\u201b\u00e9criture. Le temps d\u201b\u00e9criture proprement dit sera suivi d&rsquo;un temps de lecture \u00e0 voix haute, moment important de retour sur le texte, en toute bienveillance.<\/p>\n\n\n\n<div class=\"wp-block-media-text alignwide has-media-on-the-right is-stacked-on-mobile\"><figure class=\"wp-block-media-text__media\"><img loading=\"lazy\" decoding=\"async\" width=\"209\" height=\"179\" src=\"https:\/\/www.aphyllanthe.fr\/association\/wp-content\/uploads\/2021\/03\/ecriture.jpg\" alt=\"\" class=\"wp-image-14273 size-full\"\/><\/figure><div class=\"wp-block-media-text__content\">\n<h3 class=\"has-text-color wp-block-heading\" style=\"color:#255b81\">Un monde &#8230;<\/h3>\n\n\n\n<h3 class=\"has-text-color wp-block-heading\" style=\"color:#255b81\">&#8230; d&rsquo;\u00e9criture<\/h3>\n\n\n\n<p><\/p>\n<\/div><\/div>\n\n\n\n<p class=\"has-green-color has-text-color\">L&rsquo;atelier sera anim\u00e9 par <strong>Sylvie Reymond Bagur<\/strong>, titulaire d&rsquo;un DU d\u2019animatrice d\u2019ateliers d\u2019\u00e9criture (Universit\u00e9 Paul Val\u00e9ry Montpellier III). Voir son site <strong><a href=\"https:\/\/atelierecriturestage.fr\/fr\/\" data-type=\"URL\" data-id=\"https:\/\/atelierecriturestage.fr\/fr\/\" target=\"_blank\" rel=\"noreferrer noopener\">ici<\/a><\/strong>. II est ouvert aux adultes et aux adolescents (de la quatri\u00e8me \u00e0 la terminale). Le nombre de participants \u00e9tant limit\u00e9 : ne tardez pas \u00e0 vous inscrire \u2026.<\/p>\n\n\n\n<h6 class=\"has-green-color has-text-color wp-block-heading\">Tarifs et conditions<\/h6>\n\n\n\n<ul class=\"has-green-color has-text-color wp-block-list\"><li>Adh\u00e9rents :  ados (coll\u00e8ge, lyc\u00e9e) : 7 \u20ac ;  adultes : 17 \u20ac.<\/li><li>Non-adh\u00e9rents : ados (coll\u00e8ge, lyc\u00e9e) : 10 \u20ac ; adultes : 21 \u20ac.<\/li><li>Inscription obligatoire aupr\u00e8s du secr\u00e9tariat de l\u2019Aphyllanthe aux heures d\u2019ouverture, par t\u00e9l. au 04 66 22 10 20 ou mail : aphyllanthe@orange.fr.<\/li><li>Attention&nbsp;: nombre de participants limit\u00e9 \u00e0 10 personnes. <\/li><li>Pass sanitaire obligatoire. <\/li><\/ul>\n\n\n\n<p><\/p>\n\n\n\n<p><\/p>\n\n\n\n<hr class=\"wp-block-separator is-style-wide\"\/>\n\n\n\n<p class=\"has-green-color has-text-color\"><a href=\"https:\/\/aphyllanthe.fr\/association\/pdf\/2021-09-18-affiche-atelier-%C3%A9criture.pdf\" target=\"_blank\" rel=\"noreferrer noopener\">Informations suppl\u00e9mentaires<\/a><\/p>\n","protected":false},"excerpt":{"rendered":"<p>Deuxi\u00e8me s\u00e9ance le 14 octobre \u00e0 14h30 au presbyt\u00e8re Samedi 18 septembre, de 14h30 \u00e0 17h30, l&rsquo;Aphyllanthe vous propose d&rsquo;exercer vos talents dans le cadre d&rsquo;une nouveaut\u00e9 : un atelier d&rsquo;\u00e9criture ! Ce sera une rencontre, un partage, une exp\u00e9rience qui permettra \u00e0 chaque participant de faire un pas de c\u00f4t\u00e9 en partageant le plaisir &hellip; <a href=\"https:\/\/www.aphyllanthe.fr\/association\/deux-ateliers-en-perspective-ecriture-mosaique\/\" class=\"more-link\">Continuer la lecture de <span class=\"screen-reader-text\">Un voyage au pays de la langue avec l&rsquo;atelier d&rsquo;\u00e9criture<\/span>  <span class=\"meta-nav\">&rarr;<\/span><\/a><\/p>\n","protected":false},"author":10,"featured_media":0,"comment_status":"closed","ping_status":"closed","sticky":false,"template":"","format":"standard","meta":{"footnotes":""},"categories":[4],"tags":[],"class_list":["post-14405","post","type-post","status-publish","format-standard","hentry","category-annonce"],"_links":{"self":[{"href":"https:\/\/www.aphyllanthe.fr\/association\/wp-json\/wp\/v2\/posts\/14405","targetHints":{"allow":["GET"]}}],"collection":[{"href":"https:\/\/www.aphyllanthe.fr\/association\/wp-json\/wp\/v2\/posts"}],"about":[{"href":"https:\/\/www.aphyllanthe.fr\/association\/wp-json\/wp\/v2\/types\/post"}],"author":[{"embeddable":true,"href":"https:\/\/www.aphyllanthe.fr\/association\/wp-json\/wp\/v2\/users\/10"}],"replies":[{"embeddable":true,"href":"https:\/\/www.aphyllanthe.fr\/association\/wp-json\/wp\/v2\/comments?post=14405"}],"version-history":[{"count":48,"href":"https:\/\/www.aphyllanthe.fr\/association\/wp-json\/wp\/v2\/posts\/14405\/revisions"}],"predecessor-version":[{"id":15277,"href":"https:\/\/www.aphyllanthe.fr\/association\/wp-json\/wp\/v2\/posts\/14405\/revisions\/15277"}],"wp:attachment":[{"href":"https:\/\/www.aphyllanthe.fr\/association\/wp-json\/wp\/v2\/media?parent=14405"}],"wp:term":[{"taxonomy":"category","embeddable":true,"href":"https:\/\/www.aphyllanthe.fr\/association\/wp-json\/wp\/v2\/categories?post=14405"},{"taxonomy":"post_tag","embeddable":true,"href":"https:\/\/www.aphyllanthe.fr\/association\/wp-json\/wp\/v2\/tags?post=14405"}],"curies":[{"name":"wp","href":"https:\/\/api.w.org\/{rel}","templated":true}]}}