{"id":14455,"date":"2021-06-21T11:35:29","date_gmt":"2021-06-21T10:35:29","guid":{"rendered":"https:\/\/www.aphyllanthe.fr\/association\/?p=14455"},"modified":"2021-06-21T11:35:29","modified_gmt":"2021-06-21T10:35:29","slug":"retour-sur-les-animations-de-debut-juin","status":"publish","type":"post","link":"https:\/\/www.aphyllanthe.fr\/association\/retour-sur-les-animations-de-debut-juin\/","title":{"rendered":"Retour sur les animations de d\u00e9but juin"},"content":{"rendered":"\n<p class=\"has-text-align-center has-text-color has-background\" style=\"background-color:#bce0e9;color:#062d3e\">Le mois de juin a d\u00e9but\u00e9 en beaut\u00e9 \u00e0 l&rsquo;Aphyllanthe avec trois animations destin\u00e9es aux enfants et \u00e0 leurs parents.<\/p>\n\n\n\n<ul class=\"has-text-color wp-block-list\" style=\"color:#0c5a7c\"><li><strong>Heure du conte mardi 1er juin<\/strong><\/li><\/ul>\n\n\n\n<p class=\"has-text-color\" style=\"color:#0c5a7c\">La classe des moyens s&rsquo;est rendue \u00e0 la  biblioth\u00e8que pour venir \u00e9couter les histoires lues par Michelle. Au programme il y avait : <\/p>\n\n\n\n<figure class=\"wp-block-gallery aligncenter columns-3 is-cropped wp-block-gallery-2 is-layout-flex wp-block-gallery-is-layout-flex\"><ul class=\"blocks-gallery-grid\"><li class=\"blocks-gallery-item\"><figure><a href=\"https:\/\/www.aphyllanthe.fr\/association\/wp-content\/uploads\/2021\/06\/boucle.jpg\"><img loading=\"lazy\" decoding=\"async\" width=\"400\" height=\"515\" src=\"https:\/\/www.aphyllanthe.fr\/association\/wp-content\/uploads\/2021\/06\/boucle.jpg\" alt=\"\" data-id=\"14483\" data-full-url=\"https:\/\/www.aphyllanthe.fr\/association\/wp-content\/uploads\/2021\/06\/boucle.jpg\" data-link=\"https:\/\/www.aphyllanthe.fr\/association\/?attachment_id=14483\" class=\"wp-image-14483\" srcset=\"https:\/\/www.aphyllanthe.fr\/association\/wp-content\/uploads\/2021\/06\/boucle.jpg 400w, https:\/\/www.aphyllanthe.fr\/association\/wp-content\/uploads\/2021\/06\/boucle-233x300.jpg 233w\" sizes=\"auto, (max-width: 400px) 100vw, 400px\" \/><\/a><figcaption class=\"blocks-gallery-item__caption\">Boucle d&rsquo;Or et les trois ours<\/figcaption><\/figure><\/li><li class=\"blocks-gallery-item\"><figure><a href=\"https:\/\/www.aphyllanthe.fr\/association\/wp-content\/uploads\/2021\/06\/belette.jpg\"><img loading=\"lazy\" decoding=\"async\" width=\"260\" height=\"332\" src=\"https:\/\/www.aphyllanthe.fr\/association\/wp-content\/uploads\/2021\/06\/belette.jpg\" alt=\"\" data-id=\"14484\" data-full-url=\"https:\/\/www.aphyllanthe.fr\/association\/wp-content\/uploads\/2021\/06\/belette.jpg\" data-link=\"https:\/\/www.aphyllanthe.fr\/association\/?attachment_id=14484\" class=\"wp-image-14484\" srcset=\"https:\/\/www.aphyllanthe.fr\/association\/wp-content\/uploads\/2021\/06\/belette.jpg 260w, https:\/\/www.aphyllanthe.fr\/association\/wp-content\/uploads\/2021\/06\/belette-235x300.jpg 235w\" sizes=\"auto, (max-width: 260px) 100vw, 260px\" \/><\/a><figcaption class=\"blocks-gallery-item__caption\">J&rsquo;entends le loup, le renard et la belette<\/figcaption><\/figure><\/li><li class=\"blocks-gallery-item\"><figure><a href=\"https:\/\/www.aphyllanthe.fr\/association\/wp-content\/uploads\/2021\/06\/belle.jpg\"><img loading=\"lazy\" decoding=\"async\" width=\"474\" height=\"486\" src=\"https:\/\/www.aphyllanthe.fr\/association\/wp-content\/uploads\/2021\/06\/belle.jpg\" alt=\"\" data-id=\"14485\" data-full-url=\"https:\/\/www.aphyllanthe.fr\/association\/wp-content\/uploads\/2021\/06\/belle.jpg\" data-link=\"https:\/\/www.aphyllanthe.fr\/association\/?attachment_id=14485\" class=\"wp-image-14485\" srcset=\"https:\/\/www.aphyllanthe.fr\/association\/wp-content\/uploads\/2021\/06\/belle.jpg 474w, https:\/\/www.aphyllanthe.fr\/association\/wp-content\/uploads\/2021\/06\/belle-293x300.jpg 293w\" sizes=\"auto, (max-width: 474px) 100vw, 474px\" \/><\/a><figcaption class=\"blocks-gallery-item__caption\">Belle la Coccinelle<\/figcaption><\/figure><\/li><li class=\"blocks-gallery-item\"><figure><a href=\"https:\/\/www.aphyllanthe.fr\/association\/wp-content\/uploads\/2021\/06\/doudou.jpg\"><img loading=\"lazy\" decoding=\"async\" width=\"220\" height=\"284\" src=\"https:\/\/www.aphyllanthe.fr\/association\/wp-content\/uploads\/2021\/06\/doudou.jpg\" alt=\"\" data-id=\"14486\" data-full-url=\"https:\/\/www.aphyllanthe.fr\/association\/wp-content\/uploads\/2021\/06\/doudou.jpg\" data-link=\"https:\/\/www.aphyllanthe.fr\/association\/?attachment_id=14486\" class=\"wp-image-14486\"\/><\/a><figcaption class=\"blocks-gallery-item__caption\">Le doudou de Siyabou<\/figcaption><\/figure><\/li><li class=\"blocks-gallery-item\"><figure><a href=\"https:\/\/www.aphyllanthe.fr\/association\/wp-content\/uploads\/2021\/06\/poule.jpg\"><img loading=\"lazy\" decoding=\"async\" width=\"474\" height=\"474\" src=\"https:\/\/www.aphyllanthe.fr\/association\/wp-content\/uploads\/2021\/06\/poule.jpg\" alt=\"\" data-id=\"14487\" data-full-url=\"https:\/\/www.aphyllanthe.fr\/association\/wp-content\/uploads\/2021\/06\/poule.jpg\" data-link=\"https:\/\/www.aphyllanthe.fr\/association\/?attachment_id=14487\" class=\"wp-image-14487\" srcset=\"https:\/\/www.aphyllanthe.fr\/association\/wp-content\/uploads\/2021\/06\/poule.jpg 474w, https:\/\/www.aphyllanthe.fr\/association\/wp-content\/uploads\/2021\/06\/poule-300x300.jpg 300w, https:\/\/www.aphyllanthe.fr\/association\/wp-content\/uploads\/2021\/06\/poule-150x150.jpg 150w\" sizes=\"auto, (max-width: 474px) 100vw, 474px\" \/><\/a><figcaption class=\"blocks-gallery-item__caption\">La poule qui n&rsquo;aimait pas les oeufs<\/figcaption><\/figure><\/li><\/ul><\/figure>\n\n\n\n<p class=\"has-text-color\" style=\"color:#0c5a7c\">Gros succ\u00e8s aupr\u00e8s des 19 enfants pour cette derni\u00e8re <em>Heure du conte <\/em>de l&rsquo;ann\u00e9e ! Ils sont repartis des histoires plein la t\u00eate et le sourire aux l\u00e8vres.<\/p>\n\n\n\n<ul class=\"has-text-color wp-block-list\" style=\"color:#690345\"><li><strong>Ludoth\u00e8que samedi 5 juin<\/strong><\/li><\/ul>\n\n\n\n<p class=\"has-text-color\" style=\"color:#690345\">Il faisait beau ce samedi apr\u00e8s-midi quand l&rsquo;association <em>Je jubile<\/em> est arriv\u00e9e avec ses grands jeux en bois. Les deux animateurs ont install\u00e9 les tables sur le pr\u00e9 devant l&rsquo;\u00e9cole, \u00e0 l&rsquo;ombre des grands arbres.  Les enfants se sont tr\u00e8s vite appropri\u00e9 les diff\u00e9rents jeux&#8230; ainsi que leurs parents.  Ce fut une premi\u00e8re apr\u00e8s-midi tr\u00e8s r\u00e9ussie. Forte de ce succ\u00e8s, l&rsquo;Aphyllanthe fera en sorte de faire revenir la Ludoth\u00e8que \u00e0 Aigaliers l&rsquo;ann\u00e9e prochaine.<\/p>\n\n\n\n<figure class=\"wp-block-gallery columns-3 is-cropped wp-block-gallery-3 is-layout-flex wp-block-gallery-is-layout-flex\"><ul class=\"blocks-gallery-grid\"><li class=\"blocks-gallery-item\"><figure><a href=\"https:\/\/www.aphyllanthe.fr\/association\/wp-content\/uploads\/2021\/06\/ludo2.jpg\"><img loading=\"lazy\" decoding=\"async\" width=\"700\" height=\"394\" src=\"https:\/\/www.aphyllanthe.fr\/association\/wp-content\/uploads\/2021\/06\/ludo2.jpg\" alt=\"\" data-id=\"14468\" data-full-url=\"https:\/\/www.aphyllanthe.fr\/association\/wp-content\/uploads\/2021\/06\/ludo2.jpg\" data-link=\"https:\/\/www.aphyllanthe.fr\/association\/?attachment_id=14468\" class=\"wp-image-14468\" srcset=\"https:\/\/www.aphyllanthe.fr\/association\/wp-content\/uploads\/2021\/06\/ludo2.jpg 700w, https:\/\/www.aphyllanthe.fr\/association\/wp-content\/uploads\/2021\/06\/ludo2-300x169.jpg 300w\" sizes=\"auto, (max-width: 700px) 100vw, 700px\" \/><\/a><\/figure><\/li><li class=\"blocks-gallery-item\"><figure><a href=\"https:\/\/www.aphyllanthe.fr\/association\/wp-content\/uploads\/2021\/06\/ludo3.jpg\"><img loading=\"lazy\" decoding=\"async\" width=\"700\" height=\"394\" src=\"https:\/\/www.aphyllanthe.fr\/association\/wp-content\/uploads\/2021\/06\/ludo3.jpg\" alt=\"\" data-id=\"14469\" data-full-url=\"https:\/\/www.aphyllanthe.fr\/association\/wp-content\/uploads\/2021\/06\/ludo3.jpg\" data-link=\"https:\/\/www.aphyllanthe.fr\/association\/?attachment_id=14469\" class=\"wp-image-14469\" srcset=\"https:\/\/www.aphyllanthe.fr\/association\/wp-content\/uploads\/2021\/06\/ludo3.jpg 700w, https:\/\/www.aphyllanthe.fr\/association\/wp-content\/uploads\/2021\/06\/ludo3-300x169.jpg 300w\" sizes=\"auto, (max-width: 700px) 100vw, 700px\" \/><\/a><\/figure><\/li><li class=\"blocks-gallery-item\"><figure><a href=\"https:\/\/www.aphyllanthe.fr\/association\/wp-content\/uploads\/2021\/06\/ludo4.jpg\"><img loading=\"lazy\" decoding=\"async\" width=\"700\" height=\"394\" src=\"https:\/\/www.aphyllanthe.fr\/association\/wp-content\/uploads\/2021\/06\/ludo4.jpg\" alt=\"\" data-id=\"14470\" data-full-url=\"https:\/\/www.aphyllanthe.fr\/association\/wp-content\/uploads\/2021\/06\/ludo4.jpg\" data-link=\"https:\/\/www.aphyllanthe.fr\/association\/?attachment_id=14470\" class=\"wp-image-14470\" srcset=\"https:\/\/www.aphyllanthe.fr\/association\/wp-content\/uploads\/2021\/06\/ludo4.jpg 700w, https:\/\/www.aphyllanthe.fr\/association\/wp-content\/uploads\/2021\/06\/ludo4-300x169.jpg 300w\" sizes=\"auto, (max-width: 700px) 100vw, 700px\" \/><\/a><\/figure><\/li><li class=\"blocks-gallery-item\"><figure><a href=\"https:\/\/www.aphyllanthe.fr\/association\/wp-content\/uploads\/2021\/06\/ludo1.jpg\"><img loading=\"lazy\" decoding=\"async\" width=\"700\" height=\"394\" src=\"https:\/\/www.aphyllanthe.fr\/association\/wp-content\/uploads\/2021\/06\/ludo1.jpg\" alt=\"\" data-id=\"14467\" data-full-url=\"https:\/\/www.aphyllanthe.fr\/association\/wp-content\/uploads\/2021\/06\/ludo1.jpg\" data-link=\"https:\/\/www.aphyllanthe.fr\/association\/?attachment_id=14467\" class=\"wp-image-14467\" srcset=\"https:\/\/www.aphyllanthe.fr\/association\/wp-content\/uploads\/2021\/06\/ludo1.jpg 700w, https:\/\/www.aphyllanthe.fr\/association\/wp-content\/uploads\/2021\/06\/ludo1-300x169.jpg 300w\" sizes=\"auto, (max-width: 700px) 100vw, 700px\" \/><\/a><\/figure><\/li><\/ul><\/figure>\n\n\n\n<ul class=\"has-text-color wp-block-list\" style=\"color:#2f5a0d\"><li><strong>Conf\u00e9rence th\u00e9\u00e2tralis\u00e9e vendredi 11 juin<\/strong><\/li><\/ul>\n\n\n\n<p class=\"has-text-color\" style=\"color:#2f5a0d\">La conf\u00e9rence th\u00e9\u00e2tralis\u00e9e sur les \u00e9motions anim\u00e9e par Catherine Laurent, com\u00e9dienne, et Dominique Proudhon, m\u00e9diateur, a rassembl\u00e9 une vingtaine de personnes au foyer d&rsquo;Aigaliers. Au menu, des rires, mais \u00e9galement des analyses de situation et des astuces toutes simples pour d\u00e9dramatiser les situations potentiellement conflictuelles. Les spectateurs sont repartis avec des outils utilisables au quotidien, et une grosse dose de bonne humeur suite \u00e0 cette soir\u00e9e r\u00e9ussie.<\/p>\n\n\n\n<div class=\"wp-block-image\"><figure class=\"aligncenter size-large is-resized\"><a href=\"https:\/\/www.aphyllanthe.fr\/association\/wp-content\/uploads\/2021\/06\/conf.jpg\"><img loading=\"lazy\" decoding=\"async\" src=\"https:\/\/www.aphyllanthe.fr\/association\/wp-content\/uploads\/2021\/06\/conf.jpg\" alt=\"\" class=\"wp-image-14474\" width=\"431\" height=\"215\" srcset=\"https:\/\/www.aphyllanthe.fr\/association\/wp-content\/uploads\/2021\/06\/conf.jpg 787w, https:\/\/www.aphyllanthe.fr\/association\/wp-content\/uploads\/2021\/06\/conf-300x150.jpg 300w, https:\/\/www.aphyllanthe.fr\/association\/wp-content\/uploads\/2021\/06\/conf-768x384.jpg 768w\" sizes=\"auto, (max-width: 431px) 100vw, 431px\" \/><\/a><\/figure><\/div>\n","protected":false},"excerpt":{"rendered":"<p>Le mois de juin a d\u00e9but\u00e9 en beaut\u00e9 \u00e0 l&rsquo;Aphyllanthe avec trois animations destin\u00e9es aux enfants et \u00e0 leurs parents. Heure du conte mardi 1er juin La classe des moyens s&rsquo;est rendue \u00e0 la biblioth\u00e8que pour venir \u00e9couter les histoires lues par Michelle. Au programme il y avait : Gros succ\u00e8s aupr\u00e8s des 19 enfants &hellip; <a href=\"https:\/\/www.aphyllanthe.fr\/association\/retour-sur-les-animations-de-debut-juin\/\" class=\"more-link\">Continuer la lecture de <span class=\"screen-reader-text\">Retour sur les animations de d\u00e9but juin<\/span>  <span class=\"meta-nav\">&rarr;<\/span><\/a><\/p>\n","protected":false},"author":10,"featured_media":0,"comment_status":"closed","ping_status":"closed","sticky":false,"template":"","format":"standard","meta":{"footnotes":""},"categories":[4],"tags":[],"class_list":["post-14455","post","type-post","status-publish","format-standard","hentry","category-annonce"],"_links":{"self":[{"href":"https:\/\/www.aphyllanthe.fr\/association\/wp-json\/wp\/v2\/posts\/14455","targetHints":{"allow":["GET"]}}],"collection":[{"href":"https:\/\/www.aphyllanthe.fr\/association\/wp-json\/wp\/v2\/posts"}],"about":[{"href":"https:\/\/www.aphyllanthe.fr\/association\/wp-json\/wp\/v2\/types\/post"}],"author":[{"embeddable":true,"href":"https:\/\/www.aphyllanthe.fr\/association\/wp-json\/wp\/v2\/users\/10"}],"replies":[{"embeddable":true,"href":"https:\/\/www.aphyllanthe.fr\/association\/wp-json\/wp\/v2\/comments?post=14455"}],"version-history":[{"count":15,"href":"https:\/\/www.aphyllanthe.fr\/association\/wp-json\/wp\/v2\/posts\/14455\/revisions"}],"predecessor-version":[{"id":14488,"href":"https:\/\/www.aphyllanthe.fr\/association\/wp-json\/wp\/v2\/posts\/14455\/revisions\/14488"}],"wp:attachment":[{"href":"https:\/\/www.aphyllanthe.fr\/association\/wp-json\/wp\/v2\/media?parent=14455"}],"wp:term":[{"taxonomy":"category","embeddable":true,"href":"https:\/\/www.aphyllanthe.fr\/association\/wp-json\/wp\/v2\/categories?post=14455"},{"taxonomy":"post_tag","embeddable":true,"href":"https:\/\/www.aphyllanthe.fr\/association\/wp-json\/wp\/v2\/tags?post=14455"}],"curies":[{"name":"wp","href":"https:\/\/api.w.org\/{rel}","templated":true}]}}