{"id":14713,"date":"2021-09-05T14:35:03","date_gmt":"2021-09-05T13:35:03","guid":{"rendered":"https:\/\/www.aphyllanthe.fr\/association\/?p=14713"},"modified":"2021-09-06T10:50:15","modified_gmt":"2021-09-06T09:50:15","slug":"expo-exceptionnelle-linde-deux-regards-cent-cliches","status":"publish","type":"post","link":"https:\/\/www.aphyllanthe.fr\/association\/expo-exceptionnelle-linde-deux-regards-cent-cliches\/","title":{"rendered":"Expo exceptionnelle  : L&rsquo;Inde : deux regards, cent clich\u00e9s"},"content":{"rendered":"\n<p class=\"has-drop-cap has-dark-gray-color has-text-color has-background\" style=\"background-color:#f8aa46\">L&rsquo;Aphyllanthe et deux photographes talentueux, G\u00e9rard Bella\u00efche et G\u00e9rard Berry, connaisseurs de l&rsquo;Inde, vous proposent une exposition exceptionnelle dans 3 lieux d&rsquo;Aigaliers. Photos, documents, sculptures et objets vous transportent dans un monde tr\u00e8s color\u00e9 et d\u00e9paysant.<\/p>\n\n\n\n<p><strong>Vernissage le 10 septembre (18h) \u00e0 la biblioth\u00e8que d&rsquo;Aigaliers, Expo ouverte du 10 au 24 septembre <\/strong><\/p>\n\n\n\n<div class=\"wp-block-image\"><figure class=\"aligncenter size-large\"><a href=\"https:\/\/www.aphyllanthe.fr\/association\/wp-content\/uploads\/2021\/08\/Affiche-expo-Inde-V3-red.jpg\"><img loading=\"lazy\" decoding=\"async\" width=\"683\" height=\"1024\" src=\"https:\/\/www.aphyllanthe.fr\/association\/wp-content\/uploads\/2021\/08\/Affiche-expo-Inde-V3-red-683x1024.jpg\" alt=\"\" class=\"wp-image-14715\" srcset=\"https:\/\/www.aphyllanthe.fr\/association\/wp-content\/uploads\/2021\/08\/Affiche-expo-Inde-V3-red-683x1024.jpg 683w, https:\/\/www.aphyllanthe.fr\/association\/wp-content\/uploads\/2021\/08\/Affiche-expo-Inde-V3-red-200x300.jpg 200w, https:\/\/www.aphyllanthe.fr\/association\/wp-content\/uploads\/2021\/08\/Affiche-expo-Inde-V3-red-768x1152.jpg 768w, https:\/\/www.aphyllanthe.fr\/association\/wp-content\/uploads\/2021\/08\/Affiche-expo-Inde-V3-red-1024x1536.jpg 1024w, https:\/\/www.aphyllanthe.fr\/association\/wp-content\/uploads\/2021\/08\/Affiche-expo-Inde-V3-red-1366x2048.jpg 1366w, https:\/\/www.aphyllanthe.fr\/association\/wp-content\/uploads\/2021\/08\/Affiche-expo-Inde-V3-red-1320x1979.jpg 1320w, https:\/\/www.aphyllanthe.fr\/association\/wp-content\/uploads\/2021\/08\/Affiche-expo-Inde-V3-red.jpg 1582w\" sizes=\"auto, (max-width: 683px) 100vw, 683px\" \/><\/a><figcaption>L&rsquo;Inde : deux regards, cent clich\u00e9s<\/figcaption><\/figure><\/div>\n\n\n\n<h2 class=\"wp-block-heading\">Horaires et adresses<\/h2>\n\n\n\n<h4 class=\"wp-block-heading\">Biblioth\u00e8que d&rsquo;Aigaliers <\/h4>\n\n\n\n<p>280 route St\u00e9phane Hessel, B\u00e2timent Mairie, 37000 Aigaliers ; T\u00e9l : 04 66 22 76 39 <\/p>\n\n\n\n<ul class=\"wp-block-list\"><li>Les mercredis : 9h00-12h00 et 14h00-18h00<\/li><li>Les jeudis : 9h00-12h15<\/li><li>Les vendredis : 9h00-12h15<\/li><\/ul>\n\n\n\n<h4 class=\"wp-block-heading\">Salle Metalmorphosis (G\u00e9rard Bella\u00efche )   <\/h4>\n\n\n\n<p>6 chemin de l&rsquo;\u00e9cole Bourdiguet 30700 Aigaliers ; T\u00e9l :  04 66 57 26 41, courriel : metalmorphosis@orange.fr <a href=\"https:\/\/goo.gl\/maps\/A3pW4oBcqSHfTaMm8\" target=\"_blank\" rel=\"noreferrer noopener\">(voir sur carte)<\/a><\/p>\n\n\n\n<ul class=\"wp-block-list\"><li>Les mercredis : 9h00-12h00 et 14h00-18h00<\/li><li>Les jeudis : 9h00-12h15<\/li><li>Les vendredis : 9h00-12h15<\/li><li>Les samedis et dimanches : 16h \u00e0 20h&nbsp;<\/li><\/ul>\n\n\n\n<h4 class=\"wp-block-heading\">Salle Polysavante (G\u00e9rard Berry) <\/h4>\n\n\n\n<p>Le Chabian 30700 Aigaliers. T\u00e9l. 06 79 52 62 65, courriel <a class=\"\" href=\"mailto:gerard.berry@wanadoo.fr\">gerard.berry@wanadoo.fr<\/a>&nbsp;(pr\u00e9venir un peu avant si possible).&nbsp;Maison au hameau du Chabian, 5km au Nord en montant d&rsquo;Aigaliers; c&rsquo;est la maison en face au coin de la route du Chabian (route des narcisses), ne pas s&rsquo;engager sur cette route. Un panneau sur la bo\u00eete aux lettres signale l&rsquo;exposition. <a href=\"https:\/\/goo.gl\/maps\/KVfWExAik5wZdFVH7\" target=\"_blank\" rel=\"noreferrer noopener\">(voir sur carte)<\/a><\/p>\n\n\n\n<ul class=\"wp-block-list\"><li>Le mercredi 15 septembre  : 9h00-12h00 et 14h00-18h00<\/li><li>Le mercredi 22 septembre :  9h00-12h00<\/li><li>Les jeudis : 9h00-12h15<\/li><li>Les vendredis : 9h00-12h15.<\/li><li>Les samedis et dimanches : 16h \u00e0 20h&nbsp;<\/li><\/ul>\n","protected":false},"excerpt":{"rendered":"<p>L&rsquo;Aphyllanthe et deux photographes talentueux, G\u00e9rard Bella\u00efche et G\u00e9rard Berry, connaisseurs de l&rsquo;Inde, vous proposent une exposition exceptionnelle dans 3 lieux d&rsquo;Aigaliers. Photos, documents, sculptures et objets vous transportent dans un monde tr\u00e8s color\u00e9 et d\u00e9paysant. Vernissage le 10 septembre (18h) \u00e0 la biblioth\u00e8que d&rsquo;Aigaliers, Expo ouverte du 10 au 24 septembre Horaires et adresses &hellip; <a href=\"https:\/\/www.aphyllanthe.fr\/association\/expo-exceptionnelle-linde-deux-regards-cent-cliches\/\" class=\"more-link\">Continuer la lecture de <span class=\"screen-reader-text\">Expo exceptionnelle  : L&rsquo;Inde : deux regards, cent clich\u00e9s<\/span>  <span class=\"meta-nav\">&rarr;<\/span><\/a><\/p>\n","protected":false},"author":1,"featured_media":0,"comment_status":"closed","ping_status":"closed","sticky":false,"template":"","format":"standard","meta":{"footnotes":""},"categories":[4,118],"tags":[],"class_list":["post-14713","post","type-post","status-publish","format-standard","hentry","category-annonce","category-partage-de-savoirs"],"_links":{"self":[{"href":"https:\/\/www.aphyllanthe.fr\/association\/wp-json\/wp\/v2\/posts\/14713","targetHints":{"allow":["GET"]}}],"collection":[{"href":"https:\/\/www.aphyllanthe.fr\/association\/wp-json\/wp\/v2\/posts"}],"about":[{"href":"https:\/\/www.aphyllanthe.fr\/association\/wp-json\/wp\/v2\/types\/post"}],"author":[{"embeddable":true,"href":"https:\/\/www.aphyllanthe.fr\/association\/wp-json\/wp\/v2\/users\/1"}],"replies":[{"embeddable":true,"href":"https:\/\/www.aphyllanthe.fr\/association\/wp-json\/wp\/v2\/comments?post=14713"}],"version-history":[{"count":25,"href":"https:\/\/www.aphyllanthe.fr\/association\/wp-json\/wp\/v2\/posts\/14713\/revisions"}],"predecessor-version":[{"id":14895,"href":"https:\/\/www.aphyllanthe.fr\/association\/wp-json\/wp\/v2\/posts\/14713\/revisions\/14895"}],"wp:attachment":[{"href":"https:\/\/www.aphyllanthe.fr\/association\/wp-json\/wp\/v2\/media?parent=14713"}],"wp:term":[{"taxonomy":"category","embeddable":true,"href":"https:\/\/www.aphyllanthe.fr\/association\/wp-json\/wp\/v2\/categories?post=14713"},{"taxonomy":"post_tag","embeddable":true,"href":"https:\/\/www.aphyllanthe.fr\/association\/wp-json\/wp\/v2\/tags?post=14713"}],"curies":[{"name":"wp","href":"https:\/\/api.w.org\/{rel}","templated":true}]}}