{"id":14786,"date":"2021-09-01T21:00:03","date_gmt":"2021-09-01T20:00:03","guid":{"rendered":"https:\/\/www.aphyllanthe.fr\/association\/?p=14786"},"modified":"2021-09-02T08:31:11","modified_gmt":"2021-09-02T07:31:11","slug":"permanences-et-livres-en-balade","status":"publish","type":"post","link":"https:\/\/www.aphyllanthe.fr\/association\/permanences-et-livres-en-balade\/","title":{"rendered":"Permanences et livres en balade"},"content":{"rendered":"\n<h5 class=\"has-text-align-center has-green-color has-text-color has-background wp-block-heading\" style=\"background-color:#a0e2ff\"><strong>La biblioth\u00e8que d&rsquo;Aigaliers entame une s\u00e9rie de permanences les 1ers samedi du mois \u00e0 partir du 4 septembre<\/strong>. Ouverture de 14h \u00e0 17h !<\/h5>\n\n\n\n<p class=\"has-drop-cap has-white-color has-green-background-color has-text-color has-background\">Sur place, des membres du comit\u00e9 biblioth\u00e8que de l&rsquo;Aphyllanthe vous accueilleront, vous conseilleront sur les derni\u00e8res acquisitions, et vous pourrez effectuer vos pr\u00eats et vos retours.<\/p>\n\n\n\n<p class=\"has-text-align-center has-light-gray-color has-text-color has-background\" style=\"background-color:#6ea300\"><strong>Ce samedi, nous accueillons l\u2019op\u00e9ration \u00ab\u00a0Livres en balade\u00a0\u00bb !<\/strong> <\/p>\n\n\n\n<h3 class=\"wp-block-heading\">Livres en balade<\/h3>\n\n\n\n<div class=\"wp-block-columns is-layout-flex wp-container-core-columns-is-layout-9d6595d7 wp-block-columns-is-layout-flex\">\n<div class=\"wp-block-column is-layout-flow wp-block-column-is-layout-flow\">\n<p><strong>Livres en balade<\/strong> est une op\u00e9ration men\u00e9e conjointement avec le r\u00e9seau des biblioth\u00e8ques du Pays d\u2019Uz\u00e8s.<\/p>\n\n\n\n<p>Les biblioth\u00e8ques sortent de leur fonds des ouvrages, qui sont mis gratuitement \u00e0 disposition du public. C&rsquo;est l&rsquo;occasion de faire de la place pour les nouvelles acquisitions de la rentr\u00e9e.<\/p>\n\n\n\n<p>En fin de journ\u00e9e, les ouvrages qui n\u2019auront pas trouv\u00e9 preneur seront donn\u00e9s \u00e0 une association caritative.<\/p>\n\n\n\n<p><\/p>\n<\/div>\n\n\n\n<div class=\"wp-block-column is-layout-flow wp-block-column-is-layout-flow\">\n<figure class=\"wp-block-image size-large\"><a href=\"https:\/\/www.aphyllanthe.fr\/association\/wp-content\/uploads\/2021\/07\/livres-en-balade.jpg\"><img loading=\"lazy\" decoding=\"async\" width=\"724\" height=\"1024\" src=\"https:\/\/www.aphyllanthe.fr\/association\/wp-content\/uploads\/2021\/07\/livres-en-balade-724x1024.jpg\" alt=\"\" class=\"wp-image-14609\" srcset=\"https:\/\/www.aphyllanthe.fr\/association\/wp-content\/uploads\/2021\/07\/livres-en-balade-724x1024.jpg 724w, https:\/\/www.aphyllanthe.fr\/association\/wp-content\/uploads\/2021\/07\/livres-en-balade-212x300.jpg 212w, https:\/\/www.aphyllanthe.fr\/association\/wp-content\/uploads\/2021\/07\/livres-en-balade-768x1086.jpg 768w, https:\/\/www.aphyllanthe.fr\/association\/wp-content\/uploads\/2021\/07\/livres-en-balade-1086x1536.jpg 1086w, https:\/\/www.aphyllanthe.fr\/association\/wp-content\/uploads\/2021\/07\/livres-en-balade-1448x2048.jpg 1448w, https:\/\/www.aphyllanthe.fr\/association\/wp-content\/uploads\/2021\/07\/livres-en-balade-1320x1867.jpg 1320w, https:\/\/www.aphyllanthe.fr\/association\/wp-content\/uploads\/2021\/07\/livres-en-balade.jpg 1587w\" sizes=\"auto, (max-width: 724px) 100vw, 724px\" \/><\/a><\/figure>\n<\/div>\n<\/div>\n\n\n\n<p>C&rsquo;est l&rsquo;occasion d&rsquo;obtenir gratuitement des livres sur vos sujets favoris : polars, romans, documents. Ne manquez pas l&rsquo;\u00e9v\u00e8nement. Apportez vos livres et repartez avec d&rsquo;autres !<\/p>\n\n\n\n<p class=\"has-white-color has-text-color has-background\" style=\"background-color:#6ea300\"><strong>Si vous aussi avez des ouvrages dont vous voulez vous d\u00e9faire, vous pouvez les apporter \u00e0 la biblioth\u00e8que d\u2019Aigaliers jusqu\u2019au 4 septembre.<\/strong><\/p>\n\n\n\n<div class=\"wp-block-image\"><figure class=\"aligncenter size-full\"><a href=\"https:\/\/www.aphyllanthe.fr\/association\/wp-content\/uploads\/2021\/09\/livres-en-balade.png\"><img loading=\"lazy\" decoding=\"async\" width=\"555\" height=\"768\" src=\"https:\/\/www.aphyllanthe.fr\/association\/wp-content\/uploads\/2021\/09\/livres-en-balade.png\" alt=\"\" class=\"wp-image-14787\" srcset=\"https:\/\/www.aphyllanthe.fr\/association\/wp-content\/uploads\/2021\/09\/livres-en-balade.png 555w, https:\/\/www.aphyllanthe.fr\/association\/wp-content\/uploads\/2021\/09\/livres-en-balade-217x300.png 217w\" sizes=\"auto, (max-width: 555px) 100vw, 555px\" \/><\/a><\/figure><\/div>\n","protected":false},"excerpt":{"rendered":"<p>La biblioth\u00e8que d&rsquo;Aigaliers entame une s\u00e9rie de permanences les 1ers samedi du mois \u00e0 partir du 4 septembre. Ouverture de 14h \u00e0 17h ! Sur place, des membres du comit\u00e9 biblioth\u00e8que de l&rsquo;Aphyllanthe vous accueilleront, vous conseilleront sur les derni\u00e8res acquisitions, et vous pourrez effectuer vos pr\u00eats et vos retours. Ce samedi, nous accueillons l\u2019op\u00e9ration &hellip; <a href=\"https:\/\/www.aphyllanthe.fr\/association\/permanences-et-livres-en-balade\/\" class=\"more-link\">Continuer la lecture de <span class=\"screen-reader-text\">Permanences et livres en balade<\/span>  <span class=\"meta-nav\">&rarr;<\/span><\/a><\/p>\n","protected":false},"author":1,"featured_media":0,"comment_status":"closed","ping_status":"closed","sticky":false,"template":"","format":"standard","meta":{"footnotes":""},"categories":[4,2],"tags":[],"class_list":["post-14786","post","type-post","status-publish","format-standard","hentry","category-annonce","category-chronique-bibliotheque"],"_links":{"self":[{"href":"https:\/\/www.aphyllanthe.fr\/association\/wp-json\/wp\/v2\/posts\/14786","targetHints":{"allow":["GET"]}}],"collection":[{"href":"https:\/\/www.aphyllanthe.fr\/association\/wp-json\/wp\/v2\/posts"}],"about":[{"href":"https:\/\/www.aphyllanthe.fr\/association\/wp-json\/wp\/v2\/types\/post"}],"author":[{"embeddable":true,"href":"https:\/\/www.aphyllanthe.fr\/association\/wp-json\/wp\/v2\/users\/1"}],"replies":[{"embeddable":true,"href":"https:\/\/www.aphyllanthe.fr\/association\/wp-json\/wp\/v2\/comments?post=14786"}],"version-history":[{"count":7,"href":"https:\/\/www.aphyllanthe.fr\/association\/wp-json\/wp\/v2\/posts\/14786\/revisions"}],"predecessor-version":[{"id":14819,"href":"https:\/\/www.aphyllanthe.fr\/association\/wp-json\/wp\/v2\/posts\/14786\/revisions\/14819"}],"wp:attachment":[{"href":"https:\/\/www.aphyllanthe.fr\/association\/wp-json\/wp\/v2\/media?parent=14786"}],"wp:term":[{"taxonomy":"category","embeddable":true,"href":"https:\/\/www.aphyllanthe.fr\/association\/wp-json\/wp\/v2\/categories?post=14786"},{"taxonomy":"post_tag","embeddable":true,"href":"https:\/\/www.aphyllanthe.fr\/association\/wp-json\/wp\/v2\/tags?post=14786"}],"curies":[{"name":"wp","href":"https:\/\/api.w.org\/{rel}","templated":true}]}}