{"id":14875,"date":"2021-09-05T14:34:04","date_gmt":"2021-09-05T13:34:04","guid":{"rendered":"https:\/\/www.aphyllanthe.fr\/association\/?p=14875"},"modified":"2021-09-07T19:38:38","modified_gmt":"2021-09-07T18:38:38","slug":"beaucoup-de-livres-en-balade","status":"publish","type":"post","link":"https:\/\/www.aphyllanthe.fr\/association\/beaucoup-de-livres-en-balade\/","title":{"rendered":"Beaucoup de Livres en balade"},"content":{"rendered":"\n<div class=\"wp-block-cover has-background-dim has-parallax has-background-gradient\" style=\"background-image:url(https:\/\/www.aphyllanthe.fr\/association\/wp-content\/uploads\/2021\/09\/IMG_9643.webp);min-height:100vh;aspect-ratio:unset;\"><span aria-hidden=\"true\" class=\"wp-block-cover__gradient-background has-very-light-gray-to-cyan-bluish-gray-gradient-background\"><\/span><div class=\"wp-block-cover__inner-container is-layout-flow wp-block-cover-is-layout-flow\">\n<p class=\"has-text-align-center has-large-font-size\">Livres en balade<\/p>\n<\/div><\/div>\n\n\n\n<div style=\"height:30px\" aria-hidden=\"true\" class=\"wp-block-spacer\"><\/div>\n\n\n\n<p class=\"has-drop-cap has-white-color has-green-background-color has-text-color has-background\">Dans le cadre de \u00ab\u00a0LIVRES EN BALADE\u00a0\u00bb du r\u00e9seau des biblioth\u00e8ques de l&rsquo;Uz\u00e8ge durant le mois de septembre, l&rsquo;Aphyllanthe a ouvert ses portes comme tous les 1er samedis du mois et mis \u00e0 la disposition du public environ 400 livres donn\u00e9s par des amis de la biblioth\u00e8que ainsi que d&rsquo;autres retir\u00e9s des \u00e9tag\u00e8res de la biblioth\u00e8que d&rsquo;Aigaliers.&nbsp;<\/p>\n\n\n\n<p class=\"has-dark-gray-color has-white-background-color has-text-color has-background\">Vingt-neuf visiteurs, petits et grands, sont venus faire leur choix et ont emport\u00e9 une bonne partie des livres expos\u00e9s.&nbsp;Les livres restants iront \u00e0 deux associations, une humanitaire pour le Burkina Faso, Solidarit\u00e9 <a href=\"https:\/\/www.aphyllanthe.fr\/association\/vous-ne-savez-pas-quoi-faire-de-vos-vieux-livres\/\" data-type=\"URL\" data-id=\"https:\/\/www.aphyllanthe.fr\/association\/vous-ne-savez-pas-quoi-faire-de-vos-vieux-livres\/\" target=\"_blank\" rel=\"noreferrer noopener\">Saint-Christol-Bidi-Challans<\/a>, une autre pour l&rsquo;association \u00a0\u00bb <a href=\"https:\/\/www.chatslibres.com\/\" data-type=\"URL\" data-id=\"https:\/\/www.chatslibres.com\/\" target=\"_blank\" rel=\"noreferrer noopener\">les chats libres de N\u00eemes<\/a>\u00ab\u00a0. Franc succ\u00e8s pour une premi\u00e8re \u00e0 Aigaliers qui pourra se renouveler l&rsquo;an prochain.&nbsp;<\/p>\n\n\n\n<div class=\"wp-block-image is-style-rounded\"><figure class=\"aligncenter size-large\"><a href=\"https:\/\/www.aphyllanthe.fr\/association\/wp-content\/uploads\/2021\/09\/livres-en-balade-01m-1.webp\"><img loading=\"lazy\" decoding=\"async\" width=\"768\" height=\"1024\" src=\"https:\/\/www.aphyllanthe.fr\/association\/wp-content\/uploads\/2021\/09\/livres-en-balade-01m-1-768x1024.webp\" alt=\"\" class=\"wp-image-14879\" srcset=\"https:\/\/www.aphyllanthe.fr\/association\/wp-content\/uploads\/2021\/09\/livres-en-balade-01m-1-768x1024.webp 768w, https:\/\/www.aphyllanthe.fr\/association\/wp-content\/uploads\/2021\/09\/livres-en-balade-01m-1-225x300.webp 225w, https:\/\/www.aphyllanthe.fr\/association\/wp-content\/uploads\/2021\/09\/livres-en-balade-01m-1.webp 1000w\" sizes=\"auto, (max-width: 768px) 100vw, 768px\" \/><\/a><\/figure><\/div>\n","protected":false},"excerpt":{"rendered":"<p>Dans le cadre de \u00ab\u00a0LIVRES EN BALADE\u00a0\u00bb du r\u00e9seau des biblioth\u00e8ques de l&rsquo;Uz\u00e8ge durant le mois de septembre, l&rsquo;Aphyllanthe a ouvert ses portes comme tous les 1er samedis du mois et mis \u00e0 la disposition du public environ 400 livres donn\u00e9s par des amis de la biblioth\u00e8que ainsi que d&rsquo;autres retir\u00e9s des \u00e9tag\u00e8res de la &hellip; <a href=\"https:\/\/www.aphyllanthe.fr\/association\/beaucoup-de-livres-en-balade\/\" class=\"more-link\">Continuer la lecture de <span class=\"screen-reader-text\">Beaucoup de Livres en balade<\/span>  <span class=\"meta-nav\">&rarr;<\/span><\/a><\/p>\n","protected":false},"author":1,"featured_media":0,"comment_status":"closed","ping_status":"closed","sticky":false,"template":"","format":"standard","meta":{"footnotes":""},"categories":[2,3],"tags":[],"class_list":["post-14875","post","type-post","status-publish","format-standard","hentry","category-chronique-bibliotheque","category-reportage"],"_links":{"self":[{"href":"https:\/\/www.aphyllanthe.fr\/association\/wp-json\/wp\/v2\/posts\/14875","targetHints":{"allow":["GET"]}}],"collection":[{"href":"https:\/\/www.aphyllanthe.fr\/association\/wp-json\/wp\/v2\/posts"}],"about":[{"href":"https:\/\/www.aphyllanthe.fr\/association\/wp-json\/wp\/v2\/types\/post"}],"author":[{"embeddable":true,"href":"https:\/\/www.aphyllanthe.fr\/association\/wp-json\/wp\/v2\/users\/1"}],"replies":[{"embeddable":true,"href":"https:\/\/www.aphyllanthe.fr\/association\/wp-json\/wp\/v2\/comments?post=14875"}],"version-history":[{"count":19,"href":"https:\/\/www.aphyllanthe.fr\/association\/wp-json\/wp\/v2\/posts\/14875\/revisions"}],"predecessor-version":[{"id":14947,"href":"https:\/\/www.aphyllanthe.fr\/association\/wp-json\/wp\/v2\/posts\/14875\/revisions\/14947"}],"wp:attachment":[{"href":"https:\/\/www.aphyllanthe.fr\/association\/wp-json\/wp\/v2\/media?parent=14875"}],"wp:term":[{"taxonomy":"category","embeddable":true,"href":"https:\/\/www.aphyllanthe.fr\/association\/wp-json\/wp\/v2\/categories?post=14875"},{"taxonomy":"post_tag","embeddable":true,"href":"https:\/\/www.aphyllanthe.fr\/association\/wp-json\/wp\/v2\/tags?post=14875"}],"curies":[{"name":"wp","href":"https:\/\/api.w.org\/{rel}","templated":true}]}}