{"id":15124,"date":"2021-09-24T15:56:26","date_gmt":"2021-09-24T14:56:26","guid":{"rendered":"https:\/\/www.aphyllanthe.fr\/association\/?p=15124"},"modified":"2021-09-24T15:56:26","modified_gmt":"2021-09-24T14:56:26","slug":"visite-de-la-salle-metalmorphosis","status":"publish","type":"post","link":"https:\/\/www.aphyllanthe.fr\/association\/visite-de-la-salle-metalmorphosis\/","title":{"rendered":"Visite de la salle Metalmorphosis"},"content":{"rendered":"\n<p>Dans le cadre de l&rsquo;exposition \u00ab\u00a0L&rsquo;Inde, deux regards, cent clich\u00e9s\u00a0\u00bb L&rsquo;Aphyllanthe vous fait visiter la salle Metalmorphosis dans ce reportage photos. L&rsquo;expo a eu lieu du 10 au 24 septembre dans la salle \u00e0 Bourdiguet. <\/p>\n\n\n\n<figure class=\"wp-block-image size-large\"><a href=\"https:\/\/www.aphyllanthe.fr\/association\/wp-content\/uploads\/2021\/09\/DSC04941-acces-salle.webp\"><img loading=\"lazy\" decoding=\"async\" width=\"1024\" height=\"683\" src=\"https:\/\/www.aphyllanthe.fr\/association\/wp-content\/uploads\/2021\/09\/DSC04941-acces-salle-1024x683.webp\" alt=\"\" class=\"wp-image-15123\" srcset=\"https:\/\/www.aphyllanthe.fr\/association\/wp-content\/uploads\/2021\/09\/DSC04941-acces-salle-1024x683.webp 1024w, https:\/\/www.aphyllanthe.fr\/association\/wp-content\/uploads\/2021\/09\/DSC04941-acces-salle-300x200.webp 300w, https:\/\/www.aphyllanthe.fr\/association\/wp-content\/uploads\/2021\/09\/DSC04941-acces-salle-768x512.webp 768w, https:\/\/www.aphyllanthe.fr\/association\/wp-content\/uploads\/2021\/09\/DSC04941-acces-salle-1536x1024.webp 1536w, https:\/\/www.aphyllanthe.fr\/association\/wp-content\/uploads\/2021\/09\/DSC04941-acces-salle-1320x880.webp 1320w, https:\/\/www.aphyllanthe.fr\/association\/wp-content\/uploads\/2021\/09\/DSC04941-acces-salle-900x600.webp 900w, https:\/\/www.aphyllanthe.fr\/association\/wp-content\/uploads\/2021\/09\/DSC04941-acces-salle-620x413.webp 620w, https:\/\/www.aphyllanthe.fr\/association\/wp-content\/uploads\/2021\/09\/DSC04941-acces-salle-400x267.webp 400w, https:\/\/www.aphyllanthe.fr\/association\/wp-content\/uploads\/2021\/09\/DSC04941-acces-salle.webp 1620w\" sizes=\"auto, (max-width: 1024px) 100vw, 1024px\" \/><\/a><figcaption>Salle Metalmorphosis : le jardin des sculptures<\/figcaption><\/figure>\n\n\n\n<p>Sur place, l&rsquo;artiste G\u00e9rard Bellaiche, vous accueille pour une visite passionnante et des explications sur la mythologie indienne, les tribus inconnus et les sites obscurs. G\u00e9rard et son \u00e9pouse Lynda connaissent l&rsquo;Inde depuis 40 ans ayant effectu\u00e9 de multiples voyages aux endroits les plus inconnus &#8211; toujours avec un appareil photo en main et l&rsquo;amour des rencontres en t\u00eate.<\/p>\n\n\n\n<h5 class=\"wp-block-heading\">Les dieux hindous<\/h5>\n\n\n\n<div class=\"wp-block-columns is-layout-flex wp-container-core-columns-is-layout-9d6595d7 wp-block-columns-is-layout-flex\">\n<div class=\"wp-block-column is-layout-flow wp-block-column-is-layout-flow\">\n<figure class=\"wp-block-image size-large\"><a href=\"https:\/\/www.aphyllanthe.fr\/association\/wp-content\/uploads\/2021\/09\/DSC04936-hanuman.webp\"><img loading=\"lazy\" decoding=\"async\" width=\"1024\" height=\"683\" src=\"https:\/\/www.aphyllanthe.fr\/association\/wp-content\/uploads\/2021\/09\/DSC04936-hanuman-1024x683.webp\" alt=\"\" class=\"wp-image-15121\" srcset=\"https:\/\/www.aphyllanthe.fr\/association\/wp-content\/uploads\/2021\/09\/DSC04936-hanuman-1024x683.webp 1024w, https:\/\/www.aphyllanthe.fr\/association\/wp-content\/uploads\/2021\/09\/DSC04936-hanuman-300x200.webp 300w, https:\/\/www.aphyllanthe.fr\/association\/wp-content\/uploads\/2021\/09\/DSC04936-hanuman-768x512.webp 768w, https:\/\/www.aphyllanthe.fr\/association\/wp-content\/uploads\/2021\/09\/DSC04936-hanuman-1536x1024.webp 1536w, https:\/\/www.aphyllanthe.fr\/association\/wp-content\/uploads\/2021\/09\/DSC04936-hanuman-1320x880.webp 1320w, https:\/\/www.aphyllanthe.fr\/association\/wp-content\/uploads\/2021\/09\/DSC04936-hanuman.webp 1620w\" sizes=\"auto, (max-width: 1024px) 100vw, 1024px\" \/><\/a><figcaption>Hanuman, le singe magique ador\u00e9<\/figcaption><\/figure>\n<\/div>\n\n\n\n<div class=\"wp-block-column is-layout-flow wp-block-column-is-layout-flow\">\n<figure class=\"wp-block-image size-large\"><a href=\"https:\/\/www.aphyllanthe.fr\/association\/wp-content\/uploads\/2021\/09\/DSC04929-ganesh.webp\"><img loading=\"lazy\" decoding=\"async\" width=\"1024\" height=\"683\" src=\"https:\/\/www.aphyllanthe.fr\/association\/wp-content\/uploads\/2021\/09\/DSC04929-ganesh-1024x683.webp\" alt=\"\" class=\"wp-image-15115\" srcset=\"https:\/\/www.aphyllanthe.fr\/association\/wp-content\/uploads\/2021\/09\/DSC04929-ganesh-1024x683.webp 1024w, https:\/\/www.aphyllanthe.fr\/association\/wp-content\/uploads\/2021\/09\/DSC04929-ganesh-300x200.webp 300w, https:\/\/www.aphyllanthe.fr\/association\/wp-content\/uploads\/2021\/09\/DSC04929-ganesh-768x512.webp 768w, https:\/\/www.aphyllanthe.fr\/association\/wp-content\/uploads\/2021\/09\/DSC04929-ganesh-1536x1024.webp 1536w, https:\/\/www.aphyllanthe.fr\/association\/wp-content\/uploads\/2021\/09\/DSC04929-ganesh-1320x880.webp 1320w, https:\/\/www.aphyllanthe.fr\/association\/wp-content\/uploads\/2021\/09\/DSC04929-ganesh-900x600.webp 900w, https:\/\/www.aphyllanthe.fr\/association\/wp-content\/uploads\/2021\/09\/DSC04929-ganesh-620x413.webp 620w, https:\/\/www.aphyllanthe.fr\/association\/wp-content\/uploads\/2021\/09\/DSC04929-ganesh-400x267.webp 400w, https:\/\/www.aphyllanthe.fr\/association\/wp-content\/uploads\/2021\/09\/DSC04929-ganesh.webp 1620w\" sizes=\"auto, (max-width: 1024px) 100vw, 1024px\" \/><\/a><figcaption>Ganesh, dieu \u00e0 t\u00eate d\u2019\u00e9l\u00e9phant<\/figcaption><\/figure>\n<\/div>\n\n\n\n<div class=\"wp-block-column is-layout-flow wp-block-column-is-layout-flow\">\n<figure class=\"wp-block-image size-large\"><a href=\"https:\/\/www.aphyllanthe.fr\/association\/wp-content\/uploads\/2021\/09\/DSC04928-nandi.webp\"><img loading=\"lazy\" decoding=\"async\" width=\"1024\" height=\"683\" src=\"https:\/\/www.aphyllanthe.fr\/association\/wp-content\/uploads\/2021\/09\/DSC04928-nandi-1024x683.webp\" alt=\"\" class=\"wp-image-15114\" srcset=\"https:\/\/www.aphyllanthe.fr\/association\/wp-content\/uploads\/2021\/09\/DSC04928-nandi-1024x683.webp 1024w, https:\/\/www.aphyllanthe.fr\/association\/wp-content\/uploads\/2021\/09\/DSC04928-nandi-300x200.webp 300w, https:\/\/www.aphyllanthe.fr\/association\/wp-content\/uploads\/2021\/09\/DSC04928-nandi-768x512.webp 768w, https:\/\/www.aphyllanthe.fr\/association\/wp-content\/uploads\/2021\/09\/DSC04928-nandi-1536x1024.webp 1536w, https:\/\/www.aphyllanthe.fr\/association\/wp-content\/uploads\/2021\/09\/DSC04928-nandi-1320x880.webp 1320w, https:\/\/www.aphyllanthe.fr\/association\/wp-content\/uploads\/2021\/09\/DSC04928-nandi-900x600.webp 900w, https:\/\/www.aphyllanthe.fr\/association\/wp-content\/uploads\/2021\/09\/DSC04928-nandi-620x413.webp 620w, https:\/\/www.aphyllanthe.fr\/association\/wp-content\/uploads\/2021\/09\/DSC04928-nandi-400x267.webp 400w, https:\/\/www.aphyllanthe.fr\/association\/wp-content\/uploads\/2021\/09\/DSC04928-nandi.webp 1620w\" sizes=\"auto, (max-width: 1024px) 100vw, 1024px\" \/><\/a><figcaption>Nandi, le taureau sacr\u00e9<\/figcaption><\/figure>\n<\/div>\n<\/div>\n\n\n\n<p>Vu le succ\u00e8s rencontr\u00e9 et la demande du public G\u00e9rard et Lynda prolongent l&rsquo;exposition jusqu&rsquo;au 13 octobre. Il vous accueillent pour une visite comment\u00e9e sur rendez-vous (tel : 04 66 57 26 41).<\/p>\n\n\n\n<div class=\"alignnormal\"><div id=\"metaslider-id-15133\" style=\"max-width: 900px; margin: 0 auto;\" class=\"ml-slider-3-108-0 metaslider metaslider-nivo metaslider-15133 ml-slider ms-theme-default\" role=\"region\" aria-label=\"Salle Metalmorphosis\" data-height=\"600\" data-width=\"900\">\n    <div id=\"metaslider_container_15133\">\n        <div class='slider-wrapper theme-default'><div class='ribbon'><\/div><div id='metaslider_15133' class='nivoSlider'><img loading=\"lazy\" decoding=\"async\" src=\"https:\/\/www.aphyllanthe.fr\/association\/wp-content\/uploads\/2021\/09\/DSC04935-salle-d-exposition-900x600.webp\" height=\"600\" width=\"900\" title=\"DSC04935-salle-d-exposition\" alt=\"\" class=\"slider-15133 slide-15135 msDefaultImage\" \/><img loading=\"lazy\" decoding=\"async\" src=\"https:\/\/www.aphyllanthe.fr\/association\/wp-content\/uploads\/2021\/09\/DSC04934-salle-d-exposition-900x600.webp\" height=\"600\" width=\"900\" title=\"DSC04934-salle-d-exposition\" alt=\"\" class=\"slider-15133 slide-15136 msDefaultImage\" \/><img loading=\"lazy\" decoding=\"async\" src=\"https:\/\/www.aphyllanthe.fr\/association\/wp-content\/uploads\/2021\/09\/DSC04933-900x600.webp\" height=\"600\" width=\"900\" title=\"DSC04933\" alt=\"\" class=\"slider-15133 slide-15137 msDefaultImage\" \/><img loading=\"lazy\" decoding=\"async\" src=\"https:\/\/www.aphyllanthe.fr\/association\/wp-content\/uploads\/2021\/09\/DSC04932-900x600.webp\" height=\"600\" width=\"900\" title=\"DSC04932\" alt=\"\" class=\"slider-15133 slide-15138 msDefaultImage\" \/><img loading=\"lazy\" decoding=\"async\" src=\"https:\/\/www.aphyllanthe.fr\/association\/wp-content\/uploads\/2021\/09\/DSC04931-ganesh-900x600.webp\" height=\"600\" width=\"900\" title=\"DSC04931-ganesh\" alt=\"\" class=\"slider-15133 slide-15139 msDefaultImage\" \/><img loading=\"lazy\" decoding=\"async\" src=\"https:\/\/www.aphyllanthe.fr\/association\/wp-content\/uploads\/2021\/09\/DSC04927-nandi-900x600.webp\" height=\"600\" width=\"900\" title=\"DSC04927-nandi\" alt=\"\" class=\"slider-15133 slide-15142 msDefaultImage\" \/><img loading=\"lazy\" decoding=\"async\" src=\"https:\/\/www.aphyllanthe.fr\/association\/wp-content\/uploads\/2021\/09\/DSC04924-accueil-900x600.webp\" height=\"600\" width=\"900\" title=\"DSC04924-accueil\" alt=\"\" class=\"slider-15133 slide-15143 msDefaultImage\" \/><img loading=\"lazy\" decoding=\"async\" src=\"https:\/\/www.aphyllanthe.fr\/association\/wp-content\/uploads\/2021\/09\/DSC04941-acces-salle-900x600.webp\" height=\"600\" width=\"900\" title=\"La cour des sculptures\" alt=\"\" class=\"slider-15133 slide-15144 msDefaultImage\" \/><img loading=\"lazy\" decoding=\"async\" src=\"https:\/\/www.aphyllanthe.fr\/association\/wp-content\/uploads\/2021\/09\/DSC04940-lartiste-avec-nandi-900x600.webp\" height=\"600\" width=\"900\" data-caption=\"L&#039;artiste G&eacute;rard Bellaiche dans son atelier\" title=\"DSC04940-l&#039;artiste-avec-nandi\" alt=\"\" class=\"slider-15133 slide-15145 msDefaultImage\" \/><\/div><\/div>\n        \n    <\/div>\n<\/div><\/div>\n","protected":false},"excerpt":{"rendered":"<p>Dans le cadre de l&rsquo;exposition \u00ab\u00a0L&rsquo;Inde, deux regards, cent clich\u00e9s\u00a0\u00bb L&rsquo;Aphyllanthe vous fait visiter la salle Metalmorphosis dans ce reportage photos. L&rsquo;expo a eu lieu du 10 au 24 septembre dans la salle \u00e0 Bourdiguet. Sur place, l&rsquo;artiste G\u00e9rard Bellaiche, vous accueille pour une visite passionnante et des explications sur la mythologie indienne, les tribus &hellip; <a href=\"https:\/\/www.aphyllanthe.fr\/association\/visite-de-la-salle-metalmorphosis\/\" class=\"more-link\">Continuer la lecture de <span class=\"screen-reader-text\">Visite de la salle Metalmorphosis<\/span>  <span class=\"meta-nav\">&rarr;<\/span><\/a><\/p>\n","protected":false},"author":1,"featured_media":0,"comment_status":"closed","ping_status":"closed","sticky":false,"template":"","format":"standard","meta":{"footnotes":""},"categories":[3],"tags":[],"class_list":["post-15124","post","type-post","status-publish","format-standard","hentry","category-reportage"],"_links":{"self":[{"href":"https:\/\/www.aphyllanthe.fr\/association\/wp-json\/wp\/v2\/posts\/15124","targetHints":{"allow":["GET"]}}],"collection":[{"href":"https:\/\/www.aphyllanthe.fr\/association\/wp-json\/wp\/v2\/posts"}],"about":[{"href":"https:\/\/www.aphyllanthe.fr\/association\/wp-json\/wp\/v2\/types\/post"}],"author":[{"embeddable":true,"href":"https:\/\/www.aphyllanthe.fr\/association\/wp-json\/wp\/v2\/users\/1"}],"replies":[{"embeddable":true,"href":"https:\/\/www.aphyllanthe.fr\/association\/wp-json\/wp\/v2\/comments?post=15124"}],"version-history":[{"count":6,"href":"https:\/\/www.aphyllanthe.fr\/association\/wp-json\/wp\/v2\/posts\/15124\/revisions"}],"predecessor-version":[{"id":15157,"href":"https:\/\/www.aphyllanthe.fr\/association\/wp-json\/wp\/v2\/posts\/15124\/revisions\/15157"}],"wp:attachment":[{"href":"https:\/\/www.aphyllanthe.fr\/association\/wp-json\/wp\/v2\/media?parent=15124"}],"wp:term":[{"taxonomy":"category","embeddable":true,"href":"https:\/\/www.aphyllanthe.fr\/association\/wp-json\/wp\/v2\/categories?post=15124"},{"taxonomy":"post_tag","embeddable":true,"href":"https:\/\/www.aphyllanthe.fr\/association\/wp-json\/wp\/v2\/tags?post=15124"}],"curies":[{"name":"wp","href":"https:\/\/api.w.org\/{rel}","templated":true}]}}