{"id":15128,"date":"2021-09-24T15:54:49","date_gmt":"2021-09-24T14:54:49","guid":{"rendered":"https:\/\/www.aphyllanthe.fr\/association\/?p=15128"},"modified":"2021-09-24T15:56:42","modified_gmt":"2021-09-24T14:56:42","slug":"apres-midi-accrobranche","status":"publish","type":"post","link":"https:\/\/www.aphyllanthe.fr\/association\/apres-midi-accrobranche\/","title":{"rendered":"Apr\u00e8s-midi Accrobranche"},"content":{"rendered":"\n<p class=\"has-drop-cap has-text-color has-background\" style=\"background-color:#ffb9ff;color:#541154\">L&rsquo;Aphyllanthe investira le parc d&rsquo;accrobranche Air de Nature \u00e0 Saint-Quentin-la-Poterie <strong>dimanche 10 octobre \u00e0 13h30<\/strong>. R\u00e9servez-vite votre place !<\/p>\n\n\n\n<p>Ouvert aux groupes sur demande (min 20 pers)<\/p>\n\n\n\n<p>Nich\u00e9 sur une ancienne carri\u00e8re de sable, le parc est n\u00e9 dans la for\u00eat de Castagniers et Broussi\u00e8res vieille de plus de 70 ans.<\/p>\n\n\n\n<div class=\"wp-block-columns is-layout-flex wp-container-core-columns-is-layout-9d6595d7 wp-block-columns-is-layout-flex\">\n<div class=\"wp-block-column is-layout-flow wp-block-column-is-layout-flow\">\n<figure class=\"wp-block-image size-full\"><a href=\"https:\/\/www.aphyllanthe.fr\/association\/wp-content\/uploads\/2021\/09\/air-de-nature.jpg\"><img loading=\"lazy\" decoding=\"async\" width=\"736\" height=\"537\" src=\"https:\/\/www.aphyllanthe.fr\/association\/wp-content\/uploads\/2021\/09\/air-de-nature.jpg\" alt=\"\" class=\"wp-image-15149\" srcset=\"https:\/\/www.aphyllanthe.fr\/association\/wp-content\/uploads\/2021\/09\/air-de-nature.jpg 736w, https:\/\/www.aphyllanthe.fr\/association\/wp-content\/uploads\/2021\/09\/air-de-nature-300x219.jpg 300w\" sizes=\"auto, (max-width: 736px) 100vw, 736px\" \/><\/a><\/figure>\n<\/div>\n\n\n\n<div class=\"wp-block-column is-layout-flow wp-block-column-is-layout-flow\">\n<p>Le parc propose une dizaine de parcours susceptibles de plaire aussi bien aux enfants qu&rsquo;aux adultes, des plus sensibles aux plus t\u00e9m\u00e9raires. Une aire de pique-nique ainsi qu&rsquo;un espace restauration sont \u00e0 disposition pour proposer un moment de d\u00e9tente. Lien vers Air de Nature <strong><a href=\"https:\/\/www.airdenature.com\/\" data-type=\"URL\" data-id=\"https:\/\/www.airdenature.com\/\" target=\"_blank\" rel=\"noreferrer noopener\">ici<\/a><\/strong>.<\/p>\n<\/div>\n<\/div>\n\n\n\n<p>Taille minimum requise : 1,35 m.<br \/><strong>Attention<\/strong> : le parc ferme en cas de vent violent.<\/p>\n\n\n\n<h2 class=\"wp-block-heading\">Tarifs et modalit\u00e9s :<\/h2>\n\n\n\n<ul class=\"wp-block-list\"><li>&#8211; 1,35 m : 2 \u20ac<\/li><li>+ 1,35 m : 7,50 \u20ac<\/li><\/ul>\n\n\n\n<p>Inscrivez-vous vite aupr\u00e8s du secr\u00e9tariat par mail : aphyllanthe@orange.fr ou t\u00e9l : 04 66 22 10 20<\/p>\n\n\n\n<p> <\/p>\n","protected":false},"excerpt":{"rendered":"<p>L&rsquo;Aphyllanthe investira le parc d&rsquo;accrobranche Air de Nature \u00e0 Saint-Quentin-la-Poterie dimanche 10 octobre \u00e0 13h30. R\u00e9servez-vite votre place ! Ouvert aux groupes sur demande (min 20 pers) Nich\u00e9 sur une ancienne carri\u00e8re de sable, le parc est n\u00e9 dans la for\u00eat de Castagniers et Broussi\u00e8res vieille de plus de 70 ans. Le parc propose une &hellip; <a href=\"https:\/\/www.aphyllanthe.fr\/association\/apres-midi-accrobranche\/\" class=\"more-link\">Continuer la lecture de <span class=\"screen-reader-text\">Apr\u00e8s-midi Accrobranche<\/span>  <span class=\"meta-nav\">&rarr;<\/span><\/a><\/p>\n","protected":false},"author":10,"featured_media":15153,"comment_status":"closed","ping_status":"closed","sticky":false,"template":"","format":"standard","meta":{"footnotes":""},"categories":[4,117],"tags":[],"class_list":["post-15128","post","type-post","status-publish","format-standard","has-post-thumbnail","hentry","category-annonce","category-familles-et-enfants"],"_links":{"self":[{"href":"https:\/\/www.aphyllanthe.fr\/association\/wp-json\/wp\/v2\/posts\/15128","targetHints":{"allow":["GET"]}}],"collection":[{"href":"https:\/\/www.aphyllanthe.fr\/association\/wp-json\/wp\/v2\/posts"}],"about":[{"href":"https:\/\/www.aphyllanthe.fr\/association\/wp-json\/wp\/v2\/types\/post"}],"author":[{"embeddable":true,"href":"https:\/\/www.aphyllanthe.fr\/association\/wp-json\/wp\/v2\/users\/10"}],"replies":[{"embeddable":true,"href":"https:\/\/www.aphyllanthe.fr\/association\/wp-json\/wp\/v2\/comments?post=15128"}],"version-history":[{"count":6,"href":"https:\/\/www.aphyllanthe.fr\/association\/wp-json\/wp\/v2\/posts\/15128\/revisions"}],"predecessor-version":[{"id":15154,"href":"https:\/\/www.aphyllanthe.fr\/association\/wp-json\/wp\/v2\/posts\/15128\/revisions\/15154"}],"wp:featuredmedia":[{"embeddable":true,"href":"https:\/\/www.aphyllanthe.fr\/association\/wp-json\/wp\/v2\/media\/15153"}],"wp:attachment":[{"href":"https:\/\/www.aphyllanthe.fr\/association\/wp-json\/wp\/v2\/media?parent=15128"}],"wp:term":[{"taxonomy":"category","embeddable":true,"href":"https:\/\/www.aphyllanthe.fr\/association\/wp-json\/wp\/v2\/categories?post=15128"},{"taxonomy":"post_tag","embeddable":true,"href":"https:\/\/www.aphyllanthe.fr\/association\/wp-json\/wp\/v2\/tags?post=15128"}],"curies":[{"name":"wp","href":"https:\/\/api.w.org\/{rel}","templated":true}]}}