{"id":1536,"date":"2015-04-13T16:54:10","date_gmt":"2015-04-13T15:54:10","guid":{"rendered":"http:\/\/www.aphyllanthe.fr\/association\/?p=1536"},"modified":"2015-05-21T21:51:42","modified_gmt":"2015-05-21T20:51:42","slug":"sortie-cinema-le-18-avril","status":"publish","type":"post","link":"https:\/\/www.aphyllanthe.fr\/association\/sortie-cinema-le-18-avril\/","title":{"rendered":"Sortie Cin\u00e9ma le 18 avril"},"content":{"rendered":"<p>L&rsquo;Association vous propose une sortie au cin\u00e9ma d&rsquo;Uz\u00e8s ce samedi 18 avril :<br \/>\n<img loading=\"lazy\" decoding=\"async\" class=\"alignleft size-thumbnail wp-image-1539\" src=\"http:\/\/www.aphyllanthe.fr\/association\/wp-content\/uploads\/2015\/04\/enroute-150x150.jpg\" alt=\"enroute\" width=\"120\" height=\"120\" \/><img loading=\"lazy\" decoding=\"async\" class=\"alignleft size-thumbnail wp-image-1540\" src=\"http:\/\/www.aphyllanthe.fr\/association\/wp-content\/uploads\/2015\/04\/fast-and-fur-7-150x150.jpg\" alt=\"fast-and-fur-7\" width=\"120\" height=\"120\" \/><img loading=\"lazy\" decoding=\"async\" class=\"alignleft size-thumbnail wp-image-1542\" src=\"http:\/\/www.aphyllanthe.fr\/association\/wp-content\/uploads\/2015\/04\/robindesbois-150x150.jpg\" alt=\"robindesbois\" width=\"120\" height=\"120\" \/><img loading=\"lazy\" decoding=\"async\" class=\"alignleft size-thumbnail wp-image-1541\" src=\"http:\/\/www.aphyllanthe.fr\/association\/wp-content\/uploads\/2015\/04\/pourquoi-150x150.jpg\" alt=\"pourquoi\" width=\"120\" height=\"120\" \/><\/p>\n<div style=\"clear: both;\"><\/div>\n<p><strong>Les films propos\u00e9s sont : <\/strong><!--more--><\/p>\n<p><strong>\u00e0 16h<\/strong><br \/>\n<em><strong>En route! <\/strong><\/em> Film d&rsquo;animation am\u00e9ricain. A partir de 5-6 ans. Sortie nationale le 15 avril.<br \/>\n<em><strong>Fast and furious 7.<\/strong><\/em> Film d&rsquo;aventure am\u00e9ricain. A partir de 10 ans. Sortie nationale le 1er avril.<\/p>\n<p><strong>\u00e0 18h30<\/strong><br \/>\n<em><strong>Robin des bois, la v\u00e9ritable histoire.<\/strong><\/em> Com\u00e9die. Pour adolescents et adultes. Sortie nationale le 15 avril.<br \/>\n<em><strong>Pourquoi j&rsquo;ai pas mang\u00e9 mon p\u00e8re.<\/strong><\/em> Com\u00e9die fran\u00e7aise. Tout public. Sortie nationale le 8 avril.<\/p>\n<p><em>Les r\u00e9servations se font avant ce vendredi 18h exceptionnellement aupr\u00e8s de Claire Lasserre au 04 66 37 31 25 ou 06 81 24 97 71. Rappel : la biblioth\u00e8que \u00e9tant ferm\u00e9e cette semaine, seule une permanence aura lieu le mercredi matin de 9h \u00e0 12h.<\/em><\/p>\n<p>Tarifs : adh\u00e9rent : 1 \u20ac ; non-adh\u00e9rent : 4 \u20ac.<\/p>\n","protected":false},"excerpt":{"rendered":"<p>L&rsquo;Association vous propose une sortie au cin\u00e9ma d&rsquo;Uz\u00e8s ce samedi 18 avril : Les films propos\u00e9s sont :<\/p>\n","protected":false},"author":1,"featured_media":0,"comment_status":"closed","ping_status":"closed","sticky":false,"template":"","format":"standard","meta":{"footnotes":""},"categories":[4],"tags":[],"class_list":["post-1536","post","type-post","status-publish","format-standard","hentry","category-annonce"],"_links":{"self":[{"href":"https:\/\/www.aphyllanthe.fr\/association\/wp-json\/wp\/v2\/posts\/1536","targetHints":{"allow":["GET"]}}],"collection":[{"href":"https:\/\/www.aphyllanthe.fr\/association\/wp-json\/wp\/v2\/posts"}],"about":[{"href":"https:\/\/www.aphyllanthe.fr\/association\/wp-json\/wp\/v2\/types\/post"}],"author":[{"embeddable":true,"href":"https:\/\/www.aphyllanthe.fr\/association\/wp-json\/wp\/v2\/users\/1"}],"replies":[{"embeddable":true,"href":"https:\/\/www.aphyllanthe.fr\/association\/wp-json\/wp\/v2\/comments?post=1536"}],"version-history":[{"count":0,"href":"https:\/\/www.aphyllanthe.fr\/association\/wp-json\/wp\/v2\/posts\/1536\/revisions"}],"wp:attachment":[{"href":"https:\/\/www.aphyllanthe.fr\/association\/wp-json\/wp\/v2\/media?parent=1536"}],"wp:term":[{"taxonomy":"category","embeddable":true,"href":"https:\/\/www.aphyllanthe.fr\/association\/wp-json\/wp\/v2\/categories?post=1536"},{"taxonomy":"post_tag","embeddable":true,"href":"https:\/\/www.aphyllanthe.fr\/association\/wp-json\/wp\/v2\/tags?post=1536"}],"curies":[{"name":"wp","href":"https:\/\/api.w.org\/{rel}","templated":true}]}}