{"id":15536,"date":"2021-11-19T09:48:48","date_gmt":"2021-11-19T08:48:48","guid":{"rendered":"https:\/\/www.aphyllanthe.fr\/association\/?p=15536"},"modified":"2021-11-19T10:57:42","modified_gmt":"2021-11-19T09:57:42","slug":"premier-stage-de-patchwork-de-lannee","status":"publish","type":"post","link":"https:\/\/www.aphyllanthe.fr\/association\/premier-stage-de-patchwork-de-lannee\/","title":{"rendered":"Premier stage de patchwork de l&rsquo;ann\u00e9e !"},"content":{"rendered":"\n<p class=\"has-drop-cap has-text-color has-background\" style=\"background-color:#057f3e;color:#dec65a\">\u00c7a y est ! la saison est vraiment relanc\u00e9e avec le 1er stage de <a href=\"https:\/\/www.aphyllanthe.fr\/association\/stages-de-patchwork\/\" target=\"_blank\" rel=\"noreferrer noopener\"><strong>partage de savoirs<\/strong><\/a>. Ce sera un atelier  patchwork, organis\u00e9 par Claire et Th\u00e9r\u00e8se \u00e0 la biblioth\u00e8que d&rsquo;Aigaliers  <strong>samedi 27 novembre de 14h \u00e0 17h<\/strong>.<\/p>\n\n\n\n<div class=\"wp-block-columns is-layout-flex wp-container-core-columns-is-layout-9d6595d7 wp-block-columns-is-layout-flex\">\n<div class=\"wp-block-column is-layout-flow wp-block-column-is-layout-flow\" style=\"flex-basis:66.66%\">\n<div class=\"wp-block-columns is-layout-flex wp-container-core-columns-is-layout-9d6595d7 wp-block-columns-is-layout-flex\">\n<div class=\"wp-block-column is-layout-flow wp-block-column-is-layout-flow\">\n<figure class=\"wp-block-image size-full is-style-rounded\"><a href=\"https:\/\/www.aphyllanthe.fr\/association\/wp-content\/uploads\/2021\/11\/patchwork1-1.webp\"><img loading=\"lazy\" decoding=\"async\" width=\"255\" height=\"274\" src=\"https:\/\/www.aphyllanthe.fr\/association\/wp-content\/uploads\/2021\/11\/patchwork1-1.webp\" alt=\"\" class=\"wp-image-15542\"\/><\/a><figcaption>Patchwork sapin<\/figcaption><\/figure>\n<\/div>\n\n\n\n<div class=\"wp-block-column is-layout-flow wp-block-column-is-layout-flow\">\n<p> Les th\u00e8mes propos\u00e9s pour samedi seront un sapin et un oiseau \u00e0 la boule de No\u00ebl, afin de commencer en douceur les pr\u00e9paratifs de d\u00e9co pour cette fin d&rsquo;ann\u00e9e.   <\/p>\n<\/div>\n<\/div>\n<\/div>\n<\/div>\n\n\n\n<div class=\"wp-block-columns is-layout-flex wp-container-core-columns-is-layout-9d6595d7 wp-block-columns-is-layout-flex\">\n<div class=\"wp-block-column is-layout-flow wp-block-column-is-layout-flow\">\n<p><\/p>\n\n\n\n<p> Limitation \u00e0 6-7 personnes pour l&rsquo;un de ces deux . Mais vous pouvez \u00e9galement apporter votre propre projet (patchwork ou autre travail d&rsquo;aiguille) ; pas de limitation de nombre dans ce cas.   <\/p>\n\n\n\n<p>Retrouvez <a href=\"https:\/\/www.aphyllanthe.fr\/association\/pdf\/patch-liste-mat-11-2021.pdf\" target=\"_blank\" rel=\"noreferrer noopener\"><strong>ici<\/strong> <\/a>la liste du mat\u00e9riel \u00e0 apporter.<\/p>\n<\/div>\n\n\n\n<div class=\"wp-block-column is-layout-flow wp-block-column-is-layout-flow\">\n<figure class=\"wp-block-image size-full is-style-default\"><a href=\"https:\/\/www.aphyllanthe.fr\/association\/wp-content\/uploads\/2021\/11\/patchwork2.webp\"><img loading=\"lazy\" decoding=\"async\" width=\"350\" height=\"291\" src=\"https:\/\/www.aphyllanthe.fr\/association\/wp-content\/uploads\/2021\/11\/patchwork2.webp\" alt=\"Patchwork oiseau\" class=\"wp-image-15541\" srcset=\"https:\/\/www.aphyllanthe.fr\/association\/wp-content\/uploads\/2021\/11\/patchwork2.webp 350w, https:\/\/www.aphyllanthe.fr\/association\/wp-content\/uploads\/2021\/11\/patchwork2-300x249.webp 300w\" sizes=\"auto, (max-width: 350px) 100vw, 350px\" \/><\/a><figcaption>Patchwork oiseau <\/figcaption><\/figure>\n<\/div>\n<\/div>\n\n\n\n<p>Animation gratuite, mais inscription obligatoire aupr\u00e8s du secr\u00e9tariat.<\/p>\n","protected":false},"excerpt":{"rendered":"<p>\u00c7a y est ! la saison est vraiment relanc\u00e9e avec le 1er stage de partage de savoirs. Ce sera un atelier patchwork, organis\u00e9 par Claire et Th\u00e9r\u00e8se \u00e0 la biblioth\u00e8que d&rsquo;Aigaliers samedi 27 novembre de 14h \u00e0 17h. Les th\u00e8mes propos\u00e9s pour samedi seront un sapin et un oiseau \u00e0 la boule de No\u00ebl, afin &hellip; <a href=\"https:\/\/www.aphyllanthe.fr\/association\/premier-stage-de-patchwork-de-lannee\/\" class=\"more-link\">Continuer la lecture de <span class=\"screen-reader-text\">Premier stage de patchwork de l&rsquo;ann\u00e9e !<\/span>  <span class=\"meta-nav\">&rarr;<\/span><\/a><\/p>\n","protected":false},"author":10,"featured_media":0,"comment_status":"closed","ping_status":"closed","sticky":false,"template":"","format":"standard","meta":{"footnotes":""},"categories":[118],"tags":[],"class_list":["post-15536","post","type-post","status-publish","format-standard","hentry","category-partage-de-savoirs"],"_links":{"self":[{"href":"https:\/\/www.aphyllanthe.fr\/association\/wp-json\/wp\/v2\/posts\/15536","targetHints":{"allow":["GET"]}}],"collection":[{"href":"https:\/\/www.aphyllanthe.fr\/association\/wp-json\/wp\/v2\/posts"}],"about":[{"href":"https:\/\/www.aphyllanthe.fr\/association\/wp-json\/wp\/v2\/types\/post"}],"author":[{"embeddable":true,"href":"https:\/\/www.aphyllanthe.fr\/association\/wp-json\/wp\/v2\/users\/10"}],"replies":[{"embeddable":true,"href":"https:\/\/www.aphyllanthe.fr\/association\/wp-json\/wp\/v2\/comments?post=15536"}],"version-history":[{"count":10,"href":"https:\/\/www.aphyllanthe.fr\/association\/wp-json\/wp\/v2\/posts\/15536\/revisions"}],"predecessor-version":[{"id":15581,"href":"https:\/\/www.aphyllanthe.fr\/association\/wp-json\/wp\/v2\/posts\/15536\/revisions\/15581"}],"wp:attachment":[{"href":"https:\/\/www.aphyllanthe.fr\/association\/wp-json\/wp\/v2\/media?parent=15536"}],"wp:term":[{"taxonomy":"category","embeddable":true,"href":"https:\/\/www.aphyllanthe.fr\/association\/wp-json\/wp\/v2\/categories?post=15536"},{"taxonomy":"post_tag","embeddable":true,"href":"https:\/\/www.aphyllanthe.fr\/association\/wp-json\/wp\/v2\/tags?post=15536"}],"curies":[{"name":"wp","href":"https:\/\/api.w.org\/{rel}","templated":true}]}}