{"id":15625,"date":"2021-12-06T13:43:38","date_gmt":"2021-12-06T12:43:38","guid":{"rendered":"https:\/\/www.aphyllanthe.fr\/association\/?p=15625"},"modified":"2022-01-02T11:12:29","modified_gmt":"2022-01-02T10:12:29","slug":"de-nouveaux-livres-a-la-bibliotheque","status":"publish","type":"post","link":"https:\/\/www.aphyllanthe.fr\/association\/de-nouveaux-livres-a-la-bibliotheque\/","title":{"rendered":"De nouveaux livres \u00e0 la biblioth\u00e8que"},"content":{"rendered":"\n<p class=\"has-drop-cap has-text-color has-background\" style=\"background-color:#b3db6b;color:#1d4ea5\">Comme chaque ann\u00e9e, les b\u00e9n\u00e9voles du comit\u00e9 pour la biblioth\u00e8que de l&rsquo;Aphyllanthe se sont mobilis\u00e9s lors de la saison des nouveaut\u00e9s litt\u00e9raires. Gr\u00e2ce \u00e0 la subvention de la mairie d&rsquo;Aigaliers, de plus en plus cons\u00e9quente  d&rsquo;ann\u00e9e en ann\u00e9e, le fonds de la biblioth\u00e8que s&rsquo;est enrichi de 105 nouveaux titres, adultes et jeunesse, cette ann\u00e9e.<\/p>\n\n\n\n<p>Le choix des titres se fait en concertation, en recoupant les conseils du <strong><a href=\"https:\/\/www.aphyllanthe.fr\/association\/bibliotheque\/nos-lectrices-recommandent\/\" target=\"_blank\" rel=\"noreferrer noopener\">Cercle des Lectrices<\/a> <\/strong>et les recommandations des usagers de la biblioth\u00e8que. Le but \u00e9tant de correspondre au mieux aux go\u00fbts d&rsquo;un public diversifi\u00e9.<\/p>\n\n\n\n<p>Les achats ont \u00e9t\u00e9 effectu\u00e9s \u00e0 la fois \u00e0 <em><a href=\"https:\/\/labouquinerie.site-solocal.com\/\" target=\"_blank\" rel=\"noreferrer noopener\">La Bouquinerie <\/a><\/em>d&rsquo;Al\u00e8s et \u00e0 la <a href=\"https:\/\/www.librairiedelaplaceauxherbes.fr\/\" target=\"_blank\" rel=\"noreferrer noopener\"><em>Librairie de la Place aux Herbes<\/em><\/a> d&rsquo;Uz\u00e8s. Les conseils de ces deux  libraires ont \u00e9galement \u00e9t\u00e9 appr\u00e9ciables pour guider le choix des achats.<br \/>Mais choisir, puis acheter, la t\u00e2che ne s&rsquo;arr\u00eate pas l\u00e0. En effet, il faut ensuite \u00e9quiper les documents pour les rendre disponibles au pr\u00eat.<br \/>Il a fallu deux apr\u00e8s-midi \u00e0 une \u00e9quipe joyeuse et consciencieuse pour identifier, coter et plastifier tout ces documents. <\/p>\n\n\n\n<div class=\"wp-block-columns is-layout-flex wp-container-core-columns-is-layout-9d6595d7 wp-block-columns-is-layout-flex\">\n<div class=\"wp-block-column is-layout-flow wp-block-column-is-layout-flow\">\n<figure class=\"wp-block-image size-large is-style-rounded\"><a href=\"https:\/\/www.aphyllanthe.fr\/association\/wp-content\/uploads\/2021\/12\/equip.webp\"><img loading=\"lazy\" decoding=\"async\" width=\"1024\" height=\"768\" src=\"https:\/\/www.aphyllanthe.fr\/association\/wp-content\/uploads\/2021\/12\/equip-1024x768.webp\" alt=\"\" class=\"wp-image-15631\" srcset=\"https:\/\/www.aphyllanthe.fr\/association\/wp-content\/uploads\/2021\/12\/equip-1024x768.webp 1024w, https:\/\/www.aphyllanthe.fr\/association\/wp-content\/uploads\/2021\/12\/equip-300x225.webp 300w, https:\/\/www.aphyllanthe.fr\/association\/wp-content\/uploads\/2021\/12\/equip-768x576.webp 768w, https:\/\/www.aphyllanthe.fr\/association\/wp-content\/uploads\/2021\/12\/equip-1320x990.webp 1320w, https:\/\/www.aphyllanthe.fr\/association\/wp-content\/uploads\/2021\/12\/equip.webp 1440w\" sizes=\"auto, (max-width: 1024px) 100vw, 1024px\" \/><\/a><\/figure>\n<\/div>\n<\/div>\n\n\n\n<p>Il faudra rajouter quelques heures pour les int\u00e9grer informatiquement au fonds. Ils pourront alors garnir les \u00e9tag\u00e8res, sur lesquelles on a fait de la place en retirant les ouvrages les moins emprunt\u00e9s.<\/p>\n\n\n\n<p>Ces derniers seront stock\u00e9s en vue d&rsquo;un don \u00e0 une association caritative,  dans l&rsquo;attente de la prochaine manifestation de <strong><a href=\"https:\/\/www.aphyllanthe.fr\/association\/que-se-passe-t-il-encore-a-la-bibliotheque\/\" target=\"_blank\" rel=\"noreferrer noopener\">Livres en balade<\/a><\/strong> ou garniront notre <strong><a href=\"https:\/\/www.aphyllanthe.fr\/association\/letagere-a-livres\/\" target=\"_blank\" rel=\"noreferrer noopener\">\u00e9tag\u00e8res \u00e0 livres<\/a><\/strong> en libre service.<\/p>\n\n\n\n<p>Voir la liste des nouveaut\u00e9s <strong><a href=\"https:\/\/www.aphyllanthe.fr\/association\/pdf\/Liste%20achats%2011.2021.pdf\" target=\"_blank\" rel=\"noreferrer noopener\">ici<\/a><\/strong>.<\/p>\n","protected":false},"excerpt":{"rendered":"<p>Comme chaque ann\u00e9e, les b\u00e9n\u00e9voles du comit\u00e9 pour la biblioth\u00e8que de l&rsquo;Aphyllanthe se sont mobilis\u00e9s lors de la saison des nouveaut\u00e9s litt\u00e9raires. Gr\u00e2ce \u00e0 la subvention de la mairie d&rsquo;Aigaliers, de plus en plus cons\u00e9quente d&rsquo;ann\u00e9e en ann\u00e9e, le fonds de la biblioth\u00e8que s&rsquo;est enrichi de 105 nouveaux titres, adultes et jeunesse, cette ann\u00e9e. Le &hellip; <a href=\"https:\/\/www.aphyllanthe.fr\/association\/de-nouveaux-livres-a-la-bibliotheque\/\" class=\"more-link\">Continuer la lecture de <span class=\"screen-reader-text\">De nouveaux livres \u00e0 la biblioth\u00e8que<\/span>  <span class=\"meta-nav\">&rarr;<\/span><\/a><\/p>\n","protected":false},"author":10,"featured_media":15632,"comment_status":"closed","ping_status":"closed","sticky":false,"template":"","format":"standard","meta":{"footnotes":""},"categories":[2,3],"tags":[],"class_list":["post-15625","post","type-post","status-publish","format-standard","has-post-thumbnail","hentry","category-chronique-bibliotheque","category-reportage"],"_links":{"self":[{"href":"https:\/\/www.aphyllanthe.fr\/association\/wp-json\/wp\/v2\/posts\/15625","targetHints":{"allow":["GET"]}}],"collection":[{"href":"https:\/\/www.aphyllanthe.fr\/association\/wp-json\/wp\/v2\/posts"}],"about":[{"href":"https:\/\/www.aphyllanthe.fr\/association\/wp-json\/wp\/v2\/types\/post"}],"author":[{"embeddable":true,"href":"https:\/\/www.aphyllanthe.fr\/association\/wp-json\/wp\/v2\/users\/10"}],"replies":[{"embeddable":true,"href":"https:\/\/www.aphyllanthe.fr\/association\/wp-json\/wp\/v2\/comments?post=15625"}],"version-history":[{"count":11,"href":"https:\/\/www.aphyllanthe.fr\/association\/wp-json\/wp\/v2\/posts\/15625\/revisions"}],"predecessor-version":[{"id":15667,"href":"https:\/\/www.aphyllanthe.fr\/association\/wp-json\/wp\/v2\/posts\/15625\/revisions\/15667"}],"wp:featuredmedia":[{"embeddable":true,"href":"https:\/\/www.aphyllanthe.fr\/association\/wp-json\/wp\/v2\/media\/15632"}],"wp:attachment":[{"href":"https:\/\/www.aphyllanthe.fr\/association\/wp-json\/wp\/v2\/media?parent=15625"}],"wp:term":[{"taxonomy":"category","embeddable":true,"href":"https:\/\/www.aphyllanthe.fr\/association\/wp-json\/wp\/v2\/categories?post=15625"},{"taxonomy":"post_tag","embeddable":true,"href":"https:\/\/www.aphyllanthe.fr\/association\/wp-json\/wp\/v2\/tags?post=15625"}],"curies":[{"name":"wp","href":"https:\/\/api.w.org\/{rel}","templated":true}]}}