{"id":15642,"date":"2021-12-02T13:36:09","date_gmt":"2021-12-02T12:36:09","guid":{"rendered":"https:\/\/www.aphyllanthe.fr\/association\/?p=15642"},"modified":"2021-12-07T13:46:21","modified_gmt":"2021-12-07T12:46:21","slug":"comment-sest-passe-le-premier-patch","status":"publish","type":"post","link":"https:\/\/www.aphyllanthe.fr\/association\/comment-sest-passe-le-premier-patch\/","title":{"rendered":"Comment s&rsquo;est pass\u00e9 le premier \u00ab\u00a0patch\u00a0\u00bb ?"},"content":{"rendered":"\n<p class=\"has-drop-cap has-text-color has-background\" style=\"background-color:#9ebaeb;color:#0c224a\">Ce fut un apr\u00e8s-midi de d\u00e9tente et de convivialit\u00e9, mais aussi de travail\u2026 d&rsquo;aiguille pour les 9 participantes du premier atelier patchwork de la saison samedi 27 novembre.<\/p>\n\n\n\n<div class=\"wp-block-image\"><figure class=\"aligncenter size-large\"><a href=\"https:\/\/www.aphyllanthe.fr\/association\/wp-content\/uploads\/2021\/12\/PATCH_2.webp\"><img loading=\"lazy\" decoding=\"async\" width=\"1024\" height=\"768\" src=\"https:\/\/www.aphyllanthe.fr\/association\/wp-content\/uploads\/2021\/12\/PATCH_2-1024x768.webp\" alt=\"\" class=\"wp-image-15645\" srcset=\"https:\/\/www.aphyllanthe.fr\/association\/wp-content\/uploads\/2021\/12\/PATCH_2-1024x768.webp 1024w, https:\/\/www.aphyllanthe.fr\/association\/wp-content\/uploads\/2021\/12\/PATCH_2-300x225.webp 300w, https:\/\/www.aphyllanthe.fr\/association\/wp-content\/uploads\/2021\/12\/PATCH_2-768x576.webp 768w, https:\/\/www.aphyllanthe.fr\/association\/wp-content\/uploads\/2021\/12\/PATCH_2-1320x990.webp 1320w, https:\/\/www.aphyllanthe.fr\/association\/wp-content\/uploads\/2021\/12\/PATCH_2.webp 1440w\" sizes=\"auto, (max-width: 1024px) 100vw, 1024px\" \/><\/a><\/figure><\/div>\n\n\n\n<p>De petits points en petits points sont n\u00e9s sapins de No\u00ebl et petits oiseaux. La biblioth\u00e8que a retenti de rires et parfois de soupirs devant certaines difficult\u00e9s techniques, vite r\u00e9solues gr\u00e2ce aux conseils de Claire et de Th\u00e9r\u00e8se\u2026<\/p>\n\n\n\n<div class=\"wp-block-columns is-layout-flex wp-container-core-columns-is-layout-9d6595d7 wp-block-columns-is-layout-flex\">\n<div class=\"wp-block-column is-layout-flow wp-block-column-is-layout-flow\">\n<figure class=\"wp-block-image size-large\"><a href=\"https:\/\/www.aphyllanthe.fr\/association\/wp-content\/uploads\/2021\/12\/PATCH_1.webp\"><img loading=\"lazy\" decoding=\"async\" width=\"1024\" height=\"768\" src=\"https:\/\/www.aphyllanthe.fr\/association\/wp-content\/uploads\/2021\/12\/PATCH_1-1024x768.webp\" alt=\"\" class=\"wp-image-15644\" srcset=\"https:\/\/www.aphyllanthe.fr\/association\/wp-content\/uploads\/2021\/12\/PATCH_1-1024x768.webp 1024w, https:\/\/www.aphyllanthe.fr\/association\/wp-content\/uploads\/2021\/12\/PATCH_1-300x225.webp 300w, https:\/\/www.aphyllanthe.fr\/association\/wp-content\/uploads\/2021\/12\/PATCH_1-768x576.webp 768w, https:\/\/www.aphyllanthe.fr\/association\/wp-content\/uploads\/2021\/12\/PATCH_1-1320x990.webp 1320w, https:\/\/www.aphyllanthe.fr\/association\/wp-content\/uploads\/2021\/12\/PATCH_1.webp 1440w\" sizes=\"auto, (max-width: 1024px) 100vw, 1024px\" \/><\/a><\/figure>\n<\/div>\n\n\n\n<div class=\"wp-block-column is-layout-flow wp-block-column-is-layout-flow\">\n<figure class=\"wp-block-image size-large\"><a href=\"https:\/\/www.aphyllanthe.fr\/association\/wp-content\/uploads\/2021\/12\/PATCH.webp\"><img loading=\"lazy\" decoding=\"async\" width=\"1024\" height=\"768\" src=\"https:\/\/www.aphyllanthe.fr\/association\/wp-content\/uploads\/2021\/12\/PATCH-1024x768.webp\" alt=\"\" class=\"wp-image-15643\" srcset=\"https:\/\/www.aphyllanthe.fr\/association\/wp-content\/uploads\/2021\/12\/PATCH-1024x768.webp 1024w, https:\/\/www.aphyllanthe.fr\/association\/wp-content\/uploads\/2021\/12\/PATCH-300x225.webp 300w, https:\/\/www.aphyllanthe.fr\/association\/wp-content\/uploads\/2021\/12\/PATCH-768x576.webp 768w, https:\/\/www.aphyllanthe.fr\/association\/wp-content\/uploads\/2021\/12\/PATCH-1320x990.webp 1320w, https:\/\/www.aphyllanthe.fr\/association\/wp-content\/uploads\/2021\/12\/PATCH.webp 1440w\" sizes=\"auto, (max-width: 1024px) 100vw, 1024px\" \/><\/a><\/figure>\n<\/div>\n<\/div>\n","protected":false},"excerpt":{"rendered":"<p>Ce fut un apr\u00e8s-midi de d\u00e9tente et de convivialit\u00e9, mais aussi de travail\u2026 d&rsquo;aiguille pour les 9 participantes du premier atelier patchwork de la saison samedi 27 novembre. De petits points en petits points sont n\u00e9s sapins de No\u00ebl et petits oiseaux. La biblioth\u00e8que a retenti de rires et parfois de soupirs devant certaines difficult\u00e9s &hellip; <a href=\"https:\/\/www.aphyllanthe.fr\/association\/comment-sest-passe-le-premier-patch\/\" class=\"more-link\">Continuer la lecture de <span class=\"screen-reader-text\">Comment s&rsquo;est pass\u00e9 le premier \u00ab\u00a0patch\u00a0\u00bb ?<\/span>  <span class=\"meta-nav\">&rarr;<\/span><\/a><\/p>\n","protected":false},"author":10,"featured_media":15643,"comment_status":"closed","ping_status":"closed","sticky":false,"template":"","format":"standard","meta":{"footnotes":""},"categories":[118,3,100],"tags":[],"class_list":["post-15642","post","type-post","status-publish","format-standard","has-post-thumbnail","hentry","category-partage-de-savoirs","category-reportage","category-travaux-manuels"],"_links":{"self":[{"href":"https:\/\/www.aphyllanthe.fr\/association\/wp-json\/wp\/v2\/posts\/15642","targetHints":{"allow":["GET"]}}],"collection":[{"href":"https:\/\/www.aphyllanthe.fr\/association\/wp-json\/wp\/v2\/posts"}],"about":[{"href":"https:\/\/www.aphyllanthe.fr\/association\/wp-json\/wp\/v2\/types\/post"}],"author":[{"embeddable":true,"href":"https:\/\/www.aphyllanthe.fr\/association\/wp-json\/wp\/v2\/users\/10"}],"replies":[{"embeddable":true,"href":"https:\/\/www.aphyllanthe.fr\/association\/wp-json\/wp\/v2\/comments?post=15642"}],"version-history":[{"count":2,"href":"https:\/\/www.aphyllanthe.fr\/association\/wp-json\/wp\/v2\/posts\/15642\/revisions"}],"predecessor-version":[{"id":15647,"href":"https:\/\/www.aphyllanthe.fr\/association\/wp-json\/wp\/v2\/posts\/15642\/revisions\/15647"}],"wp:featuredmedia":[{"embeddable":true,"href":"https:\/\/www.aphyllanthe.fr\/association\/wp-json\/wp\/v2\/media\/15643"}],"wp:attachment":[{"href":"https:\/\/www.aphyllanthe.fr\/association\/wp-json\/wp\/v2\/media?parent=15642"}],"wp:term":[{"taxonomy":"category","embeddable":true,"href":"https:\/\/www.aphyllanthe.fr\/association\/wp-json\/wp\/v2\/categories?post=15642"},{"taxonomy":"post_tag","embeddable":true,"href":"https:\/\/www.aphyllanthe.fr\/association\/wp-json\/wp\/v2\/tags?post=15642"}],"curies":[{"name":"wp","href":"https:\/\/api.w.org\/{rel}","templated":true}]}}