{"id":15702,"date":"2022-01-02T10:13:29","date_gmt":"2022-01-02T09:13:29","guid":{"rendered":"https:\/\/www.aphyllanthe.fr\/association\/?p=15702"},"modified":"2022-02-16T09:22:16","modified_gmt":"2022-02-16T08:22:16","slug":"voeux-2022","status":"publish","type":"post","link":"https:\/\/www.aphyllanthe.fr\/association\/voeux-2022\/","title":{"rendered":"Le mot de la pr\u00e9sidente"},"content":{"rendered":"\n<p>Chers adh\u00e9rents et amis de l\u2019Aphyllanthe,<\/p>\n\n\n\n<p class=\"has-drop-cap has-white-color has-text-color has-background\" style=\"background-color:#f51d50\">La crise sanitaire a fortement impact\u00e9 notre programme en 2021 : les activit\u00e9s conviviales (galette, AG, f\u00eate de fin de saison, sorties du week-end) ont \u00e9t\u00e9 annul\u00e9es, et il y a eu des arr\u00eats et des reprises pour les ateliers adultes et enfants et la randonn\u00e9e. N\u00e9anmoins, 7 ateliers num\u00e9riques en visio ont \u00e9t\u00e9 propos\u00e9s, ainsi que des ateliers informatiques et scientifiques dans les \u00e9coles de Baron et Foissac. La biblioth\u00e8que est rest\u00e9e ouverte dans le strict respect des consignes sanitaires.<\/p>\n\n\n\n<div class=\"wp-block-columns is-layout-flex wp-container-core-columns-is-layout-9d6595d7 wp-block-columns-is-layout-flex\">\n<div class=\"wp-block-column is-layout-flow wp-block-column-is-layout-flow\" style=\"flex-basis:33.33%\">\n<div class=\"wp-block-image\"><figure class=\"aligncenter size-full\"><img loading=\"lazy\" decoding=\"async\" width=\"273\" height=\"195\" src=\"https:\/\/www.aphyllanthe.fr\/association\/wp-content\/uploads\/2022\/01\/logo-aphyllanthe-ruban.png\" alt=\"\" class=\"wp-image-15705\"\/><\/figure><\/div>\n<\/div>\n\n\n\n<div class=\"wp-block-column is-layout-flow wp-block-column-is-layout-flow\" style=\"flex-basis:66.66%\">\n<p> Au printemps, l\u2019horizon s\u2019est \u00e9clairci avec la ludoth\u00e8que itin\u00e9rante, la conf\u00e9rence th\u00e9\u00e2tralis\u00e9e sur les \u00e9motions, la pi\u00e8ce de l&rsquo;atelier th\u00e9\u00e2tre et le concert des Canards Sauvages <\/p>\n<\/div>\n<\/div>\n\n\n\n<p>En septembre toutes les activit\u00e9s ont repris avec beaucoup d\u2019enthousiasme et quelques nouveaut\u00e9s : 2 cours de pilates, marche nordique, cuisine partag\u00e9e, ateliers d\u2019\u00e9criture. Les sorties du week-end ont recommenc\u00e9 : accrobranche, atelier patchwork, visite de la Grotte Chauvet et des truffi\u00e8res d\u2019Uz\u00e8s, spectacle de No\u00ebl au Crat\u00e8re d\u2019Al\u00e8s. Nous avons \u00e9galement accueilli deux artistes photographes, amoureux de l\u2019Inde, avec l&rsquo;exposition L&rsquo;Inde, 2 regards, 100 clich\u00e9s.<\/p>\n\n\n\n<p>Tout au long de l\u2019ann\u00e9e, le comit\u00e9 biblioth\u00e8que, a anim\u00e9 la biblioth\u00e8que avec des d\u00e9corations au rythme des saisons et des \u00e9v\u00e8nements. Le premier samedi de chaque mois les b\u00e9n\u00e9voles tiennent une permanence de 14h \u00e0 17h, ils vous conseillent et proposent divers ateliers pour petits et grands. Les actions de cette ann\u00e9e : le printemps des po\u00e8tes, livres en balade et le d\u00e9fi lecture organis\u00e9 en juin avec les enfants de la maternelle.<\/p>\n\n\n\n<figure class=\"wp-block-image size-large\"><img loading=\"lazy\" decoding=\"async\" width=\"1024\" height=\"177\" src=\"https:\/\/www.aphyllanthe.fr\/association\/wp-content\/uploads\/2019\/09\/cropped-2019-09-groupe-rando-1024x177.jpg\" alt=\"\" class=\"wp-image-10372\" srcset=\"https:\/\/www.aphyllanthe.fr\/association\/wp-content\/uploads\/2019\/09\/cropped-2019-09-groupe-rando-1024x177.jpg 1024w, https:\/\/www.aphyllanthe.fr\/association\/wp-content\/uploads\/2019\/09\/cropped-2019-09-groupe-rando-300x52.jpg 300w, https:\/\/www.aphyllanthe.fr\/association\/wp-content\/uploads\/2019\/09\/cropped-2019-09-groupe-rando-768x133.jpg 768w, https:\/\/www.aphyllanthe.fr\/association\/wp-content\/uploads\/2019\/09\/cropped-2019-09-groupe-rando.jpg 1260w\" sizes=\"auto, (max-width: 1024px) 100vw, 1024px\" \/><\/figure>\n\n\n\n<p>Nous d\u00e9veloppons nos partenariats avec les acteurs du territoire (\u00e9coles du SIRP et centre de loisirs) : lecture de contes, soutien scolaire, jardin p\u00e9dagogique \u00e0 Foissac, ateliers scientifiques, exposition \u00e0 la biblioth\u00e8que des \u0153uvres r\u00e9alis\u00e9es par les enfants des \u00e9coles et du centre de loisirs, les d\u00e9corations de No\u00ebl \u00e0 la maternelle.<\/p>\n\n\n\n<p>Je remercie toutes les personnes qui nous aident, nous soutiennent et nous proposent des actions, les animateurs, les membres du comit\u00e9 biblioth\u00e8que, Marie notre secr\u00e9taire, les membres du CA qui s\u2019investissent et vous concoctent de nouveaux programmes.<\/p>\n\n\n\n<figure class=\"wp-block-image size-large\"><img loading=\"lazy\" decoding=\"async\" width=\"1024\" height=\"576\" src=\"https:\/\/www.aphyllanthe.fr\/association\/wp-content\/uploads\/2021\/11\/20211102_114557-Grand-1024x576.webp\" alt=\"\" class=\"wp-image-15550\" srcset=\"https:\/\/www.aphyllanthe.fr\/association\/wp-content\/uploads\/2021\/11\/20211102_114557-Grand-1024x576.webp 1024w, https:\/\/www.aphyllanthe.fr\/association\/wp-content\/uploads\/2021\/11\/20211102_114557-Grand-300x169.webp 300w, https:\/\/www.aphyllanthe.fr\/association\/wp-content\/uploads\/2021\/11\/20211102_114557-Grand-768x432.webp 768w, https:\/\/www.aphyllanthe.fr\/association\/wp-content\/uploads\/2021\/11\/20211102_114557-Grand-1536x864.webp 1536w, https:\/\/www.aphyllanthe.fr\/association\/wp-content\/uploads\/2021\/11\/20211102_114557-Grand-1320x743.webp 1320w, https:\/\/www.aphyllanthe.fr\/association\/wp-content\/uploads\/2021\/11\/20211102_114557-Grand.webp 1920w\" sizes=\"auto, (max-width: 1024px) 100vw, 1024px\" \/><\/figure>\n\n\n\n<p>Enfin je vous remercie chers adh\u00e9rents et amis de l\u2019association, qui nous avez renouvel\u00e9 votre confiance : depuis le d\u00e9but de saison nous avons d\u00e9pass\u00e9 les 220 inscriptions.<\/p>\n\n\n\n<p>Aussi au nom de l\u2019Aphyllanthe, je vous pr\u00e9sente tous mes v\u0153ux de bonheur et vous souhaite une tr\u00e8s belle ann\u00e9e 2022.<\/p>\n\n\n\n<p>Claude<\/p>\n","protected":false},"excerpt":{"rendered":"<p>Chers adh\u00e9rents et amis de l\u2019Aphyllanthe, La crise sanitaire a fortement impact\u00e9 notre programme en 2021 : les activit\u00e9s conviviales (galette, AG, f\u00eate de fin de saison, sorties du week-end) ont \u00e9t\u00e9 annul\u00e9es, et il y a eu des arr\u00eats et des reprises pour les ateliers adultes et enfants et la randonn\u00e9e. N\u00e9anmoins, 7 ateliers &hellip; <a href=\"https:\/\/www.aphyllanthe.fr\/association\/voeux-2022\/\" class=\"more-link\">Continuer la lecture de <span class=\"screen-reader-text\">Le mot de la pr\u00e9sidente<\/span>  <span class=\"meta-nav\">&rarr;<\/span><\/a><\/p>\n","protected":false},"author":1,"featured_media":15736,"comment_status":"closed","ping_status":"closed","sticky":false,"template":"","format":"standard","meta":{"footnotes":""},"categories":[4],"tags":[],"class_list":["post-15702","post","type-post","status-publish","format-standard","has-post-thumbnail","hentry","category-annonce"],"_links":{"self":[{"href":"https:\/\/www.aphyllanthe.fr\/association\/wp-json\/wp\/v2\/posts\/15702","targetHints":{"allow":["GET"]}}],"collection":[{"href":"https:\/\/www.aphyllanthe.fr\/association\/wp-json\/wp\/v2\/posts"}],"about":[{"href":"https:\/\/www.aphyllanthe.fr\/association\/wp-json\/wp\/v2\/types\/post"}],"author":[{"embeddable":true,"href":"https:\/\/www.aphyllanthe.fr\/association\/wp-json\/wp\/v2\/users\/1"}],"replies":[{"embeddable":true,"href":"https:\/\/www.aphyllanthe.fr\/association\/wp-json\/wp\/v2\/comments?post=15702"}],"version-history":[{"count":8,"href":"https:\/\/www.aphyllanthe.fr\/association\/wp-json\/wp\/v2\/posts\/15702\/revisions"}],"predecessor-version":[{"id":15754,"href":"https:\/\/www.aphyllanthe.fr\/association\/wp-json\/wp\/v2\/posts\/15702\/revisions\/15754"}],"wp:featuredmedia":[{"embeddable":true,"href":"https:\/\/www.aphyllanthe.fr\/association\/wp-json\/wp\/v2\/media\/15736"}],"wp:attachment":[{"href":"https:\/\/www.aphyllanthe.fr\/association\/wp-json\/wp\/v2\/media?parent=15702"}],"wp:term":[{"taxonomy":"category","embeddable":true,"href":"https:\/\/www.aphyllanthe.fr\/association\/wp-json\/wp\/v2\/categories?post=15702"},{"taxonomy":"post_tag","embeddable":true,"href":"https:\/\/www.aphyllanthe.fr\/association\/wp-json\/wp\/v2\/tags?post=15702"}],"curies":[{"name":"wp","href":"https:\/\/api.w.org\/{rel}","templated":true}]}}