{"id":15719,"date":"2022-01-02T11:43:14","date_gmt":"2022-01-02T10:43:14","guid":{"rendered":"https:\/\/www.aphyllanthe.fr\/association\/?p=15719"},"modified":"2022-02-16T21:12:23","modified_gmt":"2022-02-16T20:12:23","slug":"lencart-livres-et-recette-de-janvier-2022","status":"publish","type":"post","link":"https:\/\/www.aphyllanthe.fr\/association\/lencart-livres-et-recette-de-janvier-2022\/","title":{"rendered":"L&rsquo;encart livres et recette de janvier 2022"},"content":{"rendered":"\n<p class=\"has-drop-cap has-background\" style=\"background-color:#a2f2c6\">Comme chaque trimestre les b\u00e9n\u00e9voles de la biblioth\u00e8que d&rsquo;Aigaliers ont parcouru de nombreux livres pour vous faire une s\u00e9lection des meilleurs de la saison. Nos recommandations sont visibles en cliquant <a href=\"https:\/\/www.aphyllanthe.fr\/association\/pdf\/inserts\/insert-01-2022.pdf\" target=\"_blank\" rel=\"noreferrer noopener\">ici<\/a>. <\/p>\n\n\n\n<p>Le comit\u00e9 a achet\u00e9 plus de 100 livres cet automne. Ces livres ont tous \u00e9t\u00e9 \u00e9tiquet\u00e9s, rentr\u00e9s dans le fonds de la biblioth\u00e8que en r\u00e9seau ; ils sont maintenant pr\u00eats \u00e0 la lecture au coin du feu pendant les mois de frimas.  <\/p>\n\n\n\n<figure class=\"wp-block-image size-full\"><a href=\"https:\/\/www.aphyllanthe.fr\/association\/pdf\/inserts\/insert-01-2022.pdf\" target=\"_blank\" rel=\"noopener\"><img loading=\"lazy\" decoding=\"async\" width=\"774\" height=\"250\" src=\"https:\/\/www.aphyllanthe.fr\/association\/wp-content\/uploads\/2022\/01\/entete-insert-01-2022.webp\" alt=\"\" class=\"wp-image-15733\" srcset=\"https:\/\/www.aphyllanthe.fr\/association\/wp-content\/uploads\/2022\/01\/entete-insert-01-2022.webp 774w, https:\/\/www.aphyllanthe.fr\/association\/wp-content\/uploads\/2022\/01\/entete-insert-01-2022-300x97.webp 300w, https:\/\/www.aphyllanthe.fr\/association\/wp-content\/uploads\/2022\/01\/entete-insert-01-2022-768x248.webp 768w\" sizes=\"auto, (max-width: 774px) 100vw, 774px\" \/><\/a><\/figure>\n\n\n\n<p>La biblioth\u00e8que sera \u00e0 nouveau ouverte les premiers samedis du mois, de 14h \u00e0 17h. <\/p>\n\n\n\n<p class=\"has-text-align-center\"><strong>En janvier 2022, le samedi 1er \u00e9tant f\u00e9ri\u00e9, cette ouverture est report\u00e9e au 8 janvier.<\/strong> <\/p>\n\n\n\n<div class=\"wp-block-columns is-layout-flex wp-container-core-columns-is-layout-9d6595d7 wp-block-columns-is-layout-flex\">\n<div class=\"wp-block-column is-layout-flow wp-block-column-is-layout-flow\">\n<figure class=\"wp-block-image size-full\"><a href=\"https:\/\/www.aphyllanthe.fr\/association\/wp-content\/uploads\/2022\/01\/comite-bibliotheque.webp\"><img loading=\"lazy\" decoding=\"async\" width=\"540\" height=\"549\" src=\"https:\/\/www.aphyllanthe.fr\/association\/wp-content\/uploads\/2022\/01\/comite-bibliotheque.webp\" alt=\"\" class=\"wp-image-15724\" srcset=\"https:\/\/www.aphyllanthe.fr\/association\/wp-content\/uploads\/2022\/01\/comite-bibliotheque.webp 540w, https:\/\/www.aphyllanthe.fr\/association\/wp-content\/uploads\/2022\/01\/comite-bibliotheque-295x300.webp 295w\" sizes=\"auto, (max-width: 540px) 100vw, 540px\" \/><\/a><\/figure>\n<\/div>\n\n\n\n<div class=\"wp-block-column is-layout-flow wp-block-column-is-layout-flow\">\n<figure class=\"wp-block-image size-full\"><a href=\"https:\/\/www.aphyllanthe.fr\/association\/wp-content\/uploads\/2022\/01\/bibliotheque-horaires.webp\"><img loading=\"lazy\" decoding=\"async\" width=\"576\" height=\"785\" src=\"https:\/\/www.aphyllanthe.fr\/association\/wp-content\/uploads\/2022\/01\/bibliotheque-horaires.webp\" alt=\"\" class=\"wp-image-15721\" srcset=\"https:\/\/www.aphyllanthe.fr\/association\/wp-content\/uploads\/2022\/01\/bibliotheque-horaires.webp 576w, https:\/\/www.aphyllanthe.fr\/association\/wp-content\/uploads\/2022\/01\/bibliotheque-horaires-220x300.webp 220w\" sizes=\"auto, (max-width: 576px) 100vw, 576px\" \/><\/a><\/figure>\n<\/div>\n\n\n\n<div class=\"wp-block-column is-layout-flow wp-block-column-is-layout-flow\">\n<figure class=\"wp-block-image size-full\"><a href=\"https:\/\/www.aphyllanthe.fr\/association\/wp-content\/uploads\/2022\/01\/cercle-des-lectrices.webp\"><img loading=\"lazy\" decoding=\"async\" width=\"546\" height=\"459\" src=\"https:\/\/www.aphyllanthe.fr\/association\/wp-content\/uploads\/2022\/01\/cercle-des-lectrices.webp\" alt=\"\" class=\"wp-image-15720\" srcset=\"https:\/\/www.aphyllanthe.fr\/association\/wp-content\/uploads\/2022\/01\/cercle-des-lectrices.webp 546w, https:\/\/www.aphyllanthe.fr\/association\/wp-content\/uploads\/2022\/01\/cercle-des-lectrices-300x252.webp 300w\" sizes=\"auto, (max-width: 546px) 100vw, 546px\" \/><\/a><\/figure>\n<\/div>\n<\/div>\n","protected":false},"excerpt":{"rendered":"<p>Comme chaque trimestre les b\u00e9n\u00e9voles de la biblioth\u00e8que d&rsquo;Aigaliers ont parcouru de nombreux livres pour vous faire une s\u00e9lection des meilleurs de la saison. Nos recommandations sont visibles en cliquant ici. Le comit\u00e9 a achet\u00e9 plus de 100 livres cet automne. Ces livres ont tous \u00e9t\u00e9 \u00e9tiquet\u00e9s, rentr\u00e9s dans le fonds de la biblioth\u00e8que en &hellip; <a href=\"https:\/\/www.aphyllanthe.fr\/association\/lencart-livres-et-recette-de-janvier-2022\/\" class=\"more-link\">Continuer la lecture de <span class=\"screen-reader-text\">L&rsquo;encart livres et recette de janvier 2022<\/span>  <span class=\"meta-nav\">&rarr;<\/span><\/a><\/p>\n","protected":false},"author":1,"featured_media":13887,"comment_status":"closed","ping_status":"closed","sticky":false,"template":"","format":"standard","meta":{"footnotes":""},"categories":[4,2],"tags":[],"class_list":["post-15719","post","type-post","status-publish","format-standard","has-post-thumbnail","hentry","category-annonce","category-chronique-bibliotheque"],"_links":{"self":[{"href":"https:\/\/www.aphyllanthe.fr\/association\/wp-json\/wp\/v2\/posts\/15719","targetHints":{"allow":["GET"]}}],"collection":[{"href":"https:\/\/www.aphyllanthe.fr\/association\/wp-json\/wp\/v2\/posts"}],"about":[{"href":"https:\/\/www.aphyllanthe.fr\/association\/wp-json\/wp\/v2\/types\/post"}],"author":[{"embeddable":true,"href":"https:\/\/www.aphyllanthe.fr\/association\/wp-json\/wp\/v2\/users\/1"}],"replies":[{"embeddable":true,"href":"https:\/\/www.aphyllanthe.fr\/association\/wp-json\/wp\/v2\/comments?post=15719"}],"version-history":[{"count":11,"href":"https:\/\/www.aphyllanthe.fr\/association\/wp-json\/wp\/v2\/posts\/15719\/revisions"}],"predecessor-version":[{"id":15756,"href":"https:\/\/www.aphyllanthe.fr\/association\/wp-json\/wp\/v2\/posts\/15719\/revisions\/15756"}],"wp:featuredmedia":[{"embeddable":true,"href":"https:\/\/www.aphyllanthe.fr\/association\/wp-json\/wp\/v2\/media\/13887"}],"wp:attachment":[{"href":"https:\/\/www.aphyllanthe.fr\/association\/wp-json\/wp\/v2\/media?parent=15719"}],"wp:term":[{"taxonomy":"category","embeddable":true,"href":"https:\/\/www.aphyllanthe.fr\/association\/wp-json\/wp\/v2\/categories?post=15719"},{"taxonomy":"post_tag","embeddable":true,"href":"https:\/\/www.aphyllanthe.fr\/association\/wp-json\/wp\/v2\/tags?post=15719"}],"curies":[{"name":"wp","href":"https:\/\/api.w.org\/{rel}","templated":true}]}}