{"id":16071,"date":"2022-03-10T13:15:16","date_gmt":"2022-03-10T12:15:16","guid":{"rendered":"https:\/\/www.aphyllanthe.fr\/association\/?p=16071"},"modified":"2022-05-04T16:43:17","modified_gmt":"2022-05-04T15:43:17","slug":"nouvelle-exposition-a-la-bibliotheque","status":"publish","type":"post","link":"https:\/\/www.aphyllanthe.fr\/association\/nouvelle-exposition-a-la-bibliotheque\/","title":{"rendered":"Nouvelle exposition \u00e0 la biblioth\u00e8que"},"content":{"rendered":"\n<p>Samedi 5 mars, une nouvelle exposition de tableaux et de photos s&rsquo;est mise en place \u00e0 la biblioth\u00e8que d&rsquo;Aigaliers.  Pendant 2 mois l\u2019aquarelliste et peintre Claire Lasserre et le photographe Jim Cluchey exposent quelques unes de leurs \u0153uvres sur le th\u00e8me du printemps et de la nature sous toutes ses formes.  Claire expose environ 12 \u0153uvres repr\u00e9sentant des arbres, des fruits, des paysages de printemps.  Jim expose surtout des photos rapproch\u00e9es des fleurs communes. <\/p>\n\n\n\n<figure class=\"wp-block-image size-large\"><a href=\"https:\/\/www.aphyllanthe.fr\/association\/wp-content\/uploads\/2022\/03\/DSC05539-lac.webp\"><img loading=\"lazy\" decoding=\"async\" width=\"1024\" height=\"753\" src=\"https:\/\/www.aphyllanthe.fr\/association\/wp-content\/uploads\/2022\/03\/DSC05539-lac-1024x753.webp\" alt=\"\" class=\"wp-image-16066\" srcset=\"https:\/\/www.aphyllanthe.fr\/association\/wp-content\/uploads\/2022\/03\/DSC05539-lac-1024x753.webp 1024w, https:\/\/www.aphyllanthe.fr\/association\/wp-content\/uploads\/2022\/03\/DSC05539-lac-300x221.webp 300w, https:\/\/www.aphyllanthe.fr\/association\/wp-content\/uploads\/2022\/03\/DSC05539-lac-768x565.webp 768w, https:\/\/www.aphyllanthe.fr\/association\/wp-content\/uploads\/2022\/03\/DSC05539-lac-1320x971.webp 1320w, https:\/\/www.aphyllanthe.fr\/association\/wp-content\/uploads\/2022\/03\/DSC05539-lac.webp 1468w\" sizes=\"auto, (max-width: 1024px) 100vw, 1024px\" \/><\/a><figcaption>Les rives du lac Ferrand, Ard\u00e8che : aquarelle de Claire Lasserre<\/figcaption><\/figure>\n\n\n\n<p>L&rsquo;Association envisage de pr\u00eater les murs de la biblioth\u00e8que r\u00e9guli\u00e8rement \u00e0 ses adh\u00e9rents pour l&rsquo;exposition de travaux artistiques.  Cette expo ne sera que la premi\u00e8re, nous l\u2019esp\u00e9rons, d&rsquo;une s\u00e9rie exposant les talents de nos adh\u00e9rents.  <\/p>\n\n\n\n<figure class=\"wp-block-image size-large\"><a href=\"https:\/\/www.aphyllanthe.fr\/association\/wp-content\/uploads\/2022\/03\/DSC05537-terris.webp\"><img loading=\"lazy\" decoding=\"async\" width=\"1024\" height=\"684\" src=\"https:\/\/www.aphyllanthe.fr\/association\/wp-content\/uploads\/2022\/03\/DSC05537-terris-1024x684.webp\" alt=\"\" class=\"wp-image-16067\" srcset=\"https:\/\/www.aphyllanthe.fr\/association\/wp-content\/uploads\/2022\/03\/DSC05537-terris-1024x684.webp 1024w, https:\/\/www.aphyllanthe.fr\/association\/wp-content\/uploads\/2022\/03\/DSC05537-terris-300x200.webp 300w, https:\/\/www.aphyllanthe.fr\/association\/wp-content\/uploads\/2022\/03\/DSC05537-terris-768x513.webp 768w, https:\/\/www.aphyllanthe.fr\/association\/wp-content\/uploads\/2022\/03\/DSC05537-terris-1536x1026.webp 1536w, https:\/\/www.aphyllanthe.fr\/association\/wp-content\/uploads\/2022\/03\/DSC05537-terris-1320x882.webp 1320w, https:\/\/www.aphyllanthe.fr\/association\/wp-content\/uploads\/2022\/03\/DSC05537-terris-900x600.webp 900w, https:\/\/www.aphyllanthe.fr\/association\/wp-content\/uploads\/2022\/03\/DSC05537-terris-620x413.webp 620w, https:\/\/www.aphyllanthe.fr\/association\/wp-content\/uploads\/2022\/03\/DSC05537-terris-400x267.webp 400w, https:\/\/www.aphyllanthe.fr\/association\/wp-content\/uploads\/2022\/03\/DSC05537-terris.webp 1617w\" sizes=\"auto, (max-width: 1024px) 100vw, 1024px\" \/><\/a><figcaption>La C\u00e8ze \u00e0 Terris : aquarelle de de Claire Lasserre<\/figcaption><\/figure>\n\n\n\n<p>Un quiz \u00e0 destination des visiteurs mettra le public, sp\u00e9cialement les enfants,  au d\u00e9fi de trouver la r\u00e9ponse \u00e0 quelques questions \u00ab\u00a0colle\u00a0\u00bb sur les \u0153uvres expos\u00e9es.  <\/p>\n\n\n\n<figure class=\"wp-block-image size-large\"><a href=\"https:\/\/www.aphyllanthe.fr\/association\/wp-content\/uploads\/2022\/03\/DSC03582-hortensia-lr.webp\"><img loading=\"lazy\" decoding=\"async\" width=\"1024\" height=\"683\" src=\"https:\/\/www.aphyllanthe.fr\/association\/wp-content\/uploads\/2022\/03\/DSC03582-hortensia-lr-1024x683.webp\" alt=\"\" class=\"wp-image-16072\" srcset=\"https:\/\/www.aphyllanthe.fr\/association\/wp-content\/uploads\/2022\/03\/DSC03582-hortensia-lr-1024x683.webp 1024w, https:\/\/www.aphyllanthe.fr\/association\/wp-content\/uploads\/2022\/03\/DSC03582-hortensia-lr-300x200.webp 300w, https:\/\/www.aphyllanthe.fr\/association\/wp-content\/uploads\/2022\/03\/DSC03582-hortensia-lr-768x512.webp 768w, https:\/\/www.aphyllanthe.fr\/association\/wp-content\/uploads\/2022\/03\/DSC03582-hortensia-lr-1536x1024.webp 1536w, https:\/\/www.aphyllanthe.fr\/association\/wp-content\/uploads\/2022\/03\/DSC03582-hortensia-lr-1320x880.webp 1320w, https:\/\/www.aphyllanthe.fr\/association\/wp-content\/uploads\/2022\/03\/DSC03582-hortensia-lr.webp 1620w\" sizes=\"auto, (max-width: 1024px) 100vw, 1024px\" \/><\/a><figcaption>Hortensia en fleurs : photo de Jim Cluchey<\/figcaption><\/figure>\n\n\n\n<p>Une animation par les artistes est pr\u00e9vue courant mars pour le centre de loisirs et pour l&rsquo;\u00e9cole. Surveillez nos infolettres pour avoir des nouvelles fra\u00eeches !<\/p>\n\n\n\n<p>En attendant &#8211; voici quelques photos de la mise en place. <\/p>\n\n\n\n<figure class=\"wp-block-gallery has-nested-images columns-default is-cropped wp-block-gallery-2 is-layout-flex wp-block-gallery-is-layout-flex\">\n<figure class=\"wp-block-image size-large\"><a href=\"https:\/\/www.aphyllanthe.fr\/association\/wp-content\/uploads\/2022\/03\/DSC0547767ev-Grand.webp\"><img loading=\"lazy\" decoding=\"async\" width=\"1620\" height=\"1080\" data-id=\"16070\" src=\"https:\/\/www.aphyllanthe.fr\/association\/wp-content\/uploads\/2022\/03\/DSC0547767ev-Grand.webp\" alt=\"\" class=\"wp-image-16070\" srcset=\"https:\/\/www.aphyllanthe.fr\/association\/wp-content\/uploads\/2022\/03\/DSC0547767ev-Grand.webp 1620w, https:\/\/www.aphyllanthe.fr\/association\/wp-content\/uploads\/2022\/03\/DSC0547767ev-Grand-300x200.webp 300w, https:\/\/www.aphyllanthe.fr\/association\/wp-content\/uploads\/2022\/03\/DSC0547767ev-Grand-1024x683.webp 1024w, https:\/\/www.aphyllanthe.fr\/association\/wp-content\/uploads\/2022\/03\/DSC0547767ev-Grand-768x512.webp 768w, https:\/\/www.aphyllanthe.fr\/association\/wp-content\/uploads\/2022\/03\/DSC0547767ev-Grand-1536x1024.webp 1536w, https:\/\/www.aphyllanthe.fr\/association\/wp-content\/uploads\/2022\/03\/DSC0547767ev-Grand-1320x880.webp 1320w, https:\/\/www.aphyllanthe.fr\/association\/wp-content\/uploads\/2022\/03\/DSC0547767ev-Grand-900x600.webp 900w, https:\/\/www.aphyllanthe.fr\/association\/wp-content\/uploads\/2022\/03\/DSC0547767ev-Grand-620x413.webp 620w, https:\/\/www.aphyllanthe.fr\/association\/wp-content\/uploads\/2022\/03\/DSC0547767ev-Grand-400x267.webp 400w\" sizes=\"auto, (max-width: 1620px) 100vw, 1620px\" \/><\/a><figcaption>On ajuste les cimaises<\/figcaption><\/figure>\n\n\n\n<figure class=\"wp-block-image size-large\"><a href=\"https:\/\/www.aphyllanthe.fr\/association\/wp-content\/uploads\/2022\/03\/DSC0547967ev-Grand.webp\"><img loading=\"lazy\" decoding=\"async\" width=\"1620\" height=\"1080\" data-id=\"16069\" src=\"https:\/\/www.aphyllanthe.fr\/association\/wp-content\/uploads\/2022\/03\/DSC0547967ev-Grand.webp\" alt=\"\" class=\"wp-image-16069\" srcset=\"https:\/\/www.aphyllanthe.fr\/association\/wp-content\/uploads\/2022\/03\/DSC0547967ev-Grand.webp 1620w, https:\/\/www.aphyllanthe.fr\/association\/wp-content\/uploads\/2022\/03\/DSC0547967ev-Grand-300x200.webp 300w, https:\/\/www.aphyllanthe.fr\/association\/wp-content\/uploads\/2022\/03\/DSC0547967ev-Grand-1024x683.webp 1024w, https:\/\/www.aphyllanthe.fr\/association\/wp-content\/uploads\/2022\/03\/DSC0547967ev-Grand-768x512.webp 768w, https:\/\/www.aphyllanthe.fr\/association\/wp-content\/uploads\/2022\/03\/DSC0547967ev-Grand-1536x1024.webp 1536w, https:\/\/www.aphyllanthe.fr\/association\/wp-content\/uploads\/2022\/03\/DSC0547967ev-Grand-1320x880.webp 1320w, https:\/\/www.aphyllanthe.fr\/association\/wp-content\/uploads\/2022\/03\/DSC0547967ev-Grand-900x600.webp 900w, https:\/\/www.aphyllanthe.fr\/association\/wp-content\/uploads\/2022\/03\/DSC0547967ev-Grand-620x413.webp 620w, https:\/\/www.aphyllanthe.fr\/association\/wp-content\/uploads\/2022\/03\/DSC0547967ev-Grand-400x267.webp 400w\" sizes=\"auto, (max-width: 1620px) 100vw, 1620px\" \/><\/a><figcaption>C&rsquo;est presque bon<\/figcaption><\/figure>\n\n\n\n<figure class=\"wp-block-image size-large\"><a href=\"https:\/\/www.aphyllanthe.fr\/association\/wp-content\/uploads\/2022\/03\/DSC0548167ev-Grand.webp\"><img loading=\"lazy\" decoding=\"async\" width=\"1620\" height=\"1080\" data-id=\"16068\" src=\"https:\/\/www.aphyllanthe.fr\/association\/wp-content\/uploads\/2022\/03\/DSC0548167ev-Grand.webp\" alt=\"\" class=\"wp-image-16068\" srcset=\"https:\/\/www.aphyllanthe.fr\/association\/wp-content\/uploads\/2022\/03\/DSC0548167ev-Grand.webp 1620w, https:\/\/www.aphyllanthe.fr\/association\/wp-content\/uploads\/2022\/03\/DSC0548167ev-Grand-300x200.webp 300w, https:\/\/www.aphyllanthe.fr\/association\/wp-content\/uploads\/2022\/03\/DSC0548167ev-Grand-1024x683.webp 1024w, https:\/\/www.aphyllanthe.fr\/association\/wp-content\/uploads\/2022\/03\/DSC0548167ev-Grand-768x512.webp 768w, https:\/\/www.aphyllanthe.fr\/association\/wp-content\/uploads\/2022\/03\/DSC0548167ev-Grand-1536x1024.webp 1536w, https:\/\/www.aphyllanthe.fr\/association\/wp-content\/uploads\/2022\/03\/DSC0548167ev-Grand-1320x880.webp 1320w, https:\/\/www.aphyllanthe.fr\/association\/wp-content\/uploads\/2022\/03\/DSC0548167ev-Grand-900x600.webp 900w, https:\/\/www.aphyllanthe.fr\/association\/wp-content\/uploads\/2022\/03\/DSC0548167ev-Grand-620x413.webp 620w, https:\/\/www.aphyllanthe.fr\/association\/wp-content\/uploads\/2022\/03\/DSC0548167ev-Grand-400x267.webp 400w\" sizes=\"auto, (max-width: 1620px) 100vw, 1620px\" \/><\/a><figcaption>Non mais reflechissons<\/figcaption><\/figure>\n\n\n\n<figure class=\"wp-block-image size-large\"><a href=\"https:\/\/www.aphyllanthe.fr\/association\/wp-content\/uploads\/2022\/03\/DSC0547133ev-Grand.webp\"><img loading=\"lazy\" decoding=\"async\" width=\"1620\" height=\"1080\" data-id=\"16065\" src=\"https:\/\/www.aphyllanthe.fr\/association\/wp-content\/uploads\/2022\/03\/DSC0547133ev-Grand.webp\" alt=\"\" class=\"wp-image-16065\" srcset=\"https:\/\/www.aphyllanthe.fr\/association\/wp-content\/uploads\/2022\/03\/DSC0547133ev-Grand.webp 1620w, https:\/\/www.aphyllanthe.fr\/association\/wp-content\/uploads\/2022\/03\/DSC0547133ev-Grand-300x200.webp 300w, https:\/\/www.aphyllanthe.fr\/association\/wp-content\/uploads\/2022\/03\/DSC0547133ev-Grand-1024x683.webp 1024w, https:\/\/www.aphyllanthe.fr\/association\/wp-content\/uploads\/2022\/03\/DSC0547133ev-Grand-768x512.webp 768w, https:\/\/www.aphyllanthe.fr\/association\/wp-content\/uploads\/2022\/03\/DSC0547133ev-Grand-1536x1024.webp 1536w, https:\/\/www.aphyllanthe.fr\/association\/wp-content\/uploads\/2022\/03\/DSC0547133ev-Grand-1320x880.webp 1320w, https:\/\/www.aphyllanthe.fr\/association\/wp-content\/uploads\/2022\/03\/DSC0547133ev-Grand-900x600.webp 900w, https:\/\/www.aphyllanthe.fr\/association\/wp-content\/uploads\/2022\/03\/DSC0547133ev-Grand-620x413.webp 620w, https:\/\/www.aphyllanthe.fr\/association\/wp-content\/uploads\/2022\/03\/DSC0547133ev-Grand-400x267.webp 400w\" sizes=\"auto, (max-width: 1620px) 100vw, 1620px\" \/><\/a><figcaption>Pause discussion<\/figcaption><\/figure>\n\n\n\n<figure class=\"wp-block-image size-large\"><a href=\"https:\/\/www.aphyllanthe.fr\/association\/wp-content\/uploads\/2022\/03\/DSC0547233ev-Grand.webp\"><img loading=\"lazy\" decoding=\"async\" width=\"1620\" height=\"1080\" data-id=\"16064\" src=\"https:\/\/www.aphyllanthe.fr\/association\/wp-content\/uploads\/2022\/03\/DSC0547233ev-Grand.webp\" alt=\"\" class=\"wp-image-16064\" srcset=\"https:\/\/www.aphyllanthe.fr\/association\/wp-content\/uploads\/2022\/03\/DSC0547233ev-Grand.webp 1620w, https:\/\/www.aphyllanthe.fr\/association\/wp-content\/uploads\/2022\/03\/DSC0547233ev-Grand-300x200.webp 300w, https:\/\/www.aphyllanthe.fr\/association\/wp-content\/uploads\/2022\/03\/DSC0547233ev-Grand-1024x683.webp 1024w, https:\/\/www.aphyllanthe.fr\/association\/wp-content\/uploads\/2022\/03\/DSC0547233ev-Grand-768x512.webp 768w, https:\/\/www.aphyllanthe.fr\/association\/wp-content\/uploads\/2022\/03\/DSC0547233ev-Grand-1536x1024.webp 1536w, https:\/\/www.aphyllanthe.fr\/association\/wp-content\/uploads\/2022\/03\/DSC0547233ev-Grand-1320x880.webp 1320w, https:\/\/www.aphyllanthe.fr\/association\/wp-content\/uploads\/2022\/03\/DSC0547233ev-Grand-900x600.webp 900w, https:\/\/www.aphyllanthe.fr\/association\/wp-content\/uploads\/2022\/03\/DSC0547233ev-Grand-620x413.webp 620w, https:\/\/www.aphyllanthe.fr\/association\/wp-content\/uploads\/2022\/03\/DSC0547233ev-Grand-400x267.webp 400w\" sizes=\"auto, (max-width: 1620px) 100vw, 1620px\" \/><\/a><figcaption>Ce n&rsquo;est pas encore cela<\/figcaption><\/figure>\n\n\n\n<figure class=\"wp-block-image size-large\"><a href=\"https:\/\/www.aphyllanthe.fr\/association\/wp-content\/uploads\/2022\/03\/DSC054731ev-Grand.webp\"><img loading=\"lazy\" decoding=\"async\" width=\"1620\" height=\"1080\" data-id=\"16063\" src=\"https:\/\/www.aphyllanthe.fr\/association\/wp-content\/uploads\/2022\/03\/DSC054731ev-Grand.webp\" alt=\"\" class=\"wp-image-16063\" srcset=\"https:\/\/www.aphyllanthe.fr\/association\/wp-content\/uploads\/2022\/03\/DSC054731ev-Grand.webp 1620w, https:\/\/www.aphyllanthe.fr\/association\/wp-content\/uploads\/2022\/03\/DSC054731ev-Grand-300x200.webp 300w, https:\/\/www.aphyllanthe.fr\/association\/wp-content\/uploads\/2022\/03\/DSC054731ev-Grand-1024x683.webp 1024w, https:\/\/www.aphyllanthe.fr\/association\/wp-content\/uploads\/2022\/03\/DSC054731ev-Grand-768x512.webp 768w, https:\/\/www.aphyllanthe.fr\/association\/wp-content\/uploads\/2022\/03\/DSC054731ev-Grand-1536x1024.webp 1536w, https:\/\/www.aphyllanthe.fr\/association\/wp-content\/uploads\/2022\/03\/DSC054731ev-Grand-1320x880.webp 1320w, https:\/\/www.aphyllanthe.fr\/association\/wp-content\/uploads\/2022\/03\/DSC054731ev-Grand-900x600.webp 900w, https:\/\/www.aphyllanthe.fr\/association\/wp-content\/uploads\/2022\/03\/DSC054731ev-Grand-620x413.webp 620w, https:\/\/www.aphyllanthe.fr\/association\/wp-content\/uploads\/2022\/03\/DSC054731ev-Grand-400x267.webp 400w\" sizes=\"auto, (max-width: 1620px) 100vw, 1620px\" \/><\/a><figcaption>Les aquarelles sont en place<\/figcaption><\/figure>\n\n\n\n<figure class=\"wp-block-image size-large\"><a href=\"https:\/\/www.aphyllanthe.fr\/association\/wp-content\/uploads\/2022\/03\/DSC054741evwhitept-Grand.webp\"><img loading=\"lazy\" decoding=\"async\" width=\"1620\" height=\"1080\" data-id=\"16062\" src=\"https:\/\/www.aphyllanthe.fr\/association\/wp-content\/uploads\/2022\/03\/DSC054741evwhitept-Grand.webp\" alt=\"\" class=\"wp-image-16062\" srcset=\"https:\/\/www.aphyllanthe.fr\/association\/wp-content\/uploads\/2022\/03\/DSC054741evwhitept-Grand.webp 1620w, https:\/\/www.aphyllanthe.fr\/association\/wp-content\/uploads\/2022\/03\/DSC054741evwhitept-Grand-300x200.webp 300w, https:\/\/www.aphyllanthe.fr\/association\/wp-content\/uploads\/2022\/03\/DSC054741evwhitept-Grand-1024x683.webp 1024w, https:\/\/www.aphyllanthe.fr\/association\/wp-content\/uploads\/2022\/03\/DSC054741evwhitept-Grand-768x512.webp 768w, https:\/\/www.aphyllanthe.fr\/association\/wp-content\/uploads\/2022\/03\/DSC054741evwhitept-Grand-1536x1024.webp 1536w, https:\/\/www.aphyllanthe.fr\/association\/wp-content\/uploads\/2022\/03\/DSC054741evwhitept-Grand-1320x880.webp 1320w, https:\/\/www.aphyllanthe.fr\/association\/wp-content\/uploads\/2022\/03\/DSC054741evwhitept-Grand-900x600.webp 900w, https:\/\/www.aphyllanthe.fr\/association\/wp-content\/uploads\/2022\/03\/DSC054741evwhitept-Grand-620x413.webp 620w, https:\/\/www.aphyllanthe.fr\/association\/wp-content\/uploads\/2022\/03\/DSC054741evwhitept-Grand-400x267.webp 400w\" sizes=\"auto, (max-width: 1620px) 100vw, 1620px\" \/><\/a><figcaption>Une photo recalcitrante<\/figcaption><\/figure>\n\n\n\n<figure class=\"wp-block-image size-large\"><a href=\"https:\/\/www.aphyllanthe.fr\/association\/wp-content\/uploads\/2022\/03\/DSC0547667ev-Grand.webp\"><img loading=\"lazy\" decoding=\"async\" width=\"1620\" height=\"1080\" data-id=\"16061\" src=\"https:\/\/www.aphyllanthe.fr\/association\/wp-content\/uploads\/2022\/03\/DSC0547667ev-Grand.webp\" alt=\"\" class=\"wp-image-16061\" srcset=\"https:\/\/www.aphyllanthe.fr\/association\/wp-content\/uploads\/2022\/03\/DSC0547667ev-Grand.webp 1620w, https:\/\/www.aphyllanthe.fr\/association\/wp-content\/uploads\/2022\/03\/DSC0547667ev-Grand-300x200.webp 300w, https:\/\/www.aphyllanthe.fr\/association\/wp-content\/uploads\/2022\/03\/DSC0547667ev-Grand-1024x683.webp 1024w, https:\/\/www.aphyllanthe.fr\/association\/wp-content\/uploads\/2022\/03\/DSC0547667ev-Grand-768x512.webp 768w, https:\/\/www.aphyllanthe.fr\/association\/wp-content\/uploads\/2022\/03\/DSC0547667ev-Grand-1536x1024.webp 1536w, https:\/\/www.aphyllanthe.fr\/association\/wp-content\/uploads\/2022\/03\/DSC0547667ev-Grand-1320x880.webp 1320w, https:\/\/www.aphyllanthe.fr\/association\/wp-content\/uploads\/2022\/03\/DSC0547667ev-Grand-900x600.webp 900w, https:\/\/www.aphyllanthe.fr\/association\/wp-content\/uploads\/2022\/03\/DSC0547667ev-Grand-620x413.webp 620w, https:\/\/www.aphyllanthe.fr\/association\/wp-content\/uploads\/2022\/03\/DSC0547667ev-Grand-400x267.webp 400w\" sizes=\"auto, (max-width: 1620px) 100vw, 1620px\" \/><\/a><figcaption>On ajuste<\/figcaption><\/figure>\n<\/figure>\n","protected":false},"excerpt":{"rendered":"<p>Samedi 5 mars, une nouvelle exposition de tableaux et de photos s&rsquo;est mise en place \u00e0 la biblioth\u00e8que d&rsquo;Aigaliers. Pendant 2 mois l\u2019aquarelliste et peintre Claire Lasserre et le photographe Jim Cluchey exposent quelques unes de leurs \u0153uvres sur le th\u00e8me du printemps et de la nature sous toutes ses formes. Claire expose environ 12 &hellip; <a href=\"https:\/\/www.aphyllanthe.fr\/association\/nouvelle-exposition-a-la-bibliotheque\/\" class=\"more-link\">Continuer la lecture de <span class=\"screen-reader-text\">Nouvelle exposition \u00e0 la biblioth\u00e8que<\/span>  <span class=\"meta-nav\">&rarr;<\/span><\/a><\/p>\n","protected":false},"author":1,"featured_media":16066,"comment_status":"closed","ping_status":"closed","sticky":false,"template":"","format":"standard","meta":{"footnotes":""},"categories":[2,3],"tags":[],"class_list":["post-16071","post","type-post","status-publish","format-standard","has-post-thumbnail","hentry","category-chronique-bibliotheque","category-reportage"],"_links":{"self":[{"href":"https:\/\/www.aphyllanthe.fr\/association\/wp-json\/wp\/v2\/posts\/16071","targetHints":{"allow":["GET"]}}],"collection":[{"href":"https:\/\/www.aphyllanthe.fr\/association\/wp-json\/wp\/v2\/posts"}],"about":[{"href":"https:\/\/www.aphyllanthe.fr\/association\/wp-json\/wp\/v2\/types\/post"}],"author":[{"embeddable":true,"href":"https:\/\/www.aphyllanthe.fr\/association\/wp-json\/wp\/v2\/users\/1"}],"replies":[{"embeddable":true,"href":"https:\/\/www.aphyllanthe.fr\/association\/wp-json\/wp\/v2\/comments?post=16071"}],"version-history":[{"count":7,"href":"https:\/\/www.aphyllanthe.fr\/association\/wp-json\/wp\/v2\/posts\/16071\/revisions"}],"predecessor-version":[{"id":16108,"href":"https:\/\/www.aphyllanthe.fr\/association\/wp-json\/wp\/v2\/posts\/16071\/revisions\/16108"}],"wp:featuredmedia":[{"embeddable":true,"href":"https:\/\/www.aphyllanthe.fr\/association\/wp-json\/wp\/v2\/media\/16066"}],"wp:attachment":[{"href":"https:\/\/www.aphyllanthe.fr\/association\/wp-json\/wp\/v2\/media?parent=16071"}],"wp:term":[{"taxonomy":"category","embeddable":true,"href":"https:\/\/www.aphyllanthe.fr\/association\/wp-json\/wp\/v2\/categories?post=16071"},{"taxonomy":"post_tag","embeddable":true,"href":"https:\/\/www.aphyllanthe.fr\/association\/wp-json\/wp\/v2\/tags?post=16071"}],"curies":[{"name":"wp","href":"https:\/\/api.w.org\/{rel}","templated":true}]}}