{"id":16143,"date":"2022-03-21T13:29:57","date_gmt":"2022-03-21T12:29:57","guid":{"rendered":"https:\/\/www.aphyllanthe.fr\/association\/?p=16143"},"modified":"2022-03-29T12:25:15","modified_gmt":"2022-03-29T11:25:15","slug":"retour-sur-la-visite-de-lusine-de-bollene","status":"publish","type":"post","link":"https:\/\/www.aphyllanthe.fr\/association\/retour-sur-la-visite-de-lusine-de-bollene\/","title":{"rendered":"Retour sur la visite de l&rsquo;usine de Boll\u00e8ne"},"content":{"rendered":"\n<p class=\"has-background\" style=\"background-color:#7bcaf3\">Ils furent 16 courageux \u00e0 affronter la pluie pour aller visiter l&rsquo;imposante usine hydro\u00e9lectrique de Boll\u00e8ne dimanche 13 mars.  La passionnante guide-conf\u00e9renci\u00e8re leur d\u00e9voila tous les secrets de cette structure hors normes qui a su \u00e9voluer en s&rsquo;adaptant aux progr\u00e8s technologiques.<\/p>\n\n\n\n<p>Situ\u00e9e sur l&rsquo;\u00e9cluse de Donz\u00e8re-Mondragon, la  centrale hydro\u00e9lectrique a \u00e9t\u00e9 mise en service pour la premi\u00e8re fois en 1952. C&rsquo;\u00e9tait alors la plus grande \u00e9cluse du monde, et la centrale la plus productive d&rsquo;Europe.<\/p>\n\n\n\n<p>Avec le temps, elle s&rsquo;est orient\u00e9e vers les autres \u00e9nergies renouvelables : un parc photovolta\u00efque et un parc \u00e9olien permettent aujourd\u2019hui  d&rsquo;augmenter la capacit\u00e9 de production d&rsquo;\u00e9lectricit\u00e9. <\/p>\n\n\n\n<p>Les projets d&rsquo;avenir sont d\u00e9j\u00e0 dans les tuyaux avec le d\u00e9ploiement de la recherche  de solutions permettant de stocker l\u2019\u00e9nergie sous forme gazeuse avec la production d\u2019hydrog\u00e8ne vert.<\/p>\n\n\n\n<div class=\"wp-block-image\"><figure class=\"aligncenter size-full\"><a href=\"https:\/\/www.aphyllanthe.fr\/association\/wp-content\/uploads\/2022\/03\/BOLLENE-VISITE.webp\"><img loading=\"lazy\" decoding=\"async\" width=\"700\" height=\"459\" src=\"https:\/\/www.aphyllanthe.fr\/association\/wp-content\/uploads\/2022\/03\/BOLLENE-VISITE.webp\" alt=\"\" class=\"wp-image-16145\" srcset=\"https:\/\/www.aphyllanthe.fr\/association\/wp-content\/uploads\/2022\/03\/BOLLENE-VISITE.webp 700w, https:\/\/www.aphyllanthe.fr\/association\/wp-content\/uploads\/2022\/03\/BOLLENE-VISITE-300x197.webp 300w\" sizes=\"auto, (max-width: 700px) 100vw, 700px\" \/><\/a><\/figure><\/div>\n\n\n\n<p>La famille ROSCOU\u00cbT a eu la gentillesse de nous faire un retour sur leur visite :<\/p>\n\n\n\n<p><em>Une visite guid\u00e9e ludique et p\u00e9dagogique qui a ravi toute la famille. Des machines aux dimensions hors normes qui mettent en avant un savoir faire innovant et robuste qui perdure depuis plus de 50 ans. Un patrimoine architectural historique qui r\u00e9pond de mani\u00e8re contemporaine aux questions \u00e9nerg\u00e9tiques actuelles.<\/em><br \/><\/p>\n","protected":false},"excerpt":{"rendered":"<p>Ils furent 16 courageux \u00e0 affronter la pluie pour aller visiter l&rsquo;imposante usine hydro\u00e9lectrique de Boll\u00e8ne dimanche 13 mars. La passionnante guide-conf\u00e9renci\u00e8re leur d\u00e9voila tous les secrets de cette structure hors normes qui a su \u00e9voluer en s&rsquo;adaptant aux progr\u00e8s technologiques. Situ\u00e9e sur l&rsquo;\u00e9cluse de Donz\u00e8re-Mondragon, la centrale hydro\u00e9lectrique a \u00e9t\u00e9 mise en service pour &hellip; <a href=\"https:\/\/www.aphyllanthe.fr\/association\/retour-sur-la-visite-de-lusine-de-bollene\/\" class=\"more-link\">Continuer la lecture de <span class=\"screen-reader-text\">Retour sur la visite de l&rsquo;usine de Boll\u00e8ne<\/span>  <span class=\"meta-nav\">&rarr;<\/span><\/a><\/p>\n","protected":false},"author":10,"featured_media":16145,"comment_status":"closed","ping_status":"closed","sticky":false,"template":"","format":"standard","meta":{"footnotes":""},"categories":[3],"tags":[],"class_list":["post-16143","post","type-post","status-publish","format-standard","has-post-thumbnail","hentry","category-reportage"],"_links":{"self":[{"href":"https:\/\/www.aphyllanthe.fr\/association\/wp-json\/wp\/v2\/posts\/16143","targetHints":{"allow":["GET"]}}],"collection":[{"href":"https:\/\/www.aphyllanthe.fr\/association\/wp-json\/wp\/v2\/posts"}],"about":[{"href":"https:\/\/www.aphyllanthe.fr\/association\/wp-json\/wp\/v2\/types\/post"}],"author":[{"embeddable":true,"href":"https:\/\/www.aphyllanthe.fr\/association\/wp-json\/wp\/v2\/users\/10"}],"replies":[{"embeddable":true,"href":"https:\/\/www.aphyllanthe.fr\/association\/wp-json\/wp\/v2\/comments?post=16143"}],"version-history":[{"count":15,"href":"https:\/\/www.aphyllanthe.fr\/association\/wp-json\/wp\/v2\/posts\/16143\/revisions"}],"predecessor-version":[{"id":16163,"href":"https:\/\/www.aphyllanthe.fr\/association\/wp-json\/wp\/v2\/posts\/16143\/revisions\/16163"}],"wp:featuredmedia":[{"embeddable":true,"href":"https:\/\/www.aphyllanthe.fr\/association\/wp-json\/wp\/v2\/media\/16145"}],"wp:attachment":[{"href":"https:\/\/www.aphyllanthe.fr\/association\/wp-json\/wp\/v2\/media?parent=16143"}],"wp:term":[{"taxonomy":"category","embeddable":true,"href":"https:\/\/www.aphyllanthe.fr\/association\/wp-json\/wp\/v2\/categories?post=16143"},{"taxonomy":"post_tag","embeddable":true,"href":"https:\/\/www.aphyllanthe.fr\/association\/wp-json\/wp\/v2\/tags?post=16143"}],"curies":[{"name":"wp","href":"https:\/\/api.w.org\/{rel}","templated":true}]}}