{"id":16187,"date":"2022-03-31T10:31:08","date_gmt":"2022-03-31T09:31:08","guid":{"rendered":"https:\/\/www.aphyllanthe.fr\/association\/?p=16187"},"modified":"2022-04-17T21:01:29","modified_gmt":"2022-04-17T20:01:29","slug":"au-theatre-ce-soir-lavare","status":"publish","type":"post","link":"https:\/\/www.aphyllanthe.fr\/association\/au-theatre-ce-soir-lavare\/","title":{"rendered":"Au th\u00e9\u00e2tre ce soir : L&rsquo;avare"},"content":{"rendered":"\n<p class=\"has-drop-cap has-text-color has-background\" style=\"background-color:#ff8383;color:#470909\">Toujours dans le cadre du quadruple centenaire de Moli\u00e8re, l&rsquo;Aphyllanthe vous propose une s\u00e9ance de th\u00e9\u00e2tre au cin\u00e9ma au Capitole d&rsquo;Uz\u00e8s <strong>mardi 12 avril \u00e0 20h10 <\/strong>pour une repr\u00e9sentation  en direct <strong> <\/strong>de <strong>L&rsquo;avare<\/strong>.<\/p>\n\n\n\n<h3 class=\"wp-block-heading\">Synopsis<\/h3>\n\n\n\n<p>Harpagon, riche veuf, est obs\u00e9d\u00e9 par l\u2019argent. Son avarice fait obstacle aux projets amoureux de ses deux enfants : \u00c9lise, amoureuse de Val\u00e8re, un gentilhomme napolitain au service de son p\u00e8re, et Cl\u00e9ante, qui souhaite \u00e9pouser Mariane, une jeune orpheline sans fortune.<br \/>Quand il apprend que son fils est son rival aupr\u00e8s de la belle Mariane et qu\u2019une cassette pleine d\u2019or lui a \u00e9t\u00e9 d\u00e9rob\u00e9e, sa fureur est \u00e0 son comble\u2026<\/p>\n\n\n\n<div class=\"wp-block-columns is-layout-flex wp-container-core-columns-is-layout-9d6595d7 wp-block-columns-is-layout-flex\">\n<div class=\"wp-block-column is-layout-flow wp-block-column-is-layout-flow\">\n<h5 class=\"wp-block-heading\">Com\u00e9die en 5 actes<br \/>Mise en sc\u00e8ne Lilo Baur<\/h5>\n\n\n\n<h5 class=\"wp-block-heading\"><br \/>Pour en savoir plus sur la mise en sc\u00e8ne et les acteurs, <a href=\"https:\/\/www.comedie-francaise.fr\/fr\/evenements\/lavare2122#\" target=\"_blank\" rel=\"noreferrer noopener\"><strong>c\u2019est l\u00e0.<\/strong><\/a><\/h5>\n<\/div>\n\n\n\n<div class=\"wp-block-column is-layout-flow wp-block-column-is-layout-flow\">\n<figure class=\"wp-block-image size-full\"><a href=\"https:\/\/www.aphyllanthe.fr\/association\/wp-content\/uploads\/2022\/03\/avare.png\"><img loading=\"lazy\" decoding=\"async\" width=\"471\" height=\"303\" src=\"https:\/\/www.aphyllanthe.fr\/association\/wp-content\/uploads\/2022\/03\/avare.png\" alt=\"\" class=\"wp-image-16189\" srcset=\"https:\/\/www.aphyllanthe.fr\/association\/wp-content\/uploads\/2022\/03\/avare.png 471w, https:\/\/www.aphyllanthe.fr\/association\/wp-content\/uploads\/2022\/03\/avare-300x193.png 300w\" sizes=\"auto, (max-width: 471px) 100vw, 471px\" \/><\/a><\/figure>\n<\/div>\n<\/div>\n\n\n\n<p>La mise en sc\u00e8ne de Lilo Baur rel\u00e8ve toutes les couleurs d\u2019une com\u00e9die  \u00e9tonnante de modernit\u00e9. Elle situe la pi\u00e8ce dans la p\u00e9riode d\u2019apr\u00e8s-guerre, \u00e0 la fois proche de nous mais loin de l\u2019\u00e9mancipation f\u00e9minine gagn\u00e9e depuis. Son imagination d\u00e9bordante exploite le comique de situation de ce texte aux sc\u00e8nes l\u00e9gendaires et met en valeur \u00ables sentiments exacerb\u00e9s de la jeunesse, amoureuse ou enrag\u00e9e\u00bb.<\/p>\n\n\n\n<h3 class=\"wp-block-heading\">Tarifs<\/h3>\n\n\n\n<figure class=\"wp-block-table is-style-stripes\"><table><tbody><tr><td><\/td><td class=\"has-text-align-center\" data-align=\"center\">Adh\u00e9rents<\/td><td class=\"has-text-align-center\" data-align=\"center\">Non adh\u00e9rents<\/td><\/tr><tr><td>Adultes<\/td><td class=\"has-text-align-center\" data-align=\"center\">9 \u20ac<\/td><td class=\"has-text-align-center\" data-align=\"center\">18 \u20ac<\/td><\/tr><tr><td>Enfants<\/td><td class=\"has-text-align-center\" data-align=\"center\">-18 ans : offert<\/td><td class=\"has-text-align-center\" data-align=\"center\">-16 ans : 10 \u20ac<\/td><\/tr><\/tbody><\/table><\/figure>\n\n\n\n<p><strong>Inscription obligatoire<\/strong> aupr\u00e8s du secr\u00e9tariat de l\u2019Aphyllanthe aux heures d\u2019ouverture, par t\u00e9l. au 04 66 22 10 20 ou mail : aphyllanthe@orange.fr.<\/p>\n","protected":false},"excerpt":{"rendered":"<p>Toujours dans le cadre du quadruple centenaire de Moli\u00e8re, l&rsquo;Aphyllanthe vous propose une s\u00e9ance de th\u00e9\u00e2tre au cin\u00e9ma au Capitole d&rsquo;Uz\u00e8s mardi 12 avril \u00e0 20h10 pour une repr\u00e9sentation en direct de L&rsquo;avare. Synopsis Harpagon, riche veuf, est obs\u00e9d\u00e9 par l\u2019argent. Son avarice fait obstacle aux projets amoureux de ses deux enfants : \u00c9lise, amoureuse &hellip; <a href=\"https:\/\/www.aphyllanthe.fr\/association\/au-theatre-ce-soir-lavare\/\" class=\"more-link\">Continuer la lecture de <span class=\"screen-reader-text\">Au th\u00e9\u00e2tre ce soir : L&rsquo;avare<\/span>  <span class=\"meta-nav\">&rarr;<\/span><\/a><\/p>\n","protected":false},"author":10,"featured_media":16196,"comment_status":"closed","ping_status":"closed","sticky":false,"template":"","format":"standard","meta":{"footnotes":""},"categories":[4],"tags":[],"class_list":["post-16187","post","type-post","status-publish","format-standard","has-post-thumbnail","hentry","category-annonce"],"_links":{"self":[{"href":"https:\/\/www.aphyllanthe.fr\/association\/wp-json\/wp\/v2\/posts\/16187","targetHints":{"allow":["GET"]}}],"collection":[{"href":"https:\/\/www.aphyllanthe.fr\/association\/wp-json\/wp\/v2\/posts"}],"about":[{"href":"https:\/\/www.aphyllanthe.fr\/association\/wp-json\/wp\/v2\/types\/post"}],"author":[{"embeddable":true,"href":"https:\/\/www.aphyllanthe.fr\/association\/wp-json\/wp\/v2\/users\/10"}],"replies":[{"embeddable":true,"href":"https:\/\/www.aphyllanthe.fr\/association\/wp-json\/wp\/v2\/comments?post=16187"}],"version-history":[{"count":18,"href":"https:\/\/www.aphyllanthe.fr\/association\/wp-json\/wp\/v2\/posts\/16187\/revisions"}],"predecessor-version":[{"id":16207,"href":"https:\/\/www.aphyllanthe.fr\/association\/wp-json\/wp\/v2\/posts\/16187\/revisions\/16207"}],"wp:featuredmedia":[{"embeddable":true,"href":"https:\/\/www.aphyllanthe.fr\/association\/wp-json\/wp\/v2\/media\/16196"}],"wp:attachment":[{"href":"https:\/\/www.aphyllanthe.fr\/association\/wp-json\/wp\/v2\/media?parent=16187"}],"wp:term":[{"taxonomy":"category","embeddable":true,"href":"https:\/\/www.aphyllanthe.fr\/association\/wp-json\/wp\/v2\/categories?post=16187"},{"taxonomy":"post_tag","embeddable":true,"href":"https:\/\/www.aphyllanthe.fr\/association\/wp-json\/wp\/v2\/tags?post=16187"}],"curies":[{"name":"wp","href":"https:\/\/api.w.org\/{rel}","templated":true}]}}