{"id":16511,"date":"2022-05-25T08:41:44","date_gmt":"2022-05-25T07:41:44","guid":{"rendered":"https:\/\/www.aphyllanthe.fr\/association\/?p=16511"},"modified":"2022-06-22T14:43:20","modified_gmt":"2022-06-22T13:43:20","slug":"realiser-des-fuseaux-de-lavande","status":"publish","type":"post","link":"https:\/\/www.aphyllanthe.fr\/association\/realiser-des-fuseaux-de-lavande\/","title":{"rendered":"R\u00e9aliser des fuseaux de lavande"},"content":{"rendered":"\n<p class=\"has-text-color has-background\" style=\"background-color:#aba0bc;color:#461954\"><strong>Le 13 juin \u00e0 14h30<\/strong>, dans les locaux de l&rsquo;Aphyllanthe, Marie-\u00c9tienne se propose de vous initier \u00e0 la r\u00e9alisation de fuseaux de lavande qui embaumeront vos armoires et \u00e9loigneront les mites. <\/p>\n\n\n\n<div class=\"wp-block-columns is-layout-flex wp-container-core-columns-is-layout-9d6595d7 wp-block-columns-is-layout-flex\">\n<div class=\"wp-block-column is-layout-flow wp-block-column-is-layout-flow\">\n<p><strong>Mat\u00e9riel n\u00e9cessaire<\/strong> :<\/p>\n\n\n\n<ul class=\"wp-block-list\"><li>30 brins de lavande frais et en fleurs<\/li><li>2m50 de ruban satin ou soie de 6mm<\/li><li>une paire de ciseaux<\/li><\/ul>\n\n\n\n<p>Un stock de rubans sera disponible sur place le cas \u00e9ch\u00e9ant.<\/p>\n\n\n\n<p>Dur\u00e9e : pr\u00e9voir 2h<\/p>\n<\/div>\n\n\n\n<div class=\"wp-block-column is-layout-flow wp-block-column-is-layout-flow\">\n<figure class=\"wp-block-image size-full\"><a href=\"https:\/\/www.aphyllanthe.fr\/association\/wp-content\/uploads\/2022\/05\/FUSEAUX.webp\"><img loading=\"lazy\" decoding=\"async\" width=\"252\" height=\"200\" src=\"https:\/\/www.aphyllanthe.fr\/association\/wp-content\/uploads\/2022\/05\/FUSEAUX.webp\" alt=\"\" class=\"wp-image-16524\"\/><\/a><figcaption>Fuseaux de lavande<\/figcaption><\/figure>\n<\/div>\n<\/div>\n\n\n\n<p><strong>Animation gratuite <\/strong>sur inscription aupr\u00e8s du secr\u00e9tariat de l&rsquo;Aphyllanthe ; t\u00e9l  04 66 22 10 20 \/ mail : aphyllanthe@orange.fr.<\/p>\n","protected":false},"excerpt":{"rendered":"<p>Le 13 juin \u00e0 14h30, dans les locaux de l&rsquo;Aphyllanthe, Marie-\u00c9tienne se propose de vous initier \u00e0 la r\u00e9alisation de fuseaux de lavande qui embaumeront vos armoires et \u00e9loigneront les mites. Mat\u00e9riel n\u00e9cessaire : 30 brins de lavande frais et en fleurs 2m50 de ruban satin ou soie de 6mm une paire de ciseaux Un &hellip; <a href=\"https:\/\/www.aphyllanthe.fr\/association\/realiser-des-fuseaux-de-lavande\/\" class=\"more-link\">Continuer la lecture de <span class=\"screen-reader-text\">R\u00e9aliser des fuseaux de lavande<\/span>  <span class=\"meta-nav\">&rarr;<\/span><\/a><\/p>\n","protected":false},"author":10,"featured_media":16570,"comment_status":"closed","ping_status":"closed","sticky":false,"template":"","format":"standard","meta":{"footnotes":""},"categories":[4],"tags":[],"class_list":["post-16511","post","type-post","status-publish","format-standard","has-post-thumbnail","hentry","category-annonce"],"_links":{"self":[{"href":"https:\/\/www.aphyllanthe.fr\/association\/wp-json\/wp\/v2\/posts\/16511","targetHints":{"allow":["GET"]}}],"collection":[{"href":"https:\/\/www.aphyllanthe.fr\/association\/wp-json\/wp\/v2\/posts"}],"about":[{"href":"https:\/\/www.aphyllanthe.fr\/association\/wp-json\/wp\/v2\/types\/post"}],"author":[{"embeddable":true,"href":"https:\/\/www.aphyllanthe.fr\/association\/wp-json\/wp\/v2\/users\/10"}],"replies":[{"embeddable":true,"href":"https:\/\/www.aphyllanthe.fr\/association\/wp-json\/wp\/v2\/comments?post=16511"}],"version-history":[{"count":8,"href":"https:\/\/www.aphyllanthe.fr\/association\/wp-json\/wp\/v2\/posts\/16511\/revisions"}],"predecessor-version":[{"id":16531,"href":"https:\/\/www.aphyllanthe.fr\/association\/wp-json\/wp\/v2\/posts\/16511\/revisions\/16531"}],"wp:featuredmedia":[{"embeddable":true,"href":"https:\/\/www.aphyllanthe.fr\/association\/wp-json\/wp\/v2\/media\/16570"}],"wp:attachment":[{"href":"https:\/\/www.aphyllanthe.fr\/association\/wp-json\/wp\/v2\/media?parent=16511"}],"wp:term":[{"taxonomy":"category","embeddable":true,"href":"https:\/\/www.aphyllanthe.fr\/association\/wp-json\/wp\/v2\/categories?post=16511"},{"taxonomy":"post_tag","embeddable":true,"href":"https:\/\/www.aphyllanthe.fr\/association\/wp-json\/wp\/v2\/tags?post=16511"}],"curies":[{"name":"wp","href":"https:\/\/api.w.org\/{rel}","templated":true}]}}