{"id":16532,"date":"2022-05-31T09:49:07","date_gmt":"2022-05-31T08:49:07","guid":{"rendered":"https:\/\/www.aphyllanthe.fr\/association\/?p=16532"},"modified":"2022-06-14T08:45:48","modified_gmt":"2022-06-14T07:45:48","slug":"et-si-on-remontait-le-temps-en-famille","status":"publish","type":"post","link":"https:\/\/www.aphyllanthe.fr\/association\/et-si-on-remontait-le-temps-en-famille\/","title":{"rendered":"Et si on remontait le temps en famille ?"},"content":{"rendered":"\n<p class=\"has-text-color has-background\" style=\"background-color:#81e464;color:#123f09\">Pour la derni\u00e8re sortie de la saison, l&rsquo;Aphyllanthe vous emm\u00e8ne au <strong>Vieux Mas de Beaucaire<\/strong>, o\u00f9 vous pourrez d\u00e9couvrir les m\u00e9tiers de la ferme et d&rsquo;autres m\u00e9tiers anciens <strong>dimanche 12 juin \u00e0 10h (rdv <\/strong><strong>sur place<\/strong> <strong>15 mn avant<\/strong>).<\/p>\n\n\n\n<p>Sur 2 ha de terrain, et 3000m\u00b2 d&rsquo;une b\u00e2tisse du 18e si\u00e8cle, vous allez replonger au temps de nos a\u00efeux et d\u00e9couvrir la vie rurale en 1900. Le site fermant \u00e0 18h, vous aurez toute la journ\u00e9e pour profiter des nombreuses animations propos\u00e9es.  Une petite  restauration est disponible sur place, mais vous pouvez \u00e9galement apporter votre pique-nique, plusieurs espaces sont \u00e0 la disposition du public. <\/p>\n\n\n\n<h2 class=\"wp-block-heading\"><strong>Qu&rsquo;y a-t-il \u00e0 voir ?<\/strong><\/h2>\n\n\n\n<div class=\"wp-block-columns is-layout-flex wp-container-core-columns-is-layout-9d6595d7 wp-block-columns-is-layout-flex\">\n<div class=\"wp-block-column is-layout-flow wp-block-column-is-layout-flow\">\n<p><strong>Les artisans<\/strong><br \/>&#8211; Le tourneur sur bois<br \/>&#8211; Le forgeron<br \/>&#8211; La fonderie<br \/>&#8211; Le monnayeur<br \/>&#8211; Le cordier<\/p>\n<\/div>\n\n\n\n<div class=\"wp-block-column is-layout-flow wp-block-column-is-layout-flow\">\n<figure class=\"wp-block-image size-full\"><a href=\"https:\/\/www.aphyllanthe.fr\/association\/wp-content\/uploads\/2022\/05\/ARTISAN.webp\"><img loading=\"lazy\" decoding=\"async\" width=\"594\" height=\"447\" src=\"https:\/\/www.aphyllanthe.fr\/association\/wp-content\/uploads\/2022\/05\/ARTISAN.webp\" alt=\"\" class=\"wp-image-16543\" srcset=\"https:\/\/www.aphyllanthe.fr\/association\/wp-content\/uploads\/2022\/05\/ARTISAN.webp 594w, https:\/\/www.aphyllanthe.fr\/association\/wp-content\/uploads\/2022\/05\/ARTISAN-300x226.webp 300w\" sizes=\"auto, (max-width: 594px) 100vw, 594px\" \/><\/a><\/figure>\n<\/div>\n<\/div>\n\n\n\n<div class=\"wp-block-columns is-layout-flex wp-container-core-columns-is-layout-9d6595d7 wp-block-columns-is-layout-flex\">\n<div class=\"wp-block-column is-layout-flow wp-block-column-is-layout-flow\">\n<figure class=\"wp-block-image size-full is-resized\"><a href=\"https:\/\/www.aphyllanthe.fr\/association\/wp-content\/uploads\/2022\/05\/ANIMATION.webp\"><img loading=\"lazy\" decoding=\"async\" src=\"https:\/\/www.aphyllanthe.fr\/association\/wp-content\/uploads\/2022\/05\/ANIMATION.webp\" alt=\"\" class=\"wp-image-16544\" width=\"263\" height=\"165\" srcset=\"https:\/\/www.aphyllanthe.fr\/association\/wp-content\/uploads\/2022\/05\/ANIMATION.webp 568w, https:\/\/www.aphyllanthe.fr\/association\/wp-content\/uploads\/2022\/05\/ANIMATION-300x189.webp 300w\" sizes=\"auto, (max-width: 263px) 100vw, 263px\" \/><\/a><\/figure>\n<\/div>\n\n\n\n<div class=\"wp-block-column is-layout-flow wp-block-column-is-layout-flow\">\n<p><strong>Les animations<\/strong><br \/>&#8211; La l\u00e9gende du lac &#8211; <strong>Nouveaut\u00e9 2022<\/strong><br \/>&#8211; La porte des l\u00e9gendes et le chevalier dragon<br \/>&#8211; Grabador le sorcier<br \/>&#8211; L\u2019envol des pigeons voyageurs<\/p>\n<\/div>\n<\/div>\n\n\n\n<div class=\"wp-block-columns is-layout-flex wp-container-core-columns-is-layout-9d6595d7 wp-block-columns-is-layout-flex\">\n<div class=\"wp-block-column is-layout-flow wp-block-column-is-layout-flow\">\n<p><strong>Parc animalier<\/strong><br \/>&#8211; Veaux, vaches, cochons<br \/>&#8211; Poneys et \u00e2nes<br \/>&#8211; Poules<br \/>&#8211; Lapins<br \/>&#8211; Moutons et ch\u00e8vres<br \/>&#8211; Nursery<\/p>\n<\/div>\n\n\n\n<div class=\"wp-block-column is-layout-flow wp-block-column-is-layout-flow\">\n<figure class=\"wp-block-image size-full is-resized\"><a href=\"https:\/\/www.aphyllanthe.fr\/association\/wp-content\/uploads\/2022\/05\/ANIMAUX.webp\"><img loading=\"lazy\" decoding=\"async\" src=\"https:\/\/www.aphyllanthe.fr\/association\/wp-content\/uploads\/2022\/05\/ANIMAUX.webp\" alt=\"\" class=\"wp-image-16545\" width=\"195\" height=\"202\" srcset=\"https:\/\/www.aphyllanthe.fr\/association\/wp-content\/uploads\/2022\/05\/ANIMAUX.webp 710w, https:\/\/www.aphyllanthe.fr\/association\/wp-content\/uploads\/2022\/05\/ANIMAUX-288x300.webp 288w\" sizes=\"auto, (max-width: 195px) 100vw, 195px\" \/><\/a><\/figure>\n<\/div>\n<\/div>\n\n\n\n<p>Les animations sont renouvel\u00e9es au long de la journ\u00e9e, et un petit train permet de faire le tour du parc.<\/p>\n\n\n\n<p><strong>Plus d&rsquo;info sur Le Vieux Mas : <a href=\"https:\/\/vieux-mas.com\/\" target=\"_blank\" rel=\"noreferrer noopener\">https:\/\/vieux-mas.com\/<\/a><\/strong><\/p>\n\n\n\n<h2 class=\"wp-block-heading\">Tarifs et modalit\u00e9s<\/h2>\n\n\n\n<figure class=\"wp-block-table\"><table><tbody><tr><td><\/td><td class=\"has-text-align-center\" data-align=\"center\"><strong>Adulte<\/strong><\/td><td class=\"has-text-align-center\" data-align=\"center\"><strong>Enfant<\/strong><\/td><\/tr><tr><td>Tarif Adh\u00e9rent<\/td><td class=\"has-text-align-center\" data-align=\"center\">4,50 \u20ac<\/td><td class=\"has-text-align-center\" data-align=\"center\">0<\/td><\/tr><tr><td>Tarif non adh\u00e9rent<\/td><td class=\"has-text-align-center\" data-align=\"center\">8,50 \u20ac<\/td><td class=\"has-text-align-center\" data-align=\"center\">8,20 \u20ac<\/td><\/tr><\/tbody><\/table><\/figure>\n\n\n\n<p><strong>Renseignements et inscriptions<\/strong><br \/>aphyllanthe@orange.fr \/ t\u00e9l : 04 66 22 10 20<\/p>\n","protected":false},"excerpt":{"rendered":"<p>Pour la derni\u00e8re sortie de la saison, l&rsquo;Aphyllanthe vous emm\u00e8ne au Vieux Mas de Beaucaire, o\u00f9 vous pourrez d\u00e9couvrir les m\u00e9tiers de la ferme et d&rsquo;autres m\u00e9tiers anciens dimanche 12 juin \u00e0 10h (rdv sur place 15 mn avant). Sur 2 ha de terrain, et 3000m\u00b2 d&rsquo;une b\u00e2tisse du 18e si\u00e8cle, vous allez replonger au &hellip; <a href=\"https:\/\/www.aphyllanthe.fr\/association\/et-si-on-remontait-le-temps-en-famille\/\" class=\"more-link\">Continuer la lecture de <span class=\"screen-reader-text\">Et si on remontait le temps en famille ?<\/span>  <span class=\"meta-nav\">&rarr;<\/span><\/a><\/p>\n","protected":false},"author":10,"featured_media":16548,"comment_status":"closed","ping_status":"closed","sticky":false,"template":"","format":"standard","meta":{"footnotes":""},"categories":[4],"tags":[],"class_list":["post-16532","post","type-post","status-publish","format-standard","has-post-thumbnail","hentry","category-annonce"],"_links":{"self":[{"href":"https:\/\/www.aphyllanthe.fr\/association\/wp-json\/wp\/v2\/posts\/16532","targetHints":{"allow":["GET"]}}],"collection":[{"href":"https:\/\/www.aphyllanthe.fr\/association\/wp-json\/wp\/v2\/posts"}],"about":[{"href":"https:\/\/www.aphyllanthe.fr\/association\/wp-json\/wp\/v2\/types\/post"}],"author":[{"embeddable":true,"href":"https:\/\/www.aphyllanthe.fr\/association\/wp-json\/wp\/v2\/users\/10"}],"replies":[{"embeddable":true,"href":"https:\/\/www.aphyllanthe.fr\/association\/wp-json\/wp\/v2\/comments?post=16532"}],"version-history":[{"count":16,"href":"https:\/\/www.aphyllanthe.fr\/association\/wp-json\/wp\/v2\/posts\/16532\/revisions"}],"predecessor-version":[{"id":16576,"href":"https:\/\/www.aphyllanthe.fr\/association\/wp-json\/wp\/v2\/posts\/16532\/revisions\/16576"}],"wp:featuredmedia":[{"embeddable":true,"href":"https:\/\/www.aphyllanthe.fr\/association\/wp-json\/wp\/v2\/media\/16548"}],"wp:attachment":[{"href":"https:\/\/www.aphyllanthe.fr\/association\/wp-json\/wp\/v2\/media?parent=16532"}],"wp:term":[{"taxonomy":"category","embeddable":true,"href":"https:\/\/www.aphyllanthe.fr\/association\/wp-json\/wp\/v2\/categories?post=16532"},{"taxonomy":"post_tag","embeddable":true,"href":"https:\/\/www.aphyllanthe.fr\/association\/wp-json\/wp\/v2\/tags?post=16532"}],"curies":[{"name":"wp","href":"https:\/\/api.w.org\/{rel}","templated":true}]}}