{"id":16554,"date":"2022-05-31T09:31:30","date_gmt":"2022-05-31T08:31:30","guid":{"rendered":"https:\/\/www.aphyllanthe.fr\/association\/?p=16554"},"modified":"2022-06-14T11:02:15","modified_gmt":"2022-06-14T10:02:15","slug":"au-theatre-avec-le-bourgeois-gentilhomme","status":"publish","type":"post","link":"https:\/\/www.aphyllanthe.fr\/association\/au-theatre-avec-le-bourgeois-gentilhomme\/","title":{"rendered":"Au th\u00e9\u00e2tre avec Le Bourgeois Gentilhomme"},"content":{"rendered":"\n<p class=\"has-text-color has-background\" style=\"background-color:#98b1df;color:#112751\">L&rsquo;Aphyllanthe vous propose un rendez-vous au cin\u00e9ma Le Capitole d&rsquo;Uz\u00e8s <strong>jeudi 9 juin, s\u00e9ance de 20h10<\/strong>, pour le dernier hommage de la saison \u00e0 Moli\u00e8re par la Com\u00e9die Fran\u00e7aise.<br \/>Pi\u00e8ce en 5 actes sans entracte. Dur\u00e9e 2h20.<\/p>\n\n\n\n<h2 class=\"wp-block-heading\">Synopsis<\/h2>\n\n\n\n<p>Com\u00e9die-ballet \u00e9crite en 1670, \u00e0 l&rsquo;heure o\u00f9 les \u00ab\u00a0turqueries\u00a0\u00bb sont \u00e0 la mode en France. Moli\u00e8re donne libre cours \u00e0 son talent de pasticheur et de gratte-poil de la \u00ab\u00a0bonne\u00a0\u00bb soci\u00e9t\u00e9 en tirant le portrait d&rsquo;un riche bourgeois, Monsieur Jourdain, entich\u00e9 de noblesse et qui entend acqu\u00e9rir les mani\u00e8res des gens de qualit\u00e9.<\/p>\n\n\n\n<p>Ce dernier d\u00e9cide donc de commander un nouvel habit, plus digne de sa nouvelle condition, et se lance dans l\u2019apprentissage des armes et de la danse, de la musique et de la philosophie, autant de choses qui lui paraissent indispensables \u00e0 sa condition de gentilhomme.<\/p>\n\n\n\n<h2 class=\"wp-block-heading\">Une mise en sc\u00e8ne d\u00e9cal\u00e9e de Val\u00e9rie Lesort et Christian Hecq.<\/h2>\n\n\n\n<div class=\"wp-block-columns is-layout-flex wp-container-core-columns-is-layout-9d6595d7 wp-block-columns-is-layout-flex\">\n<div class=\"wp-block-column is-layout-flow wp-block-column-is-layout-flow\">\n<p>La musique de Lully a \u00e9t\u00e9 transpos\u00e9e de fa\u00e7on vivifiante par <strong>Mich Ochowiak<\/strong> et <strong>Ivica Bogdani\u0107<\/strong>, qui y rajoutent une touche balkanique qui apporte beaucoup de rythme \u00e0 la pi\u00e8ce. <\/p>\n<\/div>\n\n\n\n<div class=\"wp-block-column is-layout-flow wp-block-column-is-layout-flow\">\n<figure class=\"wp-block-image size-full\"><a href=\"https:\/\/www.aphyllanthe.fr\/association\/wp-content\/uploads\/2022\/05\/BOURGEOIS.webp\"><img loading=\"lazy\" decoding=\"async\" width=\"421\" height=\"273\" src=\"https:\/\/www.aphyllanthe.fr\/association\/wp-content\/uploads\/2022\/05\/BOURGEOIS.webp\" alt=\"\" class=\"wp-image-16558\" srcset=\"https:\/\/www.aphyllanthe.fr\/association\/wp-content\/uploads\/2022\/05\/BOURGEOIS.webp 421w, https:\/\/www.aphyllanthe.fr\/association\/wp-content\/uploads\/2022\/05\/BOURGEOIS-300x195.webp 300w\" sizes=\"auto, (max-width: 421px) 100vw, 421px\" \/><\/a><\/figure>\n<\/div>\n<\/div>\n\n\n\n<p><strong>Vanessa Sannino<\/strong> de son c\u00f4t\u00e9 signe des costumes qui lorgnent du c\u00f4t\u00e9 de la \u00ab fantasy \u00bb o\u00f9 l\u2019on ne sait plus \u00e0 quelle \u00e9poque, dans quel monde, ni m\u00eame dans quelle galaxie on se trouve.<br \/>Plus d&rsquo;info sur la pi\u00e8ce <strong><a href=\"https:\/\/www.comedie-francaise.fr\/fr\/evenements\/le-bourgeois-gentilhomme-eht7xy\" target=\"_blank\" rel=\"noreferrer noopener\">ici<\/a><\/strong>.<\/p>\n\n\n\n<h2 class=\"wp-block-heading\">Tarifs<\/h2>\n\n\n\n<figure class=\"wp-block-table aligncenter is-style-stripes\"><table><tbody><tr><td><\/td><td class=\"has-text-align-center\" data-align=\"center\">Adh\u00e9rents<\/td><td class=\"has-text-align-center\" data-align=\"center\">Non adh\u00e9rents<\/td><\/tr><tr><td>Adultes<\/td><td class=\"has-text-align-center\" data-align=\"center\">9 \u20ac<\/td><td class=\"has-text-align-center\" data-align=\"center\">18 \u20ac<\/td><\/tr><tr><td>Enfants<\/td><td class=\"has-text-align-center\" data-align=\"center\">-18 ans : offert<\/td><td class=\"has-text-align-center\" data-align=\"center\">-16 ans : 10 \u20ac<\/td><\/tr><\/tbody><\/table><figcaption>Tarifs<\/figcaption><\/figure>\n\n\n\n<p><strong>Inscription obligatoire <\/strong>aupr\u00e8s du secr\u00e9tariat de l\u2019Aphyllanthe.<br \/>T\u00e9l. : 04 66 22 10 20 \/ mail : aphyllanthe@orange.fr.<\/p>\n","protected":false},"excerpt":{"rendered":"<p>L&rsquo;Aphyllanthe vous propose un rendez-vous au cin\u00e9ma Le Capitole d&rsquo;Uz\u00e8s jeudi 9 juin, s\u00e9ance de 20h10, pour le dernier hommage de la saison \u00e0 Moli\u00e8re par la Com\u00e9die Fran\u00e7aise.Pi\u00e8ce en 5 actes sans entracte. Dur\u00e9e 2h20. Synopsis Com\u00e9die-ballet \u00e9crite en 1670, \u00e0 l&rsquo;heure o\u00f9 les \u00ab\u00a0turqueries\u00a0\u00bb sont \u00e0 la mode en France. Moli\u00e8re donne libre &hellip; <a href=\"https:\/\/www.aphyllanthe.fr\/association\/au-theatre-avec-le-bourgeois-gentilhomme\/\" class=\"more-link\">Continuer la lecture de <span class=\"screen-reader-text\">Au th\u00e9\u00e2tre avec Le Bourgeois Gentilhomme<\/span>  <span class=\"meta-nav\">&rarr;<\/span><\/a><\/p>\n","protected":false},"author":9,"featured_media":16196,"comment_status":"closed","ping_status":"closed","sticky":false,"template":"","format":"standard","meta":{"footnotes":""},"categories":[4],"tags":[],"class_list":["post-16554","post","type-post","status-publish","format-standard","has-post-thumbnail","hentry","category-annonce"],"_links":{"self":[{"href":"https:\/\/www.aphyllanthe.fr\/association\/wp-json\/wp\/v2\/posts\/16554","targetHints":{"allow":["GET"]}}],"collection":[{"href":"https:\/\/www.aphyllanthe.fr\/association\/wp-json\/wp\/v2\/posts"}],"about":[{"href":"https:\/\/www.aphyllanthe.fr\/association\/wp-json\/wp\/v2\/types\/post"}],"author":[{"embeddable":true,"href":"https:\/\/www.aphyllanthe.fr\/association\/wp-json\/wp\/v2\/users\/9"}],"replies":[{"embeddable":true,"href":"https:\/\/www.aphyllanthe.fr\/association\/wp-json\/wp\/v2\/comments?post=16554"}],"version-history":[{"count":10,"href":"https:\/\/www.aphyllanthe.fr\/association\/wp-json\/wp\/v2\/posts\/16554\/revisions"}],"predecessor-version":[{"id":16566,"href":"https:\/\/www.aphyllanthe.fr\/association\/wp-json\/wp\/v2\/posts\/16554\/revisions\/16566"}],"wp:featuredmedia":[{"embeddable":true,"href":"https:\/\/www.aphyllanthe.fr\/association\/wp-json\/wp\/v2\/media\/16196"}],"wp:attachment":[{"href":"https:\/\/www.aphyllanthe.fr\/association\/wp-json\/wp\/v2\/media?parent=16554"}],"wp:term":[{"taxonomy":"category","embeddable":true,"href":"https:\/\/www.aphyllanthe.fr\/association\/wp-json\/wp\/v2\/categories?post=16554"},{"taxonomy":"post_tag","embeddable":true,"href":"https:\/\/www.aphyllanthe.fr\/association\/wp-json\/wp\/v2\/tags?post=16554"}],"curies":[{"name":"wp","href":"https:\/\/api.w.org\/{rel}","templated":true}]}}