{"id":16578,"date":"2022-06-14T08:45:16","date_gmt":"2022-06-14T07:45:16","guid":{"rendered":"https:\/\/www.aphyllanthe.fr\/association\/?p=16578"},"modified":"2022-06-27T08:40:53","modified_gmt":"2022-06-27T07:40:53","slug":"jour-de-fete-a-laphyllanthe","status":"publish","type":"post","link":"https:\/\/www.aphyllanthe.fr\/association\/jour-de-fete-a-laphyllanthe\/","title":{"rendered":"Jour de f\u00eate \u00e0 l&rsquo;Aphyllanthe"},"content":{"rendered":"\n<p class=\"has-text-color has-background\" style=\"background-color:#9fb3d4;color:#0a214a\"><strong>Dimanche 26 juin<\/strong>, pour la premi\u00e8re fois depuis 4 ans, l&rsquo;Aphyllanthe a d\u00e9cid\u00e9 de r\u00e9unir tous les adh\u00e9rents, les amis  et les habitants pour une belle apr\u00e8s-midi en toute convivialit\u00e9 <strong>\u00e0 partir de 14h<\/strong>.<\/p>\n\n\n\n<h2 class=\"wp-block-heading\">Programme des \u00e9v\u00e8nements<\/h2>\n\n\n\n<p class=\"has-background\" style=\"background-color:#ff904b\"><strong>A partir de 14h&nbsp;: exposition et pr\u00e9sentation des divers ateliers r\u00e9guliers<\/strong><\/p>\n\n\n\n<ul class=\"wp-block-list\"><li>poteries adulte et enfant<\/li><li>action <em>Petits Bonnets<\/em><\/li><li>photos des activit\u00e9s &amp; des sorties<\/li><li>vente d\u2019objets faits main au profit de 3 associations de protection des chiens et chats (<em>Chats libres d&rsquo;Uz\u00e8s<\/em>, <em>Chats libres de N\u00eemes<\/em> et <em>Asela<\/em>).<\/li><li><strong>fresque collaborative \u00e0 la Arthur Simony<\/strong> : coloriage du texte\u00a0: <em>la f\u00eate de l\u2019Aphyllanthe<\/em>. <a href=\"https:\/\/www.francetvinfo.fr\/culture\/arts-expos\/street-art\/une-fresque-collaborative-fleurit-rue-de-trevise-a-paris-pour-rendre-hommage-aux-victimes-de-l-explosion_3408791.html\" target=\"_blank\" rel=\"noreferrer noopener\">Plus d&rsquo;infos sur la fresque <em>Ensemble <\/em>d&rsquo;Arthur Simony<\/a>.<\/li><\/ul>\n\n\n\n<p class=\"has-background\" style=\"background-color:#f7d5d5\"><strong>15h \u00e0 15h30&nbsp;: repr\u00e9sentation de l\u2019atelier th\u00e9\u00e2tre enfants<\/strong><\/p>\n\n\n\n<p>L&rsquo;atelier th\u00e9\u00e2tre est anim\u00e9 par Patricia Matisson. Il pr\u00e9sentera <em><a href=\"https:\/\/www.aphyllanthe.fr\/association\/pdf\/Affiche%20th%C3%A9%C3%A2tre.pdf\" target=\"_blank\" rel=\"noreferrer noopener\">Pas de salade pour Vertuchou<\/a><\/em> de Beno\u00eet Fourchard.<br \/><strong>Synopsis <\/strong>: Quelle pagaille quand on veut raconter une histoire et que tous les personnages sortent du livre pour corriger le narrateur ! Saura-t-on \u00e0 la fin pourquoi les salades ont disparu du pays de Vertuchou ?<\/p>\n\n\n\n<p class=\"has-background\" style=\"background-color:#d0ffe0\"><strong>15h30 \u00e0 16h15 : jeux<\/strong><\/p>\n\n\n\n<ul class=\"wp-block-list\"><li>Chamboule tout<\/li><li>Course en sac<\/li><li>P\u00eache \u00e0 la ligne<\/li><\/ul>\n\n\n\n<p class=\"has-background\" style=\"background-color:#ffe882\"><strong>16h15 \u00e0 16h45&nbsp;: remise des prix <\/strong><\/p>\n\n\n\n<p class=\"has-background\" style=\"background-color:#b5eeff\"><strong>17h : tirage de la tombola<\/strong><\/p>\n\n\n\n<p>Premiers lots :<\/p>\n\n\n\n<ul class=\"wp-block-list\"><li>1 cheval \u00e0 bascule en bois r\u00e9alis\u00e9 par un artisan &#8211; valeur 250 \u20ac<\/li><li>1 bon d\u2019achat de 100 \u20ac \u00e0 la Librairie d\u2019Uz\u00e8s<\/li><li>2 lots de 10 tickets de cin\u00e9ma au Capitole d\u2019Uz\u00e8s<\/li><li>1 aquarelle originale d&rsquo;une artiste locale<\/li><\/ul>\n\n\n\n<p>La plupart des autres lots sont confectionn\u00e9s par des adh\u00e9rents. <\/p>\n\n\n\n<p>Et tout au long de la journ\u00e9e, vente des billets de tombola au prix de 2\u20ac.<\/p>\n\n\n\n<p>Caf\u00e9, th\u00e9, boissons fra\u00eeches et g\u00e2teaux confectionn\u00e9s par les adh\u00e9rents seront propos\u00e9s gratuitement  aux participants.<\/p>\n\n\n\n<p class=\"has-text-color\" style=\"color:#9e2264\"><strong>Les billets de tombola sont d&rsquo;ores et d\u00e9j\u00e0 en vente aupr\u00e8s du secr\u00e9tariat au tarif de 2\u20ac.<\/strong><br \/>Rappel des horaires d&rsquo;ouverture :<br \/>Mercredi : 9h00-12h00 &amp; 14h00-18h00<br \/>Jeudi, vendredi : 9h00-12h15<\/p>\n\n\n\n<p><a href=\"https:\/\/www.aphyllanthe.fr\/association\/pdf\/affiche-fete-aphyllanthe-2022.pdf\" target=\"_blank\" rel=\"noreferrer noopener\">Voir notre affiche<\/a>, \u00e0 diffuser \u00e9ventuellement aupr\u00e8s de vos contacts.<\/p>\n","protected":false},"excerpt":{"rendered":"<p>Dimanche 26 juin, pour la premi\u00e8re fois depuis 4 ans, l&rsquo;Aphyllanthe a d\u00e9cid\u00e9 de r\u00e9unir tous les adh\u00e9rents, les amis et les habitants pour une belle apr\u00e8s-midi en toute convivialit\u00e9 \u00e0 partir de 14h. Programme des \u00e9v\u00e8nements A partir de 14h&nbsp;: exposition et pr\u00e9sentation des divers ateliers r\u00e9guliers poteries adulte et enfant action Petits Bonnets &hellip; <a href=\"https:\/\/www.aphyllanthe.fr\/association\/jour-de-fete-a-laphyllanthe\/\" class=\"more-link\">Continuer la lecture de <span class=\"screen-reader-text\">Jour de f\u00eate \u00e0 l&rsquo;Aphyllanthe<\/span>  <span class=\"meta-nav\">&rarr;<\/span><\/a><\/p>\n","protected":false},"author":10,"featured_media":16600,"comment_status":"closed","ping_status":"closed","sticky":false,"template":"","format":"standard","meta":{"footnotes":""},"categories":[4],"tags":[],"class_list":["post-16578","post","type-post","status-publish","format-standard","has-post-thumbnail","hentry","category-annonce"],"_links":{"self":[{"href":"https:\/\/www.aphyllanthe.fr\/association\/wp-json\/wp\/v2\/posts\/16578","targetHints":{"allow":["GET"]}}],"collection":[{"href":"https:\/\/www.aphyllanthe.fr\/association\/wp-json\/wp\/v2\/posts"}],"about":[{"href":"https:\/\/www.aphyllanthe.fr\/association\/wp-json\/wp\/v2\/types\/post"}],"author":[{"embeddable":true,"href":"https:\/\/www.aphyllanthe.fr\/association\/wp-json\/wp\/v2\/users\/10"}],"replies":[{"embeddable":true,"href":"https:\/\/www.aphyllanthe.fr\/association\/wp-json\/wp\/v2\/comments?post=16578"}],"version-history":[{"count":30,"href":"https:\/\/www.aphyllanthe.fr\/association\/wp-json\/wp\/v2\/posts\/16578\/revisions"}],"predecessor-version":[{"id":16667,"href":"https:\/\/www.aphyllanthe.fr\/association\/wp-json\/wp\/v2\/posts\/16578\/revisions\/16667"}],"wp:featuredmedia":[{"embeddable":true,"href":"https:\/\/www.aphyllanthe.fr\/association\/wp-json\/wp\/v2\/media\/16600"}],"wp:attachment":[{"href":"https:\/\/www.aphyllanthe.fr\/association\/wp-json\/wp\/v2\/media?parent=16578"}],"wp:term":[{"taxonomy":"category","embeddable":true,"href":"https:\/\/www.aphyllanthe.fr\/association\/wp-json\/wp\/v2\/categories?post=16578"},{"taxonomy":"post_tag","embeddable":true,"href":"https:\/\/www.aphyllanthe.fr\/association\/wp-json\/wp\/v2\/tags?post=16578"}],"curies":[{"name":"wp","href":"https:\/\/api.w.org\/{rel}","templated":true}]}}