{"id":16623,"date":"2022-06-16T12:24:20","date_gmt":"2022-06-16T11:24:20","guid":{"rendered":"https:\/\/www.aphyllanthe.fr\/association\/?p=16623"},"modified":"2022-06-20T08:44:47","modified_gmt":"2022-06-20T07:44:47","slug":"retour-sur-la-sortie-accrobranche-de-mai","status":"publish","type":"post","link":"https:\/\/www.aphyllanthe.fr\/association\/retour-sur-la-sortie-accrobranche-de-mai\/","title":{"rendered":"Retour sur la sortie accrobranche de mai"},"content":{"rendered":"\n<p class=\"has-text-color has-background\" style=\"background-color:#9ffae8;color:#092924\"><strong>Voici le compte rendu que nous a fait Dorina, une toute nouvelle adh\u00e9rente, \u00e0 qui visiblement la sortie a bien plu<\/strong> :<\/p>\n\n\n\n<p><br \/>Ce mercredi 4 mai, sous un temps magnifique, petits et grands se sont retrouv\u00e9s au parc <strong><em>Air de Nature<\/em><\/strong> \u00e0 St. Quentin la Poterie : magnifique parc avec bar, tables de pique-nique, canap\u00e9s, hamac, jeux pour les enfants et toilettes s\u00e8ches\u2026<\/p>\n\n\n\n<p><br \/>A l&rsquo;arriv\u00e9e, chacun a \u00e9t\u00e9 \u00e9quip\u00e9 d&rsquo;un harnais par les membres du parc, tr\u00e8s sympathiques. Puis, rappel des consignes de s\u00e9curit\u00e9, directives et s\u00e9paration des petits sur les parcours de 0 \u00e0 3, les plus grands de 4 \u00e0 8 et des 3 tyroliennes pour les volontaires.<\/p>\n\n\n\n<figure class=\"wp-block-gallery has-nested-images columns-default is-cropped wp-block-gallery-2 is-layout-flex wp-block-gallery-is-layout-flex\">\n<figure class=\"wp-block-image size-large\"><a href=\"https:\/\/www.aphyllanthe.fr\/association\/wp-content\/uploads\/2022\/06\/IMG-20220504-WA0015-1.webp\"><img loading=\"lazy\" decoding=\"async\" width=\"835\" height=\"703\" data-id=\"16639\" src=\"https:\/\/www.aphyllanthe.fr\/association\/wp-content\/uploads\/2022\/06\/IMG-20220504-WA0015-1.webp\" alt=\"\" class=\"wp-image-16639\" srcset=\"https:\/\/www.aphyllanthe.fr\/association\/wp-content\/uploads\/2022\/06\/IMG-20220504-WA0015-1.webp 835w, https:\/\/www.aphyllanthe.fr\/association\/wp-content\/uploads\/2022\/06\/IMG-20220504-WA0015-1-300x253.webp 300w, https:\/\/www.aphyllanthe.fr\/association\/wp-content\/uploads\/2022\/06\/IMG-20220504-WA0015-1-768x647.webp 768w\" sizes=\"auto, (max-width: 835px) 100vw, 835px\" \/><\/a><\/figure>\n\n\n\n<figure class=\"wp-block-image size-large\"><a href=\"https:\/\/www.aphyllanthe.fr\/association\/wp-content\/uploads\/2022\/06\/IMG-20220504-WA0034-1.webp\"><img loading=\"lazy\" decoding=\"async\" width=\"1024\" height=\"640\" data-id=\"16640\" src=\"https:\/\/www.aphyllanthe.fr\/association\/wp-content\/uploads\/2022\/06\/IMG-20220504-WA0034-1-1024x640.webp\" alt=\"\" class=\"wp-image-16640\" srcset=\"https:\/\/www.aphyllanthe.fr\/association\/wp-content\/uploads\/2022\/06\/IMG-20220504-WA0034-1-1024x640.webp 1024w, https:\/\/www.aphyllanthe.fr\/association\/wp-content\/uploads\/2022\/06\/IMG-20220504-WA0034-1-300x187.webp 300w, https:\/\/www.aphyllanthe.fr\/association\/wp-content\/uploads\/2022\/06\/IMG-20220504-WA0034-1-768x480.webp 768w, https:\/\/www.aphyllanthe.fr\/association\/wp-content\/uploads\/2022\/06\/IMG-20220504-WA0034-1.webp 1178w\" sizes=\"auto, (max-width: 1024px) 100vw, 1024px\" \/><\/a><\/figure>\n\n\n\n<figure class=\"wp-block-image size-large\"><a href=\"https:\/\/www.aphyllanthe.fr\/association\/wp-content\/uploads\/2022\/06\/IMG-20220504-WA0037.webp\"><img loading=\"lazy\" decoding=\"async\" width=\"1024\" height=\"705\" data-id=\"16644\" src=\"https:\/\/www.aphyllanthe.fr\/association\/wp-content\/uploads\/2022\/06\/IMG-20220504-WA0037-1024x705.webp\" alt=\"\" class=\"wp-image-16644\" srcset=\"https:\/\/www.aphyllanthe.fr\/association\/wp-content\/uploads\/2022\/06\/IMG-20220504-WA0037-1024x705.webp 1024w, https:\/\/www.aphyllanthe.fr\/association\/wp-content\/uploads\/2022\/06\/IMG-20220504-WA0037-300x207.webp 300w, https:\/\/www.aphyllanthe.fr\/association\/wp-content\/uploads\/2022\/06\/IMG-20220504-WA0037-768x529.webp 768w, https:\/\/www.aphyllanthe.fr\/association\/wp-content\/uploads\/2022\/06\/IMG-20220504-WA0037.webp 1059w\" sizes=\"auto, (max-width: 1024px) 100vw, 1024px\" \/><\/a><\/figure>\n<\/figure>\n\n\n\n<p><br \/>Certains petits c\u0153urs battaient la chamade, d\u2019autres \u00e9taient excit\u00e9s \u00e0 l\u2019id\u00e9e d\u2019aller le plus loin possible.<br \/>Nous soulignerons les performances d\u2019Aaron, 10 ans, qui a fait l\u2019ensemble des parcours adultes ainsi que les 3 circuits exclusivement faits de tyroliennes, et notre pr\u00e9sidente qui a fait tous les circuits de 3 \u00e0 8&nbsp;!<br \/>Et puis, il y avait Ma\u00ebl, le petit rugbyman qui s\u2019est lanc\u00e9 avec Patrice, son papa, sur les grands circuits. Pas \u00e9vident mais franchement, il a \u00e9t\u00e9 tr\u00e8s courageux et a fini ses parcours.<\/p>\n\n\n\n<figure class=\"wp-block-gallery has-nested-images columns-default is-cropped wp-block-gallery-3 is-layout-flex wp-block-gallery-is-layout-flex\">\n<figure class=\"wp-block-image size-large\"><a href=\"https:\/\/www.aphyllanthe.fr\/association\/wp-content\/uploads\/2022\/06\/20220504_122244-scaled.webp\"><img loading=\"lazy\" decoding=\"async\" width=\"1024\" height=\"485\" data-id=\"16654\" src=\"https:\/\/www.aphyllanthe.fr\/association\/wp-content\/uploads\/2022\/06\/20220504_122244-1024x485.webp\" alt=\"\" class=\"wp-image-16654\" srcset=\"https:\/\/www.aphyllanthe.fr\/association\/wp-content\/uploads\/2022\/06\/20220504_122244-1024x485.webp 1024w, https:\/\/www.aphyllanthe.fr\/association\/wp-content\/uploads\/2022\/06\/20220504_122244-300x142.webp 300w, https:\/\/www.aphyllanthe.fr\/association\/wp-content\/uploads\/2022\/06\/20220504_122244-768x363.webp 768w, https:\/\/www.aphyllanthe.fr\/association\/wp-content\/uploads\/2022\/06\/20220504_122244-1536x727.webp 1536w, https:\/\/www.aphyllanthe.fr\/association\/wp-content\/uploads\/2022\/06\/20220504_122244-2048x969.webp 2048w, https:\/\/www.aphyllanthe.fr\/association\/wp-content\/uploads\/2022\/06\/20220504_122244-1320x625.webp 1320w\" sizes=\"auto, (max-width: 1024px) 100vw, 1024px\" \/><\/a><\/figure>\n\n\n\n<figure class=\"wp-block-image size-large\"><a href=\"https:\/\/www.aphyllanthe.fr\/association\/wp-content\/uploads\/2022\/06\/IMG-20220504-WA0103-2.webp\"><img loading=\"lazy\" decoding=\"async\" width=\"1024\" height=\"471\" data-id=\"16656\" src=\"https:\/\/www.aphyllanthe.fr\/association\/wp-content\/uploads\/2022\/06\/IMG-20220504-WA0103-2-1024x471.webp\" alt=\"\" class=\"wp-image-16656\" srcset=\"https:\/\/www.aphyllanthe.fr\/association\/wp-content\/uploads\/2022\/06\/IMG-20220504-WA0103-2-1024x471.webp 1024w, https:\/\/www.aphyllanthe.fr\/association\/wp-content\/uploads\/2022\/06\/IMG-20220504-WA0103-2-300x138.webp 300w, https:\/\/www.aphyllanthe.fr\/association\/wp-content\/uploads\/2022\/06\/IMG-20220504-WA0103-2-768x353.webp 768w, https:\/\/www.aphyllanthe.fr\/association\/wp-content\/uploads\/2022\/06\/IMG-20220504-WA0103-2-1536x707.webp 1536w, https:\/\/www.aphyllanthe.fr\/association\/wp-content\/uploads\/2022\/06\/IMG-20220504-WA0103-2-1320x607.webp 1320w, https:\/\/www.aphyllanthe.fr\/association\/wp-content\/uploads\/2022\/06\/IMG-20220504-WA0103-2.webp 1600w\" sizes=\"auto, (max-width: 1024px) 100vw, 1024px\" \/><\/a><\/figure>\n\n\n\n<figure class=\"wp-block-image size-large\"><a href=\"https:\/\/www.aphyllanthe.fr\/association\/wp-content\/uploads\/2022\/06\/IMG-20220504-WA0073-2.webp\"><img loading=\"lazy\" decoding=\"async\" width=\"1024\" height=\"471\" data-id=\"16655\" src=\"https:\/\/www.aphyllanthe.fr\/association\/wp-content\/uploads\/2022\/06\/IMG-20220504-WA0073-2-1024x471.webp\" alt=\"\" class=\"wp-image-16655\" srcset=\"https:\/\/www.aphyllanthe.fr\/association\/wp-content\/uploads\/2022\/06\/IMG-20220504-WA0073-2-1024x471.webp 1024w, https:\/\/www.aphyllanthe.fr\/association\/wp-content\/uploads\/2022\/06\/IMG-20220504-WA0073-2-300x138.webp 300w, https:\/\/www.aphyllanthe.fr\/association\/wp-content\/uploads\/2022\/06\/IMG-20220504-WA0073-2-768x353.webp 768w, https:\/\/www.aphyllanthe.fr\/association\/wp-content\/uploads\/2022\/06\/IMG-20220504-WA0073-2-1536x707.webp 1536w, https:\/\/www.aphyllanthe.fr\/association\/wp-content\/uploads\/2022\/06\/IMG-20220504-WA0073-2-1320x607.webp 1320w, https:\/\/www.aphyllanthe.fr\/association\/wp-content\/uploads\/2022\/06\/IMG-20220504-WA0073-2.webp 1600w\" sizes=\"auto, (max-width: 1024px) 100vw, 1024px\" \/><\/a><\/figure>\n\n\n\n<figure class=\"wp-block-image size-large\"><a href=\"https:\/\/www.aphyllanthe.fr\/association\/wp-content\/uploads\/2022\/06\/IMG-20220504-WA0116.webp\"><img loading=\"lazy\" decoding=\"async\" width=\"1024\" height=\"471\" data-id=\"16646\" src=\"https:\/\/www.aphyllanthe.fr\/association\/wp-content\/uploads\/2022\/06\/IMG-20220504-WA0116-1024x471.webp\" alt=\"\" class=\"wp-image-16646\" srcset=\"https:\/\/www.aphyllanthe.fr\/association\/wp-content\/uploads\/2022\/06\/IMG-20220504-WA0116-1024x471.webp 1024w, https:\/\/www.aphyllanthe.fr\/association\/wp-content\/uploads\/2022\/06\/IMG-20220504-WA0116-300x138.webp 300w, https:\/\/www.aphyllanthe.fr\/association\/wp-content\/uploads\/2022\/06\/IMG-20220504-WA0116-768x353.webp 768w, https:\/\/www.aphyllanthe.fr\/association\/wp-content\/uploads\/2022\/06\/IMG-20220504-WA0116-1536x707.webp 1536w, https:\/\/www.aphyllanthe.fr\/association\/wp-content\/uploads\/2022\/06\/IMG-20220504-WA0116-1320x607.webp 1320w, https:\/\/www.aphyllanthe.fr\/association\/wp-content\/uploads\/2022\/06\/IMG-20220504-WA0116.webp 1600w\" sizes=\"auto, (max-width: 1024px) 100vw, 1024px\" \/><\/a><figcaption><strong>Les grands parcours<\/strong><\/figcaption><\/figure>\n<\/figure>\n\n\n\n<p><br \/>Les petits se sont r\u00e9gal\u00e9s, ils ont \u00e9t\u00e9 surprenants de par leur habilit\u00e9 \u00e0 manier le mousqueton, et le respect les consignes\u2026<br \/>\u00c0 la pause repas, bien m\u00e9rit\u00e9e, tout le monde a mang\u00e9 avec bon app\u00e9tit m\u00eame ceux qui avaient oubli\u00e9 le jambon et le fromage, le pain seul leur a suffi&nbsp;!!<\/p>\n\n\n\n<p>Les langues se sont d\u00e9li\u00e9es, Sarah a ador\u00e9 ses circuits, sa petite s\u0153ur Eva a fait le maximum (sous la surveillance de C\u00e9cile, sa maman). Emmanuelle qui gardait Marin (trop petit) admirait son fils Nino qui formait une belle \u00e9quipe&nbsp;avec Margot.<\/p>\n\n\n\n<figure class=\"wp-block-gallery has-nested-images columns-default is-cropped wp-block-gallery-4 is-layout-flex wp-block-gallery-is-layout-flex\">\n<figure class=\"wp-block-image size-large\"><a href=\"https:\/\/www.aphyllanthe.fr\/association\/wp-content\/uploads\/2022\/06\/20220504_144723-scaled.webp\"><img loading=\"lazy\" decoding=\"async\" width=\"485\" height=\"1024\" data-id=\"16658\" src=\"https:\/\/www.aphyllanthe.fr\/association\/wp-content\/uploads\/2022\/06\/20220504_144723-485x1024.webp\" alt=\"\" class=\"wp-image-16658\" srcset=\"https:\/\/www.aphyllanthe.fr\/association\/wp-content\/uploads\/2022\/06\/20220504_144723-485x1024.webp 485w, https:\/\/www.aphyllanthe.fr\/association\/wp-content\/uploads\/2022\/06\/20220504_144723-142x300.webp 142w, https:\/\/www.aphyllanthe.fr\/association\/wp-content\/uploads\/2022\/06\/20220504_144723-768x1623.webp 768w, https:\/\/www.aphyllanthe.fr\/association\/wp-content\/uploads\/2022\/06\/20220504_144723-727x1536.webp 727w, https:\/\/www.aphyllanthe.fr\/association\/wp-content\/uploads\/2022\/06\/20220504_144723-969x2048.webp 969w, https:\/\/www.aphyllanthe.fr\/association\/wp-content\/uploads\/2022\/06\/20220504_144723-1320x2789.webp 1320w, https:\/\/www.aphyllanthe.fr\/association\/wp-content\/uploads\/2022\/06\/20220504_144723-scaled.webp 1211w\" sizes=\"auto, (max-width: 485px) 100vw, 485px\" \/><\/a><figcaption><strong>Les parcours&#8230;<\/strong><\/figcaption><\/figure>\n\n\n\n<figure class=\"wp-block-image size-large\"><a href=\"https:\/\/www.aphyllanthe.fr\/association\/wp-content\/uploads\/2022\/06\/IMG-20220504-WA0074.webp\"><img loading=\"lazy\" decoding=\"async\" width=\"471\" height=\"1024\" data-id=\"16657\" src=\"https:\/\/www.aphyllanthe.fr\/association\/wp-content\/uploads\/2022\/06\/IMG-20220504-WA0074-471x1024.webp\" alt=\"\" class=\"wp-image-16657\" srcset=\"https:\/\/www.aphyllanthe.fr\/association\/wp-content\/uploads\/2022\/06\/IMG-20220504-WA0074-471x1024.webp 471w, https:\/\/www.aphyllanthe.fr\/association\/wp-content\/uploads\/2022\/06\/IMG-20220504-WA0074-138x300.webp 138w, https:\/\/www.aphyllanthe.fr\/association\/wp-content\/uploads\/2022\/06\/IMG-20220504-WA0074-707x1536.webp 707w, https:\/\/www.aphyllanthe.fr\/association\/wp-content\/uploads\/2022\/06\/IMG-20220504-WA0074.webp 736w\" sizes=\"auto, (max-width: 471px) 100vw, 471px\" \/><\/a><figcaption><strong>&#8230; \u00e0 moyenne hauteur<\/strong><\/figcaption><\/figure>\n<\/figure>\n\n\n\n<p>Lou, notre petite solitaire, a avou\u00e9 qu\u2019elle aimait l\u2019accrobranche et a r\u00e9p\u00e9t\u00e9 ses parcours jusqu\u2019\u00e0 les apprivoiser, et les jumeaux Rapha\u00ebl et Marcel se sont comport\u00e9s comme des grands (sous l\u2019\u0153il vigilant de leur papi Doudou).<\/p>\n\n\n\n<figure class=\"wp-block-gallery has-nested-images columns-default is-cropped wp-block-gallery-5 is-layout-flex wp-block-gallery-is-layout-flex\">\n<figure class=\"wp-block-image size-large\"><a href=\"https:\/\/www.aphyllanthe.fr\/association\/wp-content\/uploads\/2022\/06\/IMG-20220504-WA0151.webp\"><img loading=\"lazy\" decoding=\"async\" width=\"471\" height=\"1024\" data-id=\"16660\" src=\"https:\/\/www.aphyllanthe.fr\/association\/wp-content\/uploads\/2022\/06\/IMG-20220504-WA0151-471x1024.webp\" alt=\"\" class=\"wp-image-16660\" srcset=\"https:\/\/www.aphyllanthe.fr\/association\/wp-content\/uploads\/2022\/06\/IMG-20220504-WA0151-471x1024.webp 471w, https:\/\/www.aphyllanthe.fr\/association\/wp-content\/uploads\/2022\/06\/IMG-20220504-WA0151-138x300.webp 138w, https:\/\/www.aphyllanthe.fr\/association\/wp-content\/uploads\/2022\/06\/IMG-20220504-WA0151-707x1536.webp 707w, https:\/\/www.aphyllanthe.fr\/association\/wp-content\/uploads\/2022\/06\/IMG-20220504-WA0151.webp 736w\" sizes=\"auto, (max-width: 471px) 100vw, 471px\" \/><\/a><figcaption><strong>Les parcours&#8230;<\/strong><\/figcaption><\/figure>\n\n\n\n<figure class=\"wp-block-image size-large\"><a href=\"https:\/\/www.aphyllanthe.fr\/association\/wp-content\/uploads\/2022\/06\/IMG-20220504-WA0092-1.webp\"><img loading=\"lazy\" decoding=\"async\" width=\"1024\" height=\"471\" data-id=\"16651\" src=\"https:\/\/www.aphyllanthe.fr\/association\/wp-content\/uploads\/2022\/06\/IMG-20220504-WA0092-1-1024x471.webp\" alt=\"\" class=\"wp-image-16651\" srcset=\"https:\/\/www.aphyllanthe.fr\/association\/wp-content\/uploads\/2022\/06\/IMG-20220504-WA0092-1-1024x471.webp 1024w, https:\/\/www.aphyllanthe.fr\/association\/wp-content\/uploads\/2022\/06\/IMG-20220504-WA0092-1-300x138.webp 300w, https:\/\/www.aphyllanthe.fr\/association\/wp-content\/uploads\/2022\/06\/IMG-20220504-WA0092-1-768x353.webp 768w, https:\/\/www.aphyllanthe.fr\/association\/wp-content\/uploads\/2022\/06\/IMG-20220504-WA0092-1-1536x707.webp 1536w, https:\/\/www.aphyllanthe.fr\/association\/wp-content\/uploads\/2022\/06\/IMG-20220504-WA0092-1-1320x607.webp 1320w, https:\/\/www.aphyllanthe.fr\/association\/wp-content\/uploads\/2022\/06\/IMG-20220504-WA0092-1.webp 1600w\" sizes=\"auto, (max-width: 1024px) 100vw, 1024px\" \/><\/a><figcaption><strong>&#8230; plus pr\u00e8s&#8230;<\/strong><\/figcaption><\/figure>\n\n\n\n<figure class=\"wp-block-image size-large\"><a href=\"https:\/\/www.aphyllanthe.fr\/association\/wp-content\/uploads\/2022\/06\/IMG-20220504-WA0109-1.webp\"><img loading=\"lazy\" decoding=\"async\" width=\"1024\" height=\"471\" data-id=\"16652\" src=\"https:\/\/www.aphyllanthe.fr\/association\/wp-content\/uploads\/2022\/06\/IMG-20220504-WA0109-1-1024x471.webp\" alt=\"\" class=\"wp-image-16652\" srcset=\"https:\/\/www.aphyllanthe.fr\/association\/wp-content\/uploads\/2022\/06\/IMG-20220504-WA0109-1-1024x471.webp 1024w, https:\/\/www.aphyllanthe.fr\/association\/wp-content\/uploads\/2022\/06\/IMG-20220504-WA0109-1-300x138.webp 300w, https:\/\/www.aphyllanthe.fr\/association\/wp-content\/uploads\/2022\/06\/IMG-20220504-WA0109-1-768x353.webp 768w, https:\/\/www.aphyllanthe.fr\/association\/wp-content\/uploads\/2022\/06\/IMG-20220504-WA0109-1-1536x707.webp 1536w, https:\/\/www.aphyllanthe.fr\/association\/wp-content\/uploads\/2022\/06\/IMG-20220504-WA0109-1-1320x607.webp 1320w, https:\/\/www.aphyllanthe.fr\/association\/wp-content\/uploads\/2022\/06\/IMG-20220504-WA0109-1.webp 1600w\" sizes=\"auto, (max-width: 1024px) 100vw, 1024px\" \/><\/a><figcaption>&#8230;<strong>du sol<\/strong><\/figcaption><\/figure>\n<\/figure>\n\n\n\n<p><br \/>Pendant que Jean-Pierre et Mathieu accompagnaient Diego, qui s\u2019est bien amus\u00e9 et a r\u00e9ussi ses parcours, Claire tricotait \u00e0 l\u2019ombre des magnifiques arbres qu&rsquo;offrait la for\u00eat. Marcel (5 ans) lui a demand\u00e9 ce qu\u2019elle faisait, Claire a r\u00e9pondu \u00ab&nbsp;je tricote un pull pour moi&nbsp;\u00bb et lui de r\u00e9pondre du tac au tac : \u00ab&nbsp;oh l\u00e0 l\u00e0, t\u2019es pas pr\u00eate de finir&nbsp;!\u00bb. Joli mot d\u2019enfant.<\/p>\n\n\n<div class=\"wp-block-image\">\n<figure class=\"aligncenter size-large is-resized\"><a href=\"https:\/\/www.aphyllanthe.fr\/association\/wp-content\/uploads\/2022\/06\/IMG-20220504-WA0160.webp\"><img loading=\"lazy\" decoding=\"async\" src=\"https:\/\/www.aphyllanthe.fr\/association\/wp-content\/uploads\/2022\/06\/IMG-20220504-WA0160-1024x510.webp\" alt=\"\" class=\"wp-image-16635\" width=\"614\" height=\"305\" srcset=\"https:\/\/www.aphyllanthe.fr\/association\/wp-content\/uploads\/2022\/06\/IMG-20220504-WA0160-1024x510.webp 1024w, https:\/\/www.aphyllanthe.fr\/association\/wp-content\/uploads\/2022\/06\/IMG-20220504-WA0160-300x149.webp 300w, https:\/\/www.aphyllanthe.fr\/association\/wp-content\/uploads\/2022\/06\/IMG-20220504-WA0160-768x383.webp 768w, https:\/\/www.aphyllanthe.fr\/association\/wp-content\/uploads\/2022\/06\/IMG-20220504-WA0160.webp 1086w\" sizes=\"auto, (max-width: 614px) 100vw, 614px\" \/><\/a><figcaption>Le tricot de Claire&#8230; et le petit Marcel<\/figcaption><\/figure>\n<\/div>\n\n\n<p><br \/>Apr\u00e8s poursuite des parcours dans l\u2019apr\u00e8s-midi, l\u2019heure du go\u00fbter a mis fin aux activit\u00e9s et nous nous sommes s\u00e9par\u00e9s avec de beaux souvenirs plein la t\u00eate et de quoi raconter.<\/p>\n\n\n\n<figure class=\"wp-block-gallery has-nested-images columns-default is-cropped wp-block-gallery-6 is-layout-flex wp-block-gallery-is-layout-flex\">\n<figure class=\"wp-block-image size-large\"><a href=\"https:\/\/www.aphyllanthe.fr\/association\/wp-content\/uploads\/2022\/06\/IMG-20220504-WA0026-1.webp\"><img loading=\"lazy\" decoding=\"async\" width=\"471\" height=\"1024\" data-id=\"16662\" src=\"https:\/\/www.aphyllanthe.fr\/association\/wp-content\/uploads\/2022\/06\/IMG-20220504-WA0026-1-471x1024.webp\" alt=\"\" class=\"wp-image-16662\" srcset=\"https:\/\/www.aphyllanthe.fr\/association\/wp-content\/uploads\/2022\/06\/IMG-20220504-WA0026-1-471x1024.webp 471w, https:\/\/www.aphyllanthe.fr\/association\/wp-content\/uploads\/2022\/06\/IMG-20220504-WA0026-1-138x300.webp 138w, https:\/\/www.aphyllanthe.fr\/association\/wp-content\/uploads\/2022\/06\/IMG-20220504-WA0026-1-707x1536.webp 707w, https:\/\/www.aphyllanthe.fr\/association\/wp-content\/uploads\/2022\/06\/IMG-20220504-WA0026-1.webp 736w\" sizes=\"auto, (max-width: 471px) 100vw, 471px\" \/><\/a><figcaption><strong>Fourbus&#8230;<\/strong><\/figcaption><\/figure>\n\n\n\n<figure class=\"wp-block-image size-large\"><a href=\"https:\/\/www.aphyllanthe.fr\/association\/wp-content\/uploads\/2022\/06\/IMG-20220504-WA0045-1.webp\"><img loading=\"lazy\" decoding=\"async\" width=\"471\" height=\"1024\" data-id=\"16661\" src=\"https:\/\/www.aphyllanthe.fr\/association\/wp-content\/uploads\/2022\/06\/IMG-20220504-WA0045-1-471x1024.webp\" alt=\"\" class=\"wp-image-16661\" srcset=\"https:\/\/www.aphyllanthe.fr\/association\/wp-content\/uploads\/2022\/06\/IMG-20220504-WA0045-1-471x1024.webp 471w, https:\/\/www.aphyllanthe.fr\/association\/wp-content\/uploads\/2022\/06\/IMG-20220504-WA0045-1-138x300.webp 138w, https:\/\/www.aphyllanthe.fr\/association\/wp-content\/uploads\/2022\/06\/IMG-20220504-WA0045-1-707x1536.webp 707w, https:\/\/www.aphyllanthe.fr\/association\/wp-content\/uploads\/2022\/06\/IMG-20220504-WA0045-1.webp 736w\" sizes=\"auto, (max-width: 471px) 100vw, 471px\" \/><\/a><figcaption><strong>&#8230; mais heureux<\/strong>&#8230;<\/figcaption><\/figure>\n\n\n\n<figure class=\"wp-block-image size-large\"><a href=\"https:\/\/www.aphyllanthe.fr\/association\/wp-content\/uploads\/2022\/06\/IMG-20220504-WA0168.webp\"><img loading=\"lazy\" decoding=\"async\" width=\"1024\" height=\"471\" data-id=\"16663\" src=\"https:\/\/www.aphyllanthe.fr\/association\/wp-content\/uploads\/2022\/06\/IMG-20220504-WA0168-1024x471.webp\" alt=\"\" class=\"wp-image-16663\" srcset=\"https:\/\/www.aphyllanthe.fr\/association\/wp-content\/uploads\/2022\/06\/IMG-20220504-WA0168-1024x471.webp 1024w, https:\/\/www.aphyllanthe.fr\/association\/wp-content\/uploads\/2022\/06\/IMG-20220504-WA0168-300x138.webp 300w, https:\/\/www.aphyllanthe.fr\/association\/wp-content\/uploads\/2022\/06\/IMG-20220504-WA0168-768x353.webp 768w, https:\/\/www.aphyllanthe.fr\/association\/wp-content\/uploads\/2022\/06\/IMG-20220504-WA0168-1536x707.webp 1536w, https:\/\/www.aphyllanthe.fr\/association\/wp-content\/uploads\/2022\/06\/IMG-20220504-WA0168-1320x607.webp 1320w, https:\/\/www.aphyllanthe.fr\/association\/wp-content\/uploads\/2022\/06\/IMG-20220504-WA0168.webp 1600w\" sizes=\"auto, (max-width: 1024px) 100vw, 1024px\" \/><\/a><figcaption><strong>&#8230; tr\u00e8s heureux m\u00eame !<\/strong><\/figcaption><\/figure>\n<\/figure>\n\n\n\n<p><br \/>Merci \u00e0 l\u2019Aphyllante de la part de nous tous pour cette tr\u00e8s belle journ\u00e9e de coh\u00e9sion, de rires, de sport, de bons moments.<\/p>\n","protected":false},"excerpt":{"rendered":"<p>Voici le compte rendu que nous a fait Dorina, une toute nouvelle adh\u00e9rente, \u00e0 qui visiblement la sortie a bien plu : Ce mercredi 4 mai, sous un temps magnifique, petits et grands se sont retrouv\u00e9s au parc Air de Nature \u00e0 St. Quentin la Poterie : magnifique parc avec bar, tables de pique-nique, canap\u00e9s, &hellip; <a href=\"https:\/\/www.aphyllanthe.fr\/association\/retour-sur-la-sortie-accrobranche-de-mai\/\" class=\"more-link\">Continuer la lecture de <span class=\"screen-reader-text\">Retour sur la sortie accrobranche de mai<\/span>  <span class=\"meta-nav\">&rarr;<\/span><\/a><\/p>\n","protected":false},"author":10,"featured_media":16633,"comment_status":"closed","ping_status":"closed","sticky":false,"template":"","format":"standard","meta":{"footnotes":""},"categories":[117,3],"tags":[],"class_list":["post-16623","post","type-post","status-publish","format-standard","has-post-thumbnail","hentry","category-familles-et-enfants","category-reportage"],"_links":{"self":[{"href":"https:\/\/www.aphyllanthe.fr\/association\/wp-json\/wp\/v2\/posts\/16623","targetHints":{"allow":["GET"]}}],"collection":[{"href":"https:\/\/www.aphyllanthe.fr\/association\/wp-json\/wp\/v2\/posts"}],"about":[{"href":"https:\/\/www.aphyllanthe.fr\/association\/wp-json\/wp\/v2\/types\/post"}],"author":[{"embeddable":true,"href":"https:\/\/www.aphyllanthe.fr\/association\/wp-json\/wp\/v2\/users\/10"}],"replies":[{"embeddable":true,"href":"https:\/\/www.aphyllanthe.fr\/association\/wp-json\/wp\/v2\/comments?post=16623"}],"version-history":[{"count":16,"href":"https:\/\/www.aphyllanthe.fr\/association\/wp-json\/wp\/v2\/posts\/16623\/revisions"}],"predecessor-version":[{"id":16695,"href":"https:\/\/www.aphyllanthe.fr\/association\/wp-json\/wp\/v2\/posts\/16623\/revisions\/16695"}],"wp:featuredmedia":[{"embeddable":true,"href":"https:\/\/www.aphyllanthe.fr\/association\/wp-json\/wp\/v2\/media\/16633"}],"wp:attachment":[{"href":"https:\/\/www.aphyllanthe.fr\/association\/wp-json\/wp\/v2\/media?parent=16623"}],"wp:term":[{"taxonomy":"category","embeddable":true,"href":"https:\/\/www.aphyllanthe.fr\/association\/wp-json\/wp\/v2\/categories?post=16623"},{"taxonomy":"post_tag","embeddable":true,"href":"https:\/\/www.aphyllanthe.fr\/association\/wp-json\/wp\/v2\/tags?post=16623"}],"curies":[{"name":"wp","href":"https:\/\/api.w.org\/{rel}","templated":true}]}}